{"id":9796,"date":"2021-01-27T23:12:06","date_gmt":"2021-01-27T21:12:06","guid":{"rendered":"http:\/\/www.trabajodeprocesos.net\/?p=9796"},"modified":"2026-01-13T10:19:17","modified_gmt":"2026-01-13T08:19:17","slug":"el-1-de-febrero-retomamos-el-servicio-telefonico-de-apoyo-emocional-gratuito","status":"publish","type":"post","link":"https:\/\/www.trabajodeprocesos.net\/es\/el-1-de-febrero-retomamos-el-servicio-telefonico-de-apoyo-emocional-gratuito\/","title":{"rendered":"EL 1 DE FEBRERO RETOMAMOS EL SERVICIO TELEF\u00d3NICO DE APOYO EMOCIONAL GRATUITO"},"content":{"rendered":"\n<p>A partir del 1 de febrero volvemos a tener disponible el servicio gratuito de apoyo emocional para personas afectadas por la Covid-19 a trav\u00e9s de un tel\u00e9fono. Este servicio, que arranc\u00f3 en abril de 2020,\u00a0tiene por objetivo sumar nuestro conocimiento y nuestra experiencia a las iniciativas de apoyo que ya se est\u00e1n ofreciendo. Y lo hacemos porque es un derecho y un deber humano apoyarnos en momentos tan trascendentes como el actual, y porque nos sentimos con la fuerza y \u200b\u200bla ternura para ofrecer este acompa\u00f1amiento.<\/p>\n\n\n\n<p>Como novedad, destacar que ampliamos el servicio a personas que se han visto afectadas econ\u00f3micamente por la crisis. Tambi\u00e9n hay cambios en los horarios de atenci\u00f3n.<\/p>\n\n\n\n<p>En colaboraci\u00f3n con <a href=\"https:\/\/filalagulla.org\/es\/\">Fil a l&#8217;agulla <\/a>y la\u00a0<a href=\"https:\/\/es.laxixateatre.org\/\">La Xixa<\/a>\u00a0 ofrecemos apoyo telef\u00f3nico a:<\/p>\n\n\n\n<ul class=\"wp-block-list\"><li>Personas que han perdido seres queridos debidos a la pandemia<\/li><li>Personas que est\u00e1n o han estado enfermas de Covid-19 y sus familias<\/li><li>Personal sanitario y asistencial de hospitales y residencias de ancianos<\/li><li>Personas afectadas por la crisis econ\u00f3mica derivada de la Covid-19<\/li><\/ul>\n\n\n\n<p>Horario de atenci\u00f3n: lunes y martes de 10 a 13 h y de 17 a 20 h, y los mi\u00e9rcoles de 17 a 20 h.<\/p>\n\n\n\n<p>La atenci\u00f3n podr\u00e1 darse en catal\u00e1n o en castellano.<\/p>\n\n\n\n<p>Tel\u00e9fono: 625 748 734<\/p>\n\n\n\n<h2 class=\"wp-block-heading\"><\/h2>\n","protected":false},"excerpt":{"rendered":"<p>A partir del 1 de febrero volvemos a tener disponible el servicio gratuito de apoyo emocional para personas afectadas por la Covid-19 a trav\u00e9s de un tel\u00e9fono. Este servicio, que arranc\u00f3 en abril de 2020,\u00a0tiene por objetivo sumar nuestro conocimiento y nuestra experiencia a las iniciativas de apoyo que ya se est\u00e1n ofreciendo. Y lo [&hellip;]<\/p>\n","protected":false},"author":6,"featured_media":9805,"comment_status":"closed","ping_status":"closed","sticky":false,"template":"","format":"standard","meta":{"footnotes":""},"categories":[29,36],"tags":[],"class_list":["post-9796","post","type-post","status-publish","format-standard","has-post-thumbnail","hentry","category-blog","category-noticias"],"yoast_head":"<!-- This site is optimized with the Yoast SEO plugin v15.4 - https:\/\/yoast.com\/wordpress\/plugins\/seo\/ -->\n<title>EL 1 DE FEBRERO RETOMAMOS EL SERVICIO TELEF\u00d3NICO DE APOYO EMOCIONAL GRATUITO - Trabajo de Procesos<\/title>\n<meta name=\"robots\" content=\"index, follow, max-snippet:-1, max-image-preview:large, max-video-preview:-1\" \/>\n<link rel=\"canonical\" href=\"https:\/\/www.trabajodeprocesos.net\/es\/el-1-de-febrero-retomamos-el-servicio-telefonico-de-apoyo-emocional-gratuito\/\" \/>\n<meta property=\"og:locale\" content=\"es_ES\" \/>\n<meta property=\"og:type\" content=\"article\" \/>\n<meta property=\"og:title\" content=\"EL 1 DE FEBRERO RETOMAMOS EL SERVICIO TELEF\u00d3NICO DE APOYO EMOCIONAL GRATUITO - Trabajo de Procesos\" \/>\n<meta property=\"og:description\" content=\"A partir del 1 de febrero volvemos a tener disponible el servicio gratuito de apoyo emocional para personas afectadas por la Covid-19 a trav\u00e9s de un tel\u00e9fono. Este servicio, que arranc\u00f3 en abril de 2020,\u00a0tiene por objetivo sumar nuestro conocimiento y nuestra experiencia a las iniciativas de apoyo que ya se est\u00e1n ofreciendo. Y lo [&hellip;]\" \/>\n<meta property=\"og:url\" content=\"https:\/\/www.trabajodeprocesos.net\/es\/el-1-de-febrero-retomamos-el-servicio-telefonico-de-apoyo-emocional-gratuito\/\" \/>\n<meta property=\"og:site_name\" content=\"Trabajo de Procesos\" \/>\n<meta property=\"article:published_time\" content=\"2021-01-27T21:12:06+00:00\" \/>\n<meta property=\"article:modified_time\" content=\"2026-01-13T08:19:17+00:00\" \/>\n<meta property=\"og:image\" content=\"https:\/\/www.trabajodeprocesos.net\/wp-content\/uploads\/2021\/01\/cartell111-e1611781731869.jpg\" \/>\n\t<meta property=\"og:image:width\" content=\"900\" \/>\n\t<meta property=\"og:image:height\" content=\"741\" \/>\n<meta name=\"twitter:card\" content=\"summary_large_image\" \/>\n<meta name=\"twitter:label1\" content=\"Escrito por\">\n\t<meta name=\"twitter:data1\" content=\"Admin\">\n\t<meta name=\"twitter:label2\" content=\"Tiempo de lectura\">\n\t<meta name=\"twitter:data2\" content=\"1 minuto\">\n<script type=\"application\/ld+json\" class=\"yoast-schema-graph\">{\"@context\":\"https:\/\/schema.org\",\"@graph\":[{\"@type\":\"WebSite\",\"@id\":\"https:\/\/www.trabajodeprocesos.net\/es\/#website\",\"url\":\"https:\/\/www.trabajodeprocesos.net\/es\/\",\"name\":\"Trabajo de Procesos\",\"description\":\"\",\"potentialAction\":[{\"@type\":\"SearchAction\",\"target\":\"https:\/\/www.trabajodeprocesos.net\/es\/?s={search_term_string}\",\"query-input\":\"required name=search_term_string\"}],\"inLanguage\":\"es\"},{\"@type\":\"ImageObject\",\"@id\":\"https:\/\/www.trabajodeprocesos.net\/es\/el-1-de-febrero-retomamos-el-servicio-telefonico-de-apoyo-emocional-gratuito\/#primaryimage\",\"inLanguage\":\"es\",\"url\":\"https:\/\/www.trabajodeprocesos.net\/wp-content\/uploads\/2021\/01\/cartell111-e1611781731869.jpg\",\"width\":900,\"height\":741},{\"@type\":\"WebPage\",\"@id\":\"https:\/\/www.trabajodeprocesos.net\/es\/el-1-de-febrero-retomamos-el-servicio-telefonico-de-apoyo-emocional-gratuito\/#webpage\",\"url\":\"https:\/\/www.trabajodeprocesos.net\/es\/el-1-de-febrero-retomamos-el-servicio-telefonico-de-apoyo-emocional-gratuito\/\",\"name\":\"EL 1 DE FEBRERO RETOMAMOS EL SERVICIO TELEF\\u00d3NICO DE APOYO EMOCIONAL GRATUITO - Trabajo de Procesos\",\"isPartOf\":{\"@id\":\"https:\/\/www.trabajodeprocesos.net\/es\/#website\"},\"primaryImageOfPage\":{\"@id\":\"https:\/\/www.trabajodeprocesos.net\/es\/el-1-de-febrero-retomamos-el-servicio-telefonico-de-apoyo-emocional-gratuito\/#primaryimage\"},\"datePublished\":\"2021-01-27T21:12:06+00:00\",\"dateModified\":\"2026-01-13T08:19:17+00:00\",\"author\":{\"@id\":\"https:\/\/www.trabajodeprocesos.net\/es\/#\/schema\/person\/f94150c60776078d5e5dff2343cf5d3c\"},\"inLanguage\":\"es\",\"potentialAction\":[{\"@type\":\"ReadAction\",\"target\":[\"https:\/\/www.trabajodeprocesos.net\/es\/el-1-de-febrero-retomamos-el-servicio-telefonico-de-apoyo-emocional-gratuito\/\"]}]},{\"@type\":\"Person\",\"@id\":\"https:\/\/www.trabajodeprocesos.net\/es\/#\/schema\/person\/f94150c60776078d5e5dff2343cf5d3c\",\"name\":\"Admin\",\"image\":{\"@type\":\"ImageObject\",\"@id\":\"https:\/\/www.trabajodeprocesos.net\/es\/#personlogo\",\"inLanguage\":\"es\",\"url\":\"https:\/\/secure.gravatar.com\/avatar\/f1444f2c291341a5e91ff3d721bde7263603974dd051d1bc9f64e3a3ba862485?s=96&d=mm&r=g\",\"caption\":\"Admin\"}}]}<\/script>\n<!-- \/ Yoast SEO plugin. -->","_links":{"self":[{"href":"https:\/\/www.trabajodeprocesos.net\/es\/wp-json\/wp\/v2\/posts\/9796","targetHints":{"allow":["GET"]}}],"collection":[{"href":"https:\/\/www.trabajodeprocesos.net\/es\/wp-json\/wp\/v2\/posts"}],"about":[{"href":"https:\/\/www.trabajodeprocesos.net\/es\/wp-json\/wp\/v2\/types\/post"}],"author":[{"embeddable":true,"href":"https:\/\/www.trabajodeprocesos.net\/es\/wp-json\/wp\/v2\/users\/6"}],"replies":[{"embeddable":true,"href":"https:\/\/www.trabajodeprocesos.net\/es\/wp-json\/wp\/v2\/comments?post=9796"}],"version-history":[{"count":2,"href":"https:\/\/www.trabajodeprocesos.net\/es\/wp-json\/wp\/v2\/posts\/9796\/revisions"}],"predecessor-version":[{"id":9804,"href":"https:\/\/www.trabajodeprocesos.net\/es\/wp-json\/wp\/v2\/posts\/9796\/revisions\/9804"}],"wp:featuredmedia":[{"embeddable":true,"href":"https:\/\/www.trabajodeprocesos.net\/es\/wp-json\/wp\/v2\/media\/9805"}],"wp:attachment":[{"href":"https:\/\/www.trabajodeprocesos.net\/es\/wp-json\/wp\/v2\/media?parent=9796"}],"wp:term":[{"taxonomy":"category","embeddable":true,"href":"https:\/\/www.trabajodeprocesos.net\/es\/wp-json\/wp\/v2\/categories?post=9796"},{"taxonomy":"post_tag","embeddable":true,"href":"https:\/\/www.trabajodeprocesos.net\/es\/wp-json\/wp\/v2\/tags?post=9796"}],"curies":[{"name":"wp","href":"https:\/\/api.w.org\/{rel}","templated":true}]}}