{"id":6867,"date":"2020-07-06T16:20:08","date_gmt":"2020-07-06T14:20:08","guid":{"rendered":"http:\/\/www.trabajodeprocesos.net\/?p=6867"},"modified":"2026-01-13T10:19:18","modified_gmt":"2026-01-13T08:19:18","slug":"black-lives-matter","status":"publish","type":"post","link":"https:\/\/www.trabajodeprocesos.net\/es\/black-lives-matter\/","title":{"rendered":"Black Lives Matter"},"content":{"rendered":"\n<p>En la Escuela del Instituto de Trabajo de Procesos nos solidarizamos con Black Lives Matter y reconocemos que el racismo es una din\u00e1mica altamente corrosiva y cr\u00f3nica en nuestras sociedades.<\/p>\n\n\n\n<p>El profundo dolor, la rabia y la tragedia del asesinato de tantas personas no es nuevo y comprendemos la influencia del abuso de poder estructural e implacable a trav\u00e9s de la historia colonial europea que contin\u00faa informando la experiencia diaria de muchas comunidades aqu\u00ed y en todo el mundo.<\/p>\n\n\n\n<p>Seguiremos trabajando activamente para desmantelar el racismo estructural y crear conciencia sobre el racismo cuando aparece en las interacciones de las relaciones y en la vida interior de las personas a trav\u00e9s de la opresi\u00f3n internalizada. Seguiremos (procurando) abordar el racismo estructural, informarnos y educarnos y procesar el sesgo inconsciente, el privilegio, la opresi\u00f3n y la opresi\u00f3n internalizada en el contexto de la justicia social y el amor, en toda nuestra facilitaci\u00f3n con las personas y las comunidades.<\/p>\n","protected":false},"excerpt":{"rendered":"<p>En la Escuela del Instituto de Trabajo de Procesos nos solidarizamos con Black Lives Matter y reconocemos que el racismo es una din\u00e1mica altamente corrosiva y cr\u00f3nica en nuestras sociedades. El profundo dolor, la rabia y la tragedia del asesinato de tantas personas no es nuevo y comprendemos la influencia del abuso de poder estructural [&hellip;]<\/p>\n","protected":false},"author":6,"featured_media":6868,"comment_status":"closed","ping_status":"closed","sticky":false,"template":"","format":"standard","meta":{"footnotes":""},"categories":[1],"tags":[],"class_list":["post-6867","post","type-post","status-publish","format-standard","has-post-thumbnail","hentry","category-general"],"yoast_head":"<!-- This site is optimized with the Yoast SEO plugin v15.4 - https:\/\/yoast.com\/wordpress\/plugins\/seo\/ -->\n<title>Black Lives Matter - Trabajo de Procesos<\/title>\n<meta name=\"robots\" content=\"index, follow, max-snippet:-1, max-image-preview:large, max-video-preview:-1\" \/>\n<link rel=\"canonical\" href=\"https:\/\/www.trabajodeprocesos.net\/es\/black-lives-matter\/\" \/>\n<meta property=\"og:locale\" content=\"es_ES\" \/>\n<meta property=\"og:type\" content=\"article\" \/>\n<meta property=\"og:title\" content=\"Black Lives Matter - Trabajo de Procesos\" \/>\n<meta property=\"og:description\" content=\"En la Escuela del Instituto de Trabajo de Procesos nos solidarizamos con Black Lives Matter y reconocemos que el racismo es una din\u00e1mica altamente corrosiva y cr\u00f3nica en nuestras sociedades. El profundo dolor, la rabia y la tragedia del asesinato de tantas personas no es nuevo y comprendemos la influencia del abuso de poder estructural [&hellip;]\" \/>\n<meta property=\"og:url\" content=\"https:\/\/www.trabajodeprocesos.net\/es\/black-lives-matter\/\" \/>\n<meta property=\"og:site_name\" content=\"Trabajo de Procesos\" \/>\n<meta property=\"article:published_time\" content=\"2020-07-06T14:20:08+00:00\" \/>\n<meta property=\"article:modified_time\" content=\"2026-01-13T08:19:18+00:00\" \/>\n<meta property=\"og:image\" content=\"https:\/\/www.trabajodeprocesos.net\/wp-content\/uploads\/2020\/07\/maria-oswalt-pyPm6ofHI6I-unsplash-e1592318503908-1.jpg\" \/>\n\t<meta property=\"og:image:width\" content=\"900\" \/>\n\t<meta property=\"og:image:height\" content=\"636\" \/>\n<meta name=\"twitter:card\" content=\"summary_large_image\" \/>\n<meta name=\"twitter:label1\" content=\"Escrito por\">\n\t<meta name=\"twitter:data1\" content=\"Admin\">\n\t<meta name=\"twitter:label2\" content=\"Tiempo de lectura\">\n\t<meta name=\"twitter:data2\" content=\"1 minuto\">\n<script type=\"application\/ld+json\" class=\"yoast-schema-graph\">{\"@context\":\"https:\/\/schema.org\",\"@graph\":[{\"@type\":\"WebSite\",\"@id\":\"https:\/\/www.trabajodeprocesos.net\/es\/#website\",\"url\":\"https:\/\/www.trabajodeprocesos.net\/es\/\",\"name\":\"Trabajo de Procesos\",\"description\":\"\",\"potentialAction\":[{\"@type\":\"SearchAction\",\"target\":\"https:\/\/www.trabajodeprocesos.net\/es\/?s={search_term_string}\",\"query-input\":\"required name=search_term_string\"}],\"inLanguage\":\"es\"},{\"@type\":\"ImageObject\",\"@id\":\"https:\/\/www.trabajodeprocesos.net\/es\/black-lives-matter\/#primaryimage\",\"inLanguage\":\"es\",\"url\":\"https:\/\/www.trabajodeprocesos.net\/wp-content\/uploads\/2020\/07\/maria-oswalt-pyPm6ofHI6I-unsplash-e1592318503908-1.jpg\",\"width\":900,\"height\":636},{\"@type\":\"WebPage\",\"@id\":\"https:\/\/www.trabajodeprocesos.net\/es\/black-lives-matter\/#webpage\",\"url\":\"https:\/\/www.trabajodeprocesos.net\/es\/black-lives-matter\/\",\"name\":\"Black Lives Matter - Trabajo de Procesos\",\"isPartOf\":{\"@id\":\"https:\/\/www.trabajodeprocesos.net\/es\/#website\"},\"primaryImageOfPage\":{\"@id\":\"https:\/\/www.trabajodeprocesos.net\/es\/black-lives-matter\/#primaryimage\"},\"datePublished\":\"2020-07-06T14:20:08+00:00\",\"dateModified\":\"2026-01-13T08:19:18+00:00\",\"author\":{\"@id\":\"https:\/\/www.trabajodeprocesos.net\/es\/#\/schema\/person\/f94150c60776078d5e5dff2343cf5d3c\"},\"inLanguage\":\"es\",\"potentialAction\":[{\"@type\":\"ReadAction\",\"target\":[\"https:\/\/www.trabajodeprocesos.net\/es\/black-lives-matter\/\"]}]},{\"@type\":\"Person\",\"@id\":\"https:\/\/www.trabajodeprocesos.net\/es\/#\/schema\/person\/f94150c60776078d5e5dff2343cf5d3c\",\"name\":\"Admin\",\"image\":{\"@type\":\"ImageObject\",\"@id\":\"https:\/\/www.trabajodeprocesos.net\/es\/#personlogo\",\"inLanguage\":\"es\",\"url\":\"https:\/\/secure.gravatar.com\/avatar\/f1444f2c291341a5e91ff3d721bde7263603974dd051d1bc9f64e3a3ba862485?s=96&d=mm&r=g\",\"caption\":\"Admin\"}}]}<\/script>\n<!-- \/ Yoast SEO plugin. -->","_links":{"self":[{"href":"https:\/\/www.trabajodeprocesos.net\/es\/wp-json\/wp\/v2\/posts\/6867","targetHints":{"allow":["GET"]}}],"collection":[{"href":"https:\/\/www.trabajodeprocesos.net\/es\/wp-json\/wp\/v2\/posts"}],"about":[{"href":"https:\/\/www.trabajodeprocesos.net\/es\/wp-json\/wp\/v2\/types\/post"}],"author":[{"embeddable":true,"href":"https:\/\/www.trabajodeprocesos.net\/es\/wp-json\/wp\/v2\/users\/6"}],"replies":[{"embeddable":true,"href":"https:\/\/www.trabajodeprocesos.net\/es\/wp-json\/wp\/v2\/comments?post=6867"}],"version-history":[{"count":1,"href":"https:\/\/www.trabajodeprocesos.net\/es\/wp-json\/wp\/v2\/posts\/6867\/revisions"}],"predecessor-version":[{"id":6871,"href":"https:\/\/www.trabajodeprocesos.net\/es\/wp-json\/wp\/v2\/posts\/6867\/revisions\/6871"}],"wp:featuredmedia":[{"embeddable":true,"href":"https:\/\/www.trabajodeprocesos.net\/es\/wp-json\/wp\/v2\/media\/6868"}],"wp:attachment":[{"href":"https:\/\/www.trabajodeprocesos.net\/es\/wp-json\/wp\/v2\/media?parent=6867"}],"wp:term":[{"taxonomy":"category","embeddable":true,"href":"https:\/\/www.trabajodeprocesos.net\/es\/wp-json\/wp\/v2\/categories?post=6867"},{"taxonomy":"post_tag","embeddable":true,"href":"https:\/\/www.trabajodeprocesos.net\/es\/wp-json\/wp\/v2\/tags?post=6867"}],"curies":[{"name":"wp","href":"https:\/\/api.w.org\/{rel}","templated":true}]}}