{"id":6838,"date":"2020-07-05T16:14:44","date_gmt":"2020-07-05T14:14:44","guid":{"rendered":"http:\/\/www.trabajodeprocesos.net\/?p=6838"},"modified":"2026-01-13T10:19:33","modified_gmt":"2026-01-13T08:19:33","slug":"nuevo-horario-del-servicio-de-apoyo-telefonico-covid-19","status":"publish","type":"post","link":"https:\/\/www.trabajodeprocesos.net\/es\/nuevo-horario-del-servicio-de-apoyo-telefonico-covid-19\/","title":{"rendered":"Nuevo horario del servicio de apoyo telef\u00f3nico Covid-19"},"content":{"rendered":"<p>La situaci\u00f3n actual de tr\u00e1nsito hacia lo que se ha llamado \u201cnueva normalidad\u201d, sigue llevando asociados momentos de incertidumbre, dificultad y dolor. Es por ello que desde el&nbsp;<strong>Instituto de Trabajo de Procesos, la Xixa Teatre y Fil a l\u2019agulla<\/strong>&nbsp;hemos decidido continuar con el servicio de apoyo emocional gratuito a trav\u00e9s del<strong>&nbsp;tel\u00e9fono 625 748 734,<\/strong>&nbsp;y que ahora tendr\u00e1 un&nbsp;<strong>nuevo horario de atenci\u00f3n: de 10 a 14 h.<\/strong><\/p>\n<p>Queremos continuar ofreciendo nuestros conocimientos y experiencia en el acompa\u00f1amiento para todas aquellas personas que han estado o siguen en primera l\u00ednea de la crisis de la Covid-19, creando un espacio donde compartir y procesar c\u00f3mo est\u00e1n, c\u00f3mo lo han vivido estos meses y c\u00f3mo miran el futuro m\u00e1s inmediato. Sabemos que, a veces, aunque la curva baje, la sensaci\u00f3n de v\u00e9rtigo se queda dentro, quiz\u00e1 porque no tuvieron o no encontraron el tiempo para hablar de ello mientras pasaba o porque les qued\u00f3 dentro miedo, dolor, rabia o inquietud .<\/p>\n<p>Pero, ante todo, este servicio responde a la creencia de que es un derecho y un deber humano darse apoyo en momentos de tanta trascendencia como estos, y porque nos sentimos con la fuerza y \u200b\u200bla ternura para ofrecer este acompa\u00f1amiento.<\/p>\n<p>Personas destinatarias de este servicio:<\/p>\n<ul>\n<li>Personas que han perdido seres queridos debidos a la pandemia.<\/li>\n<li>Personas que est\u00e1n o han estado enfermas de COVID-19 y sus familias.<\/li>\n<li>Personal sanitario y asistencial de hospitales y residencias geri\u00e1tricas.<\/li>\n<\/ul>\n<p><strong>El nuevo horario de atenci\u00f3n telef\u00f3nica es de 10 a 14 h,<\/strong>&nbsp;aunque las sesiones de apoyo se podr\u00e1n acordar en horario de ma\u00f1anas o tardes seg\u00fan el caso. Tambi\u00e9n nos puedes contactar v\u00eda email:&nbsp;<a class=\"gtrackexternal\" href=\"mailto:suport@filalagulla.org\">suport@filalagulla.org<\/a>. El servicio podr\u00e1 ser tanto en catal\u00e1n como en castellano. Durante agosto este servicio quedar\u00e1 suspendido.<\/p>\n<p>&nbsp;<\/p>\n<p>&nbsp;<\/p>\n<p>&nbsp;<\/p>\n","protected":false},"excerpt":{"rendered":"<p>La situaci\u00f3n actual de tr\u00e1nsito hacia lo que se ha llamado \u201cnueva normalidad\u201d, sigue llevando asociados momentos de incertidumbre, dificultad y dolor. Es por ello que desde el&nbsp;Instituto de Trabajo de Procesos, la Xixa Teatre y Fil a l\u2019agulla&nbsp;hemos decidido continuar con el servicio de apoyo emocional gratuito a trav\u00e9s del&nbsp;tel\u00e9fono 625 748 734,&nbsp;y que [&hellip;]<\/p>\n","protected":false},"author":8,"featured_media":6839,"comment_status":"closed","ping_status":"open","sticky":false,"template":"","format":"standard","meta":{"footnotes":""},"categories":[29,36],"tags":[],"class_list":["post-6838","post","type-post","status-publish","format-standard","has-post-thumbnail","hentry","category-blog","category-noticias"],"yoast_head":"<!-- This site is optimized with the Yoast SEO plugin v15.4 - https:\/\/yoast.com\/wordpress\/plugins\/seo\/ -->\n<title>Nuevo horario del servicio de apoyo telef\u00f3nico Covid-19 - Trabajo de Procesos<\/title>\n<meta name=\"robots\" content=\"index, follow, max-snippet:-1, max-image-preview:large, max-video-preview:-1\" \/>\n<link rel=\"canonical\" href=\"https:\/\/www.trabajodeprocesos.net\/es\/nuevo-horario-del-servicio-de-apoyo-telefonico-covid-19\/\" \/>\n<meta property=\"og:locale\" content=\"es_ES\" \/>\n<meta property=\"og:type\" content=\"article\" \/>\n<meta property=\"og:title\" content=\"Nuevo horario del servicio de apoyo telef\u00f3nico Covid-19 - Trabajo de Procesos\" \/>\n<meta property=\"og:description\" content=\"La situaci\u00f3n actual de tr\u00e1nsito hacia lo que se ha llamado \u201cnueva normalidad\u201d, sigue llevando asociados momentos de incertidumbre, dificultad y dolor. Es por ello que desde el&nbsp;Instituto de Trabajo de Procesos, la Xixa Teatre y Fil a l\u2019agulla&nbsp;hemos decidido continuar con el servicio de apoyo emocional gratuito a trav\u00e9s del&nbsp;tel\u00e9fono 625 748 734,&nbsp;y que [&hellip;]\" \/>\n<meta property=\"og:url\" content=\"https:\/\/www.trabajodeprocesos.net\/es\/nuevo-horario-del-servicio-de-apoyo-telefonico-covid-19\/\" \/>\n<meta property=\"og:site_name\" content=\"Trabajo de Procesos\" \/>\n<meta property=\"article:published_time\" content=\"2020-07-05T14:14:44+00:00\" \/>\n<meta property=\"article:modified_time\" content=\"2026-01-13T08:19:33+00:00\" \/>\n<meta property=\"og:image\" content=\"https:\/\/www.trabajodeprocesos.net\/wp-content\/uploads\/2020\/07\/cartel-covid-cast-e1593958438103.jpg\" \/>\n\t<meta property=\"og:image:width\" content=\"900\" \/>\n\t<meta property=\"og:image:height\" content=\"1273\" \/>\n<meta name=\"twitter:card\" content=\"summary_large_image\" \/>\n<meta name=\"twitter:label1\" content=\"Escrito por\">\n\t<meta name=\"twitter:data1\" content=\"N\u00faria Dan\u00e9s\">\n\t<meta name=\"twitter:label2\" content=\"Tiempo de lectura\">\n\t<meta name=\"twitter:data2\" content=\"1 minuto\">\n<script type=\"application\/ld+json\" class=\"yoast-schema-graph\">{\"@context\":\"https:\/\/schema.org\",\"@graph\":[{\"@type\":\"WebSite\",\"@id\":\"https:\/\/www.trabajodeprocesos.net\/es\/#website\",\"url\":\"https:\/\/www.trabajodeprocesos.net\/es\/\",\"name\":\"Trabajo de Procesos\",\"description\":\"\",\"potentialAction\":[{\"@type\":\"SearchAction\",\"target\":\"https:\/\/www.trabajodeprocesos.net\/es\/?s={search_term_string}\",\"query-input\":\"required name=search_term_string\"}],\"inLanguage\":\"es\"},{\"@type\":\"ImageObject\",\"@id\":\"https:\/\/www.trabajodeprocesos.net\/es\/nuevo-horario-del-servicio-de-apoyo-telefonico-covid-19\/#primaryimage\",\"inLanguage\":\"es\",\"url\":\"https:\/\/www.trabajodeprocesos.net\/wp-content\/uploads\/2020\/07\/cartel-covid-cast-e1593958438103.jpg\",\"width\":900,\"height\":1273},{\"@type\":\"WebPage\",\"@id\":\"https:\/\/www.trabajodeprocesos.net\/es\/nuevo-horario-del-servicio-de-apoyo-telefonico-covid-19\/#webpage\",\"url\":\"https:\/\/www.trabajodeprocesos.net\/es\/nuevo-horario-del-servicio-de-apoyo-telefonico-covid-19\/\",\"name\":\"Nuevo horario del servicio de apoyo telef\\u00f3nico Covid-19 - Trabajo de Procesos\",\"isPartOf\":{\"@id\":\"https:\/\/www.trabajodeprocesos.net\/es\/#website\"},\"primaryImageOfPage\":{\"@id\":\"https:\/\/www.trabajodeprocesos.net\/es\/nuevo-horario-del-servicio-de-apoyo-telefonico-covid-19\/#primaryimage\"},\"datePublished\":\"2020-07-05T14:14:44+00:00\",\"dateModified\":\"2026-01-13T08:19:33+00:00\",\"author\":{\"@id\":\"https:\/\/www.trabajodeprocesos.net\/es\/#\/schema\/person\/a06026a7104490118017893a5d8ab28f\"},\"inLanguage\":\"es\",\"potentialAction\":[{\"@type\":\"ReadAction\",\"target\":[\"https:\/\/www.trabajodeprocesos.net\/es\/nuevo-horario-del-servicio-de-apoyo-telefonico-covid-19\/\"]}]},{\"@type\":\"Person\",\"@id\":\"https:\/\/www.trabajodeprocesos.net\/es\/#\/schema\/person\/a06026a7104490118017893a5d8ab28f\",\"name\":\"N\\u00faria Dan\\u00e9s\",\"image\":{\"@type\":\"ImageObject\",\"@id\":\"https:\/\/www.trabajodeprocesos.net\/es\/#personlogo\",\"inLanguage\":\"es\",\"url\":\"https:\/\/secure.gravatar.com\/avatar\/6d64b187fbd8ea590db6176fcd5c6857a119653750f5f52ae8eba7b234833530?s=96&d=mm&r=g\",\"caption\":\"N\\u00faria Dan\\u00e9s\"}}]}<\/script>\n<!-- \/ Yoast SEO plugin. -->","_links":{"self":[{"href":"https:\/\/www.trabajodeprocesos.net\/es\/wp-json\/wp\/v2\/posts\/6838","targetHints":{"allow":["GET"]}}],"collection":[{"href":"https:\/\/www.trabajodeprocesos.net\/es\/wp-json\/wp\/v2\/posts"}],"about":[{"href":"https:\/\/www.trabajodeprocesos.net\/es\/wp-json\/wp\/v2\/types\/post"}],"author":[{"embeddable":true,"href":"https:\/\/www.trabajodeprocesos.net\/es\/wp-json\/wp\/v2\/users\/8"}],"replies":[{"embeddable":true,"href":"https:\/\/www.trabajodeprocesos.net\/es\/wp-json\/wp\/v2\/comments?post=6838"}],"version-history":[{"count":1,"href":"https:\/\/www.trabajodeprocesos.net\/es\/wp-json\/wp\/v2\/posts\/6838\/revisions"}],"predecessor-version":[{"id":6853,"href":"https:\/\/www.trabajodeprocesos.net\/es\/wp-json\/wp\/v2\/posts\/6838\/revisions\/6853"}],"wp:featuredmedia":[{"embeddable":true,"href":"https:\/\/www.trabajodeprocesos.net\/es\/wp-json\/wp\/v2\/media\/6839"}],"wp:attachment":[{"href":"https:\/\/www.trabajodeprocesos.net\/es\/wp-json\/wp\/v2\/media?parent=6838"}],"wp:term":[{"taxonomy":"category","embeddable":true,"href":"https:\/\/www.trabajodeprocesos.net\/es\/wp-json\/wp\/v2\/categories?post=6838"},{"taxonomy":"post_tag","embeddable":true,"href":"https:\/\/www.trabajodeprocesos.net\/es\/wp-json\/wp\/v2\/tags?post=6838"}],"curies":[{"name":"wp","href":"https:\/\/api.w.org\/{rel}","templated":true}]}}