{"id":6804,"date":"2020-06-18T17:18:29","date_gmt":"2020-06-18T15:18:29","guid":{"rendered":"http:\/\/www.trabajodeprocesos.net\/?p=6804"},"modified":"2026-01-13T10:19:33","modified_gmt":"2026-01-13T08:19:33","slug":"miradas-hacia-ti-tus-relaciones-y-el-mundo-que-habitas-laboratorio-de-procesos","status":"publish","type":"post","link":"https:\/\/www.trabajodeprocesos.net\/es\/miradas-hacia-ti-tus-relaciones-y-el-mundo-que-habitas-laboratorio-de-procesos\/","title":{"rendered":"\u00abMiradas hacia ti, tus relaciones y el mundo que habitas\u00bb Laboratorio de Procesos"},"content":{"rendered":"<p>&nbsp;<\/p>\n<p>Desde \u201c<em>Laboratorio de Procesos<\/em>\u201d ofrecemos dos c\u00e1psulas formativas en formato&nbsp;\u201cOnline\u201d para dar un marco te\u00f3rico y de exploraci\u00f3n individual, de tus relaciones y entorno, desde la mirada de Trabajo de Procesos.<\/p>\n<p>Ofrecemos la posibilidad de realizar una \u00fanica c\u00e1psula formativa, pero para participar de la segunda sesi\u00f3n (d\u00eda 9), es importante tener unas nociones sobre Trabajo de Procesos, ya que no se repetir\u00e1n contenidos.<\/p>\n<p>&nbsp;<\/p>\n<p>El Trabajo de Procesos es un paradigma de la psicolog\u00eda humanista que bebe de diferentes ramas y crea una metodolog\u00eda propia de trabajo enfocada en la transformaci\u00f3n y crecimiento individual y colectivo.<\/p>\n<p>Esta metodolog\u00eda se aplica en diferentes \u00e1reas como el trabajo terap\u00e9utico individual, relacional y familiar, la facilitaci\u00f3n de grupos y conflictos, el liderazgo de equipos,&#8230; Con esta propuesta queremos dar unas bases de esta metodolog\u00eda aplicada a nuestras vidas en el \u00e1mbito personal y\/o laboral, una nueva mirada hacia nuestra realidad.<\/p>\n<p>&nbsp;<\/p>\n<p>Dos sesiones de<strong>&nbsp;4 horas <\/strong>cada una<strong> dirigidas a:<\/strong><\/p>\n<ul>\n<li>Toda persona interesada en el Trabajo de Procesos y con inter\u00e9s en explorarse a s\u00ed misma<\/li>\n<li>Profesionales del campo social y personas que faciliten o lideren grupos, personas que realizan acompa\u00f1amientos terap\u00e9uticos o educativos.<\/li>\n<\/ul>\n<p><strong>Objetivos: &nbsp;<\/strong><\/p>\n<ul>\n<li>Compartiremos conceptos te\u00f3ricos y ejercicios pr\u00e1cticos aplicables a la vida cotidiana.<\/li>\n<li>Accederemos a nuevas miradas sobre nosotras mismas y el mundo que nos rodea.<\/li>\n<li>Exploraremos nuestra diversidad interna para ganar en libertad<\/li>\n<\/ul>\n<p><strong>Contenidos<\/strong><\/p>\n<p>D\u00eda 8 de julio<\/p>\n<ul>\n<li>Paradigma de Trabajo de Procesos<\/li>\n<li>La realidad y sus dimensiones<\/li>\n<li>Sobre mi identidad y la consciencia.<\/li>\n<li>Diferentes aplicaciones del paradigma a la realidad<\/li>\n<\/ul>\n<p>D\u00eda 9 de julio:<\/p>\n<ul>\n<li>Facilitar y facilitarme<\/li>\n<li>Aplicaciones en nuestras relaciones y el mundo.<\/li>\n<li>El campo, los roles y la diversidad.<\/li>\n<\/ul>\n<p><strong><em>&nbsp;<\/em><\/strong><\/p>\n<p><a href=\"https:\/\/forms.gle\/wW1zRPUP43pTBZEv7\"><strong>INSCRIPCIONES<\/strong><\/a><\/p>\n<p>La formaci\u00f3n se realizar\u00e1 a trav\u00e9s de un enlace de Zoom que ser\u00e1 enviado post.inscripci\u00f3n<\/p>\n<p>&nbsp;<\/p>\n<p><strong>Facilitadoras:<\/strong><\/p>\n<p><a href=\"https:\/\/evasanchezdiaz.wordpress.com\/contacte\/\">Eva Sanchez Diaz<\/a><\/p>\n<p>Facilitadora de grupos y organizaciones, terapeuta, mediadora de conflictos y formadora. Acompa\u00f1a procesos de cambio y conciencia tanto con individuos, relaciones y grupos, para que \u00e9stos encuentren un mayor significado y ayudarles en su proceso de crecimiento y desarrollo. Diplomada en Trabajo de Procesos, paradigma base desde el cual trabaja y al que incorpora otras herramientas como el Arteterapia, la Danza-movimiento terapia, la terapia estrat\u00e9gica, las constelaciones organizacionales entre otras.<\/p>\n<p><a href=\"http:\/\/www.trabajodeprocesos.net\/blanca-farina\/\">Blanca Fari\u00f1a Pag\u00e8s&nbsp;<\/a><\/p>\n<p>Soy facilitadora de grupos y organizaciones, formadora, y hago acompa\u00f1amientos a procesos personales y de pareja. He estudiado Ciencias Sociales, y mi vida profesional se ha desarrollado a lo largo de 20 a\u00f1os en el \u00e1mbito social, comunitario y organizacional. Soy estudiante avanzada de Trabajo de Procesos donde he aprendido a incorporar&nbsp; una mirada nueva donde lo que margino a veces se vuelve clave para mi equilibrio y desarrollo.<\/p>\n<p><a href=\"https:\/\/evasanchezdiaz.wordpress.com\/2020\/03\/28\/tallers\/\"><strong>M\u00e1s informaci\u00f3n<\/strong><\/a><\/p>\n<p>&nbsp;<\/p>\n<p><strong>Contacto:&nbsp;<\/strong><a href=\"mailto:laboratoriprocessos@gmail.com\">laboratoriprocessos@gmail.com<\/a><\/p>\n<p>+34 629 11 77 92 (Blanca) \/ +34 699735703 (Eva)<\/p>\n","protected":false},"excerpt":{"rendered":"<p>&nbsp; Desde \u201cLaboratorio de Procesos\u201d ofrecemos dos c\u00e1psulas formativas en formato&nbsp;\u201cOnline\u201d para dar un marco te\u00f3rico y de exploraci\u00f3n individual, de tus relaciones y entorno, desde la mirada de Trabajo de Procesos. Ofrecemos la posibilidad de realizar una \u00fanica c\u00e1psula formativa, pero para participar de la segunda sesi\u00f3n (d\u00eda 9), es importante tener unas nociones [&hellip;]<\/p>\n","protected":false},"author":8,"featured_media":6805,"comment_status":"closed","ping_status":"open","sticky":false,"template":"","format":"standard","meta":{"footnotes":""},"categories":[29,36],"tags":[],"class_list":["post-6804","post","type-post","status-publish","format-standard","has-post-thumbnail","hentry","category-blog","category-noticias"],"yoast_head":"<!-- This site is optimized with the Yoast SEO plugin v15.4 - https:\/\/yoast.com\/wordpress\/plugins\/seo\/ -->\n<title>&quot;Miradas hacia ti, tus relaciones y el mundo que habitas&quot; Laboratorio de Procesos - Trabajo de Procesos<\/title>\n<meta name=\"robots\" content=\"index, follow, max-snippet:-1, max-image-preview:large, max-video-preview:-1\" \/>\n<link rel=\"canonical\" href=\"https:\/\/www.trabajodeprocesos.net\/es\/miradas-hacia-ti-tus-relaciones-y-el-mundo-que-habitas-laboratorio-de-procesos\/\" \/>\n<meta property=\"og:locale\" content=\"es_ES\" \/>\n<meta property=\"og:type\" content=\"article\" \/>\n<meta property=\"og:title\" content=\"&quot;Miradas hacia ti, tus relaciones y el mundo que habitas&quot; Laboratorio de Procesos - Trabajo de Procesos\" \/>\n<meta property=\"og:description\" content=\"&nbsp; Desde \u201cLaboratorio de Procesos\u201d ofrecemos dos c\u00e1psulas formativas en formato&nbsp;\u201cOnline\u201d para dar un marco te\u00f3rico y de exploraci\u00f3n individual, de tus relaciones y entorno, desde la mirada de Trabajo de Procesos. Ofrecemos la posibilidad de realizar una \u00fanica c\u00e1psula formativa, pero para participar de la segunda sesi\u00f3n (d\u00eda 9), es importante tener unas nociones [&hellip;]\" \/>\n<meta property=\"og:url\" content=\"https:\/\/www.trabajodeprocesos.net\/es\/miradas-hacia-ti-tus-relaciones-y-el-mundo-que-habitas-laboratorio-de-procesos\/\" \/>\n<meta property=\"og:site_name\" content=\"Trabajo de Procesos\" \/>\n<meta property=\"article:published_time\" content=\"2020-06-18T15:18:29+00:00\" \/>\n<meta property=\"article:modified_time\" content=\"2026-01-13T08:19:33+00:00\" \/>\n<meta property=\"og:image\" content=\"https:\/\/www.trabajodeprocesos.net\/wp-content\/uploads\/2020\/06\/cartel1cast-e1592493244986.png\" \/>\n\t<meta property=\"og:image:width\" content=\"900\" \/>\n\t<meta property=\"og:image:height\" content=\"900\" \/>\n<meta name=\"twitter:card\" content=\"summary_large_image\" \/>\n<meta name=\"twitter:label1\" content=\"Escrito por\">\n\t<meta name=\"twitter:data1\" content=\"N\u00faria Dan\u00e9s\">\n\t<meta name=\"twitter:label2\" content=\"Tiempo de lectura\">\n\t<meta name=\"twitter:data2\" content=\"2 minutos\">\n<script type=\"application\/ld+json\" class=\"yoast-schema-graph\">{\"@context\":\"https:\/\/schema.org\",\"@graph\":[{\"@type\":\"WebSite\",\"@id\":\"https:\/\/www.trabajodeprocesos.net\/es\/#website\",\"url\":\"https:\/\/www.trabajodeprocesos.net\/es\/\",\"name\":\"Trabajo de Procesos\",\"description\":\"\",\"potentialAction\":[{\"@type\":\"SearchAction\",\"target\":\"https:\/\/www.trabajodeprocesos.net\/es\/?s={search_term_string}\",\"query-input\":\"required name=search_term_string\"}],\"inLanguage\":\"es\"},{\"@type\":\"ImageObject\",\"@id\":\"https:\/\/www.trabajodeprocesos.net\/es\/miradas-hacia-ti-tus-relaciones-y-el-mundo-que-habitas-laboratorio-de-procesos\/#primaryimage\",\"inLanguage\":\"es\",\"url\":\"https:\/\/www.trabajodeprocesos.net\/wp-content\/uploads\/2020\/06\/cartel1cast-e1592493244986.png\",\"width\":900,\"height\":900},{\"@type\":\"WebPage\",\"@id\":\"https:\/\/www.trabajodeprocesos.net\/es\/miradas-hacia-ti-tus-relaciones-y-el-mundo-que-habitas-laboratorio-de-procesos\/#webpage\",\"url\":\"https:\/\/www.trabajodeprocesos.net\/es\/miradas-hacia-ti-tus-relaciones-y-el-mundo-que-habitas-laboratorio-de-procesos\/\",\"name\":\"\\\"Miradas hacia ti, tus relaciones y el mundo que habitas\\\" Laboratorio de Procesos - Trabajo de Procesos\",\"isPartOf\":{\"@id\":\"https:\/\/www.trabajodeprocesos.net\/es\/#website\"},\"primaryImageOfPage\":{\"@id\":\"https:\/\/www.trabajodeprocesos.net\/es\/miradas-hacia-ti-tus-relaciones-y-el-mundo-que-habitas-laboratorio-de-procesos\/#primaryimage\"},\"datePublished\":\"2020-06-18T15:18:29+00:00\",\"dateModified\":\"2026-01-13T08:19:33+00:00\",\"author\":{\"@id\":\"https:\/\/www.trabajodeprocesos.net\/es\/#\/schema\/person\/a06026a7104490118017893a5d8ab28f\"},\"inLanguage\":\"es\",\"potentialAction\":[{\"@type\":\"ReadAction\",\"target\":[\"https:\/\/www.trabajodeprocesos.net\/es\/miradas-hacia-ti-tus-relaciones-y-el-mundo-que-habitas-laboratorio-de-procesos\/\"]}]},{\"@type\":\"Person\",\"@id\":\"https:\/\/www.trabajodeprocesos.net\/es\/#\/schema\/person\/a06026a7104490118017893a5d8ab28f\",\"name\":\"N\\u00faria Dan\\u00e9s\",\"image\":{\"@type\":\"ImageObject\",\"@id\":\"https:\/\/www.trabajodeprocesos.net\/es\/#personlogo\",\"inLanguage\":\"es\",\"url\":\"https:\/\/secure.gravatar.com\/avatar\/6d64b187fbd8ea590db6176fcd5c6857a119653750f5f52ae8eba7b234833530?s=96&d=mm&r=g\",\"caption\":\"N\\u00faria Dan\\u00e9s\"}}]}<\/script>\n<!-- \/ Yoast SEO plugin. -->","_links":{"self":[{"href":"https:\/\/www.trabajodeprocesos.net\/es\/wp-json\/wp\/v2\/posts\/6804","targetHints":{"allow":["GET"]}}],"collection":[{"href":"https:\/\/www.trabajodeprocesos.net\/es\/wp-json\/wp\/v2\/posts"}],"about":[{"href":"https:\/\/www.trabajodeprocesos.net\/es\/wp-json\/wp\/v2\/types\/post"}],"author":[{"embeddable":true,"href":"https:\/\/www.trabajodeprocesos.net\/es\/wp-json\/wp\/v2\/users\/8"}],"replies":[{"embeddable":true,"href":"https:\/\/www.trabajodeprocesos.net\/es\/wp-json\/wp\/v2\/comments?post=6804"}],"version-history":[{"count":1,"href":"https:\/\/www.trabajodeprocesos.net\/es\/wp-json\/wp\/v2\/posts\/6804\/revisions"}],"predecessor-version":[{"id":6855,"href":"https:\/\/www.trabajodeprocesos.net\/es\/wp-json\/wp\/v2\/posts\/6804\/revisions\/6855"}],"wp:featuredmedia":[{"embeddable":true,"href":"https:\/\/www.trabajodeprocesos.net\/es\/wp-json\/wp\/v2\/media\/6805"}],"wp:attachment":[{"href":"https:\/\/www.trabajodeprocesos.net\/es\/wp-json\/wp\/v2\/media?parent=6804"}],"wp:term":[{"taxonomy":"category","embeddable":true,"href":"https:\/\/www.trabajodeprocesos.net\/es\/wp-json\/wp\/v2\/categories?post=6804"},{"taxonomy":"post_tag","embeddable":true,"href":"https:\/\/www.trabajodeprocesos.net\/es\/wp-json\/wp\/v2\/tags?post=6804"}],"curies":[{"name":"wp","href":"https:\/\/api.w.org\/{rel}","templated":true}]}}