{"id":6636,"date":"2020-05-17T20:24:14","date_gmt":"2020-05-17T18:24:14","guid":{"rendered":"http:\/\/www.trabajodeprocesos.net\/?p=6636"},"modified":"2026-01-13T10:19:33","modified_gmt":"2026-01-13T08:19:33","slug":"ultima-sesion-de-laboratorio-de-procesos-en-confinamiento","status":"publish","type":"post","link":"https:\/\/www.trabajodeprocesos.net\/es\/ultima-sesion-de-laboratorio-de-procesos-en-confinamiento\/","title":{"rendered":"\u00daltima sesi\u00f3n de Laboratorio de Procesos en Confinamiento"},"content":{"rendered":"<h3><strong>LABORATORIO DE PROCESOS EN TIEMPOS DE CRISIS. <\/strong><\/h3>\n<h3><strong>Profundizando en la experiencia. <\/strong><\/h3>\n<p>&nbsp;<\/p>\n<p>Ofrecemos la \u00faltima sesi\u00f3n de Laboratorio en confinamiento en formato<strong> \u201c<\/strong><strong>Online<\/strong><strong>\u201d. <\/strong><\/p>\n<p>Esta sesi\u00f3n de<strong> 2 horas est\u00e1 dirigida a <\/strong>todas las personas con inter\u00e9s en la metodolog\u00eda de Trabajo de Procesos y\/o con ganas de saber m\u00e1s sobre s\u00ed mismas y explorarse individual y colectivamente.<\/p>\n<p>Combinaremos un breve marco te\u00f3rico con ejercicios a nivel individual y de grupo para:<\/p>\n<ul>\n<li>Activar habilidades conscientes, la imaginaci\u00f3n y los sue\u00f1os, como recurso personal de conexi\u00f3n con una misma y de crecimiento.<\/li>\n<li>Crear un espacio de empat\u00eda capaz de poner en valor la potencialidad de las relaciones en presencia y distancia<\/li>\n<li>Profundizar en el sentido que nos puede aportar en nuestras vidas la experiencia del momento.<\/li>\n<\/ul>\n<p>&nbsp;<\/p>\n<p><strong>25 MAYO \u201c Pasos al futuro a partir de ahora\u201d de 17.30h a 19.30h<\/strong><\/p>\n<p>Sobre lo aprendido,\u00a0 lo que quiero llevarme y sobre el dolor que no puedo y\/o quiero dejar atr\u00e1s.<\/p>\n<p>&nbsp;<\/p>\n<p><strong>Aportaci\u00f3n<\/strong>: <strong>A partir de 10<\/strong><strong>\u20ac\/sesi\u00f3n<\/strong><\/p>\n<p><a href=\"https:\/\/forms.gle\/ESuEGMK1hnf35FqN7\"><strong>INSCRIPCIONES<\/strong><strong>\u00a0y plazas limitadas<\/strong><\/a><\/p>\n<p>&nbsp;<\/p>\n<p>\u2014\u2014\u2014\u2014\u2014\u2014\u2014\u2014\u2014\u2014\u2014\u2014\u2014\u2014\u2014\u2014\u2014\u2014\u2014-<\/p>\n<p>&nbsp;<\/p>\n<p>Paralelamente desde \u201cLaboratori de Processos\u201d ofrecemos un <strong>ESPACIO DE APOYO COLECTIVO.- **GRATUITO<\/strong><\/p>\n<p><strong>Para dar espacio a los diferentes sentires y saberes del momento actual. <\/strong><\/p>\n<p><strong>18 de Mayo de 17h a 18h\u00a0<\/strong><\/p>\n<p><strong>Enlace: https:\/\/zoom.us\/j\/470808896 <\/strong><\/p>\n<p><strong>\u00a0<\/strong><\/p>\n<p><strong>Facilitadoras:<\/strong><\/p>\n<p><a href=\"https:\/\/evasanchezdiaz.wordpress.com\/contacte\/\">Eva Sanchez Diaz<\/a><\/p>\n<p>Facilitadora de grupos y organizaciones, terapeuta, mediadora de conflictos y formadora. Acompa\u00f1a procesos de cambio y conciencia tanto con individuos, relaciones y grupos, para que \u00e9stos encuentren un mayor significado y ayudar-les en su proceso de crecimiento y desarrollo. Diplomada en Trabajo de Procesos, paradigma base desde el cual trabaja y al que incorpora otras herramientas como el Arteterapia, la Danza-movimiento terapia, la terapia estrat\u00e9gica, las constelaciones organizacionales entre otras.<\/p>\n<p><a href=\"http:\/\/www.trabajodeprocesos.net\/blanca-farina\/\">Blanca Fari\u00f1a Pag\u00e8s\u00a0<\/a><\/p>\n<p>Soy facilitadora de grupos y organizaciones, formadora, y hago acompa\u00f1amientos a procesos personales y de pareja. He estudiado Ciencias Sociales, y mi vida profesional se ha desarrollado a lo largo de 20 a\u00f1os en el \u00e1mbito social, comunitario y organizacional. Soy estudiante avanzada de Trabajo de Procesos donde he aprendido a incorporar\u00a0 una mirada nueva donde lo que margino a veces se vuelve clave para mi equilibrio y desarrollo.<\/p>\n<p>&nbsp;<\/p>\n<p><a href=\"https:\/\/evasanchezdiaz.wordpress.com\/2020\/03\/28\/tallers\/\"><strong>M\u00e1s informaci\u00f3<\/strong><strong>n<\/strong><\/a><\/p>\n<p><strong>Contacto: <\/strong><a href=\"mailto:laboratoriprocessos@gmail.com\">laboratoriprocessos@gmail.com<\/a><\/p>\n<p>+34 629 11 77 92 (Blanca) \/ +34 699735703 (Eva)<\/p>\n","protected":false},"excerpt":{"rendered":"<p>LABORATORIO DE PROCESOS EN TIEMPOS DE CRISIS. Profundizando en la experiencia. &nbsp; Ofrecemos la \u00faltima sesi\u00f3n de Laboratorio en confinamiento en formato \u201cOnline\u201d. Esta sesi\u00f3n de 2 horas est\u00e1 dirigida a todas las personas con inter\u00e9s en la metodolog\u00eda de Trabajo de Procesos y\/o con ganas de saber m\u00e1s sobre s\u00ed mismas y explorarse individual [&hellip;]<\/p>\n","protected":false},"author":8,"featured_media":6637,"comment_status":"closed","ping_status":"open","sticky":false,"template":"","format":"standard","meta":{"footnotes":""},"categories":[29,36],"tags":[],"class_list":["post-6636","post","type-post","status-publish","format-standard","has-post-thumbnail","hentry","category-blog","category-noticias"],"yoast_head":"<!-- This site is optimized with the Yoast SEO plugin v15.4 - https:\/\/yoast.com\/wordpress\/plugins\/seo\/ -->\n<title>\u00daltima sesi\u00f3n de Laboratorio de Procesos en Confinamiento - Trabajo de Procesos<\/title>\n<meta name=\"robots\" content=\"index, follow, max-snippet:-1, max-image-preview:large, max-video-preview:-1\" \/>\n<link rel=\"canonical\" href=\"https:\/\/www.trabajodeprocesos.net\/es\/ultima-sesion-de-laboratorio-de-procesos-en-confinamiento\/\" \/>\n<meta property=\"og:locale\" content=\"es_ES\" \/>\n<meta property=\"og:type\" content=\"article\" \/>\n<meta property=\"og:title\" content=\"\u00daltima sesi\u00f3n de Laboratorio de Procesos en Confinamiento - Trabajo de Procesos\" \/>\n<meta property=\"og:description\" content=\"LABORATORIO DE PROCESOS EN TIEMPOS DE CRISIS. Profundizando en la experiencia. &nbsp; Ofrecemos la \u00faltima sesi\u00f3n de Laboratorio en confinamiento en formato \u201cOnline\u201d. Esta sesi\u00f3n de 2 horas est\u00e1 dirigida a todas las personas con inter\u00e9s en la metodolog\u00eda de Trabajo de Procesos y\/o con ganas de saber m\u00e1s sobre s\u00ed mismas y explorarse individual [&hellip;]\" \/>\n<meta property=\"og:url\" content=\"https:\/\/www.trabajodeprocesos.net\/es\/ultima-sesion-de-laboratorio-de-procesos-en-confinamiento\/\" \/>\n<meta property=\"og:site_name\" content=\"Trabajo de Procesos\" \/>\n<meta property=\"article:published_time\" content=\"2020-05-17T18:24:14+00:00\" \/>\n<meta property=\"article:modified_time\" content=\"2026-01-13T08:19:33+00:00\" \/>\n<meta property=\"og:image\" content=\"https:\/\/www.trabajodeprocesos.net\/wp-content\/uploads\/2020\/05\/taller25mayoCAST-e1589739592435.png\" \/>\n\t<meta property=\"og:image:width\" content=\"900\" \/>\n\t<meta property=\"og:image:height\" content=\"900\" \/>\n<meta name=\"twitter:card\" content=\"summary_large_image\" \/>\n<meta name=\"twitter:label1\" content=\"Escrito por\">\n\t<meta name=\"twitter:data1\" content=\"N\u00faria Dan\u00e9s\">\n\t<meta name=\"twitter:label2\" content=\"Tiempo de lectura\">\n\t<meta name=\"twitter:data2\" content=\"2 minutos\">\n<script type=\"application\/ld+json\" class=\"yoast-schema-graph\">{\"@context\":\"https:\/\/schema.org\",\"@graph\":[{\"@type\":\"WebSite\",\"@id\":\"https:\/\/www.trabajodeprocesos.net\/es\/#website\",\"url\":\"https:\/\/www.trabajodeprocesos.net\/es\/\",\"name\":\"Trabajo de Procesos\",\"description\":\"\",\"potentialAction\":[{\"@type\":\"SearchAction\",\"target\":\"https:\/\/www.trabajodeprocesos.net\/es\/?s={search_term_string}\",\"query-input\":\"required name=search_term_string\"}],\"inLanguage\":\"es\"},{\"@type\":\"ImageObject\",\"@id\":\"https:\/\/www.trabajodeprocesos.net\/es\/ultima-sesion-de-laboratorio-de-procesos-en-confinamiento\/#primaryimage\",\"inLanguage\":\"es\",\"url\":\"https:\/\/www.trabajodeprocesos.net\/wp-content\/uploads\/2020\/05\/taller25mayoCAST-e1589739592435.png\",\"width\":900,\"height\":900},{\"@type\":\"WebPage\",\"@id\":\"https:\/\/www.trabajodeprocesos.net\/es\/ultima-sesion-de-laboratorio-de-procesos-en-confinamiento\/#webpage\",\"url\":\"https:\/\/www.trabajodeprocesos.net\/es\/ultima-sesion-de-laboratorio-de-procesos-en-confinamiento\/\",\"name\":\"\\u00daltima sesi\\u00f3n de Laboratorio de Procesos en Confinamiento - Trabajo de Procesos\",\"isPartOf\":{\"@id\":\"https:\/\/www.trabajodeprocesos.net\/es\/#website\"},\"primaryImageOfPage\":{\"@id\":\"https:\/\/www.trabajodeprocesos.net\/es\/ultima-sesion-de-laboratorio-de-procesos-en-confinamiento\/#primaryimage\"},\"datePublished\":\"2020-05-17T18:24:14+00:00\",\"dateModified\":\"2026-01-13T08:19:33+00:00\",\"author\":{\"@id\":\"https:\/\/www.trabajodeprocesos.net\/es\/#\/schema\/person\/a06026a7104490118017893a5d8ab28f\"},\"inLanguage\":\"es\",\"potentialAction\":[{\"@type\":\"ReadAction\",\"target\":[\"https:\/\/www.trabajodeprocesos.net\/es\/ultima-sesion-de-laboratorio-de-procesos-en-confinamiento\/\"]}]},{\"@type\":\"Person\",\"@id\":\"https:\/\/www.trabajodeprocesos.net\/es\/#\/schema\/person\/a06026a7104490118017893a5d8ab28f\",\"name\":\"N\\u00faria Dan\\u00e9s\",\"image\":{\"@type\":\"ImageObject\",\"@id\":\"https:\/\/www.trabajodeprocesos.net\/es\/#personlogo\",\"inLanguage\":\"es\",\"url\":\"https:\/\/secure.gravatar.com\/avatar\/6d64b187fbd8ea590db6176fcd5c6857a119653750f5f52ae8eba7b234833530?s=96&d=mm&r=g\",\"caption\":\"N\\u00faria Dan\\u00e9s\"}}]}<\/script>\n<!-- \/ Yoast SEO plugin. -->","_links":{"self":[{"href":"https:\/\/www.trabajodeprocesos.net\/es\/wp-json\/wp\/v2\/posts\/6636","targetHints":{"allow":["GET"]}}],"collection":[{"href":"https:\/\/www.trabajodeprocesos.net\/es\/wp-json\/wp\/v2\/posts"}],"about":[{"href":"https:\/\/www.trabajodeprocesos.net\/es\/wp-json\/wp\/v2\/types\/post"}],"author":[{"embeddable":true,"href":"https:\/\/www.trabajodeprocesos.net\/es\/wp-json\/wp\/v2\/users\/8"}],"replies":[{"embeddable":true,"href":"https:\/\/www.trabajodeprocesos.net\/es\/wp-json\/wp\/v2\/comments?post=6636"}],"version-history":[{"count":1,"href":"https:\/\/www.trabajodeprocesos.net\/es\/wp-json\/wp\/v2\/posts\/6636\/revisions"}],"predecessor-version":[{"id":23273,"href":"https:\/\/www.trabajodeprocesos.net\/es\/wp-json\/wp\/v2\/posts\/6636\/revisions\/23273"}],"wp:featuredmedia":[{"embeddable":true,"href":"https:\/\/www.trabajodeprocesos.net\/es\/wp-json\/wp\/v2\/media\/6637"}],"wp:attachment":[{"href":"https:\/\/www.trabajodeprocesos.net\/es\/wp-json\/wp\/v2\/media?parent=6636"}],"wp:term":[{"taxonomy":"category","embeddable":true,"href":"https:\/\/www.trabajodeprocesos.net\/es\/wp-json\/wp\/v2\/categories?post=6636"},{"taxonomy":"post_tag","embeddable":true,"href":"https:\/\/www.trabajodeprocesos.net\/es\/wp-json\/wp\/v2\/tags?post=6636"}],"curies":[{"name":"wp","href":"https:\/\/api.w.org\/{rel}","templated":true}]}}