{"id":6605,"date":"2020-05-12T16:38:59","date_gmt":"2020-05-12T14:38:59","guid":{"rendered":"http:\/\/www.trabajodeprocesos.net\/?p=6605"},"modified":"2026-01-13T10:19:33","modified_gmt":"2026-01-13T08:19:33","slug":"os-presentamos-a-las-5-nuevas-diplomadas-de-la-escuela-de-trabajo-de-procesos","status":"publish","type":"post","link":"https:\/\/www.trabajodeprocesos.net\/es\/os-presentamos-a-las-5-nuevas-diplomadas-de-la-escuela-de-trabajo-de-procesos\/","title":{"rendered":"Os presentamos a las 5 nuevas Diplomadas de La Escuela de Trabajo de Procesos"},"content":{"rendered":"<div class=\"_1mf _1mj\" data-offset-key=\"8vol2-0-0\"><span data-offset-key=\"8vol2-0-0\">Queridas amigas de todo el mundo,<\/span><\/div>\n<div class=\"_1mf _1mj\" data-offset-key=\"ak5t2-0-0\"><span data-offset-key=\"ak5t2-0-0\">Estamos absolutamente encantadas de anunciar que tenemos 5 nuevas Diplomadas de La Escuela en Catalunya, Espa\u00f1a. Muchas de las graduadas este a\u00f1o y el pasado, son parte de nuestro primer grupo, pioneros, que comenzaron su formaci\u00f3n hace 9 a\u00f1os, en una gran casa abandonada en medio de un hermoso paisaje, en un momento en que todav\u00eda se reun\u00edan m\u00e1s de 2 personas. <\/span><\/div>\n<div class=\"_1mf _1mj\" data-offset-key=\"aot6e-0-0\"><span data-offset-key=\"aot6e-0-0\">El d\u00eda en que comenz\u00f3 la capacitaci\u00f3n fue tambi\u00e9n el d\u00eda en que miles de personas fueron expulsadas de la Plaza de Catalunya de Barcelona, donde hab\u00eda un movimiento pac\u00edfico de \u00abOcupaci\u00f3n\u00bb que ped\u00eda justicia econ\u00f3mica y pol\u00edtica y procesos m\u00e1s profundos de democracia.Nosotras, estamos inspiradas y honradas de haber acompa\u00f1ado a estas cinco personas en su viaje de transformaci\u00f3n a trav\u00e9s de estos a\u00f1os y de presentar aqu\u00ed sus proyectos finales. Cada uno de los comit\u00e9s de estudio ha escrito algunas l\u00edneas a continuaci\u00f3n:<\/span><\/div>\n<div class=\"_1mf _1mj\" data-offset-key=\"3krre-0-0\"><span data-offset-key=\"3krre-0-0\">Con mucho amor,Gill, Evelyn, Andy, Lily, Boris, Pat y Kate<\/span><\/div>\n<p>&nbsp;<\/p>\n<p><strong>Anna Pujol<\/strong><\/p>\n<p><strong>\u00a0\u00a0<a href=\"http:\/\/www.trabajodeprocesos.net\/wp-content\/uploads\/2020\/05\/anna-pujol-web.jpg\"><img loading=\"lazy\" decoding=\"async\" class=\"alignnone size-full wp-image-6555\" src=\"http:\/\/www.trabajodeprocesos.net\/wp-content\/uploads\/2020\/05\/anna-pujol-web.jpg\" alt=\"\" width=\"238\" height=\"238\" srcset=\"https:\/\/www.trabajodeprocesos.net\/wp-content\/uploads\/2020\/05\/anna-pujol-web.jpg 238w, https:\/\/www.trabajodeprocesos.net\/wp-content\/uploads\/2020\/05\/anna-pujol-web-150x150.jpg 150w\" sizes=\"auto, (max-width: 238px) 100vw, 238px\" \/><\/a><\/strong><\/p>\n<p><em>\u00a1Anna es una guerrera espiritual! Ella emprendi\u00f3 su viaje de aprendizaje tomando cada dificultad y desaf\u00edo en su vida y en su camino de aprendizaje como una aliada con un don, desentra\u00f1ando la magia del proceso mientras navegaba por el r\u00edo, enriqueci\u00e9ndonos a todos los que emprendimos el viaje con ella. Felicidades querida Anna !!! Querida colega y amiga! \u00a1Bienvenida a nuestra tribu internacional! Nos enriquece tu presencia. Con mucho amor Lily, Ellen y Gill<\/em><\/p>\n<p><strong>Desplazadas por el cambio clim\u00e1tico.<\/strong><\/p>\n<p>Un viaje a trav\u00e9s de las fronteras externas e internas. El enfoque de este estudio es el conflicto al que nos enfrentamos en realidad como Planeta llamado \u201cDesplazamientos clim\u00e1ticos\u201d: personas que se han visto obligadas a mudarse por razones ambientales como resultado de la emergencia clim\u00e1tica. Este documento argumenta que una nueva forma de relacionarse entre s\u00ed, una forma profundamente sostenible, es esencial para esta etapa que enfrentamos. Creo profundamente que esta forma de relacionarse entre s\u00ed contribuir\u00e1 a la evoluci\u00f3n de nuestro sistema antropoc\u00e9ntrico actual hacia un sistema ecoc\u00e9ntrico. El proyecto incluye un an\u00e1lisis del conflicto de desplazamiento ambiental seg\u00fan Processwork. Anna recomienda que si eres una persona m\u00e1s atra\u00edda por los aspectos te\u00f3ricos, leas el proyecto de principio a fin. En el caso de que su curiosidad est\u00e9 m\u00e1s relacionada con la experiencia, puede leer primero la parte pr\u00e1ctica y luego la te\u00f3rica o ir alternativamente entre cap\u00edtulos.<\/p>\n<p>Anna se gradu\u00f3 de La Escuela de Trabajo de Procesos y del Deep Democracy Institute. Su diploma y su viaje fueron compartidos y tendr\u00e1 un diploma conjunto de ambas escuelas.<\/p>\n<p>Contacto: <a href=\"mailto:Xurubia@yahoo.es\">Xurubia@yahoo.es<\/a><\/p>\n<p>&nbsp;<\/p>\n<p><strong>Sara Carro<\/strong><\/p>\n<p><a href=\"http:\/\/www.trabajodeprocesos.net\/wp-content\/uploads\/2020\/05\/sara-carro-web.jpg\"><img loading=\"lazy\" decoding=\"async\" class=\"alignnone size-full wp-image-6556\" src=\"http:\/\/www.trabajodeprocesos.net\/wp-content\/uploads\/2020\/05\/sara-carro-web.jpg\" alt=\"\" width=\"320\" height=\"213\" srcset=\"https:\/\/www.trabajodeprocesos.net\/wp-content\/uploads\/2020\/05\/sara-carro-web.jpg 320w, https:\/\/www.trabajodeprocesos.net\/wp-content\/uploads\/2020\/05\/sara-carro-web-300x200.jpg 300w\" sizes=\"auto, (max-width: 320px) 100vw, 320px\" \/><\/a><\/p>\n<p><em>Muchas gracias Sara por compartir tu coraje, calidez y tu intr\u00e9pido esp\u00edritu aventurero con nosotras a lo largo de este viaje. Tu curiosidad, entusiasmo por aprender y una actitud entusiasta y dispuesta han creado una atm\u00f3sfera muy fluida y alegre que disfrutamos mucho los que te hemos acompa\u00f1ado durante tu proceso de aprendizaje. Es un gran placer, querida Sara, darte la bienvenida como colega a esta gran comunidad internacional de Processworkers. \u00a1Felicidades! Mucho amor Lety &amp; Gill<\/em><\/p>\n<p><strong>Un manual para maestros: el arte de aprender a tratarse bien.<\/strong><\/p>\n<p>El objetivo de este manual es acercar el Trabajo de Procesos y la facilitaci\u00f3n de grupos al mundo educativo. Re\u00fane algunas ideas y ejercicios que, combinados con ejemplos, pueden usarse como material de apoyo para maestros y educadores en el arte de lidiar con las tensiones diarias que ocurren en grupos, para convertirlas en oportunidades de aprendizaje. Se pretende como una herramienta para ayudar a promover acciones y actitudes que contribuyan a una convivencia saludable. En \u00e9l encontraremos algunos factores clave para comprender la din\u00e1mica del grupo y evitar la din\u00e1mica de la exclusi\u00f3n y la discriminaci\u00f3n.<\/p>\n<p>Debido a mi historia personal relacionada con mis a\u00f1os de escolaridad, estoy especialmente motivada para acompa\u00f1ar a las escuelas e institutos para promover una convivencia saludable donde la diversidad se vive como riqueza y las desigualdades se cuestionan desde el punto de vista de creencias, acciones y estructuras. Trabajo junto a ni\u00f1os, ni\u00f1as y adultos para crear mundos m\u00e1s habitables y seguros. Como formadora, tambi\u00e9n estoy interesado en apoyar diferentes formas de aprendizaje y desarrollo.<\/p>\n<p>Contacto:\u00a0<a href=\"mailto:sara@filalagulla.org\">sara@filalagulla.org<\/a><\/p>\n<p>&nbsp;<\/p>\n<p>&nbsp;<\/p>\n<p><strong>Nuria Danes\u00a0<\/strong><\/p>\n<p><strong>\u00a0<\/strong><\/p>\n<p><a href=\"http:\/\/www.trabajodeprocesos.net\/wp-content\/uploads\/2020\/05\/nuria-danes-web.jpg\"><img loading=\"lazy\" decoding=\"async\" class=\"alignnone size-full wp-image-6557\" src=\"http:\/\/www.trabajodeprocesos.net\/wp-content\/uploads\/2020\/05\/nuria-danes-web.jpg\" alt=\"\" width=\"219\" height=\"293\" \/><\/a><\/p>\n<p><em>Nuria fue parte del primer grupo de personas interesadas en el Trabajo de Procesos aqu\u00ed en Catalunya \/ Espa\u00f1a en el 2010. Durante todos estos a\u00f1os, mostr\u00f3 su amor hacia el aprendizaje y el trabajo de procesos como proceso vivo en la vida cotidiana tambi\u00e9n como amiga, colega, pareja y madre, combin\u00e1ndolo con su fuerte parte activista. Nuria tiene poderosas metas-habilidades de estar centrada y enraizada y un gran sentido del humor negro. Felicidades Nuria !!! Con amor, Boris y Gill<\/em><\/p>\n<p><strong>El poder de la maternidad<\/strong><\/p>\n<p>Hablar sobre el tema de la maternidad era de poco inter\u00e9s para m\u00ed. Hay algo muy fuerte que me hace infravalorar una experiencia que, a su vez, tambi\u00e9n considero muy poderosa. El objetivo de este proyecto es arrojar algo de luz sobre esta din\u00e1mica que detecto claramente en m\u00ed misma y al mismo tiempo lo llevo m\u00e1s all\u00e1 para conectarlo con una din\u00e1mica social. \u00bfQu\u00e9 sistema de creencias dice que centrarse en la experiencia de la maternidad no es importante o interesante? \u00bfY cu\u00e1l es la relaci\u00f3n entre mi sistema de creencias personal y el sistema de creencias sociales? \u00bfC\u00f3mo afecta el poder a la experiencia materna? \u00bfC\u00f3mo se articula el valor o la importancia que le doy? Y bajo este paraguas, \u00bfc\u00f3mo podemos dar potencial a la experiencia de la maternidad y convertirla en una fuente de aprendizaje personal y social?<\/p>\n<p>Contacto: <a href=\"mailto:nuriadanes@gmail.com\">nuriadanes@gmail.com<\/a><\/p>\n<p>&nbsp;<\/p>\n<p><strong>Sergi Barrientos<\/strong><\/p>\n<p><a href=\"http:\/\/www.trabajodeprocesos.net\/wp-content\/uploads\/2020\/05\/sergi-web.jpg\"><img loading=\"lazy\" decoding=\"async\" class=\"alignnone size-full wp-image-6558\" src=\"http:\/\/www.trabajodeprocesos.net\/wp-content\/uploads\/2020\/05\/sergi-web.jpg\" alt=\"\" width=\"243\" height=\"240\" \/><\/a><\/p>\n<p><em>Como su comit\u00e9 de estudios, nosotros, Pat Black y Evelyn Figueroa, estamos orgullosas de darle la bienvenida a Sergi como colega. Los 3 hemos estado en un incre\u00edble viaje por una carretera de larga distancia en los \u00faltimos a\u00f1os. Ha tenido sus giros y vueltas y, a veces, nos perdimos y tuvimos que encontrar nuestra direcci\u00f3n nuevamente y ahora estamos muy contentas de que Sergi haya completado magn\u00edficamente esta parte del viaje. Queremos celebrar su perseverancia, esp\u00edritu de aprendizaje, incre\u00edble creatividad y su dedicaci\u00f3n al Trabajo de Procesos y agradecerle por invitarnos en el viaje. Le deseamos lo mejor para el camino por delante.<\/em><\/p>\n<p><strong>Sobre los hombres y la relaci\u00f3n entre hombres, poder y violencia<\/strong><\/p>\n<p>Si consideramos que los procesos de retroalimentaci\u00f3n son la base de la comunicaci\u00f3n y la evoluci\u00f3n humana, y tenemos en cuenta la fuerte retroalimentaci\u00f3n que a menudo reciben los hombres sobre c\u00f3mo usan su poder social y estructural por parte de muchos grupos y personas en la sociedad, entonces me pregunto:\u00a0 \u00bfPor qu\u00e9? \u00bfEs que a pesar de que los comentarios se les est\u00e1n dando a los hombres con mucha claridad, a menudo todav\u00eda no los estamos tomando? \u00bfHay quiz\u00e1s miedo a perder algo? \u00bfQu\u00e9 impide que los hombres tomen la iniciativa para recoger comentarios y asumir la responsabilidad de su uso y mal uso del poder?<\/p>\n<p>Este es el comienzo de una peregrinaci\u00f3n hacia la posibilidad de amar de una manera m\u00e1s saludable, menos obsesiva, controladora y patriarcal. Es un viaje \u00edntimo, un intento de comprender c\u00f3mo la cultura patriarcal me ha formado y nos forma como hombres. Una inmersi\u00f3n en el oc\u00e9ano oscuro para emerger en un c\u00edrculo de amor, transformaci\u00f3n y creatividad. Un llamado a tomar la agencia, mostrarnos y asumir la responsabilidad por el impacto que tenemos. \u00bfTe atreves a dar el salto?<\/p>\n<p>Contacto:\u00a0<a href=\"mailto:Sergiproces@gmail.com\">Sergiproces@gmail.com<\/a><\/p>\n<p>&nbsp;<\/p>\n<p>&nbsp;<\/p>\n<p><strong>Barbara Rabinad Coll<\/strong><\/p>\n<p><a href=\"http:\/\/www.trabajodeprocesos.net\/wp-content\/uploads\/2020\/05\/barbara.jpg\"><img loading=\"lazy\" decoding=\"async\" class=\"alignnone size-full wp-image-6559\" src=\"http:\/\/www.trabajodeprocesos.net\/wp-content\/uploads\/2020\/05\/barbara.jpg\" alt=\"\" width=\"196\" height=\"293\" \/><\/a><\/p>\n<p><em>Bienvenida Barbara a la comunidad de diplomados de Trabajo de Procesos. Barbara es una guerrera valiente en la aventura de la conciencia, ha explorado tenazmente el poder y las relaciones en su viaje, descubriendo desprendimiento, honestidad, humildad y transparencia en el camino. Ha sido un placer ver que la pasi\u00f3n de B\u00e1rbara por el Trabajo de Procesos la lleva a sus ideas sobre la mente de procesos. Felicidades a todas y bienvenidas, Love Pat y Andy.<\/em><\/p>\n<p><strong>Mi viaje al proceso mental como ser humano y como facilitadora<\/strong><\/p>\n<p>\u00abAyudando a mis cr\u00edticos a aprender a nadar\u00bb.<\/p>\n<p>He llegado a un punto de inflexi\u00f3n en mi vida en el que me doy cuenta de que mis cr\u00edticos han tomado el centro del escenario en mi vida cotidiana. Ya no soy el que interact\u00faa con el mundo (con mis seres queridos, con las personas que me consultan) \u00a1Son mis cr\u00edticos! Est\u00e1n en todos lados. Los proyecto en otras personas y son tan fuertes que me hacen ver el mundo desde su punto de vista. Mi mundo interior es doloroso y vivir conmigo mismo es insoportable, mis cr\u00edticos son devastadores y tienden a dejarme solo o actuar como mis peores enemigos, critic\u00e1ndome una y otra vez. Me pregunto: \u00bfc\u00f3mo puede mi mente de proceso iluminarme en tiempos dif\u00edciles? Sin ser muy consciente de ello al principio, mi mente de proceso me ha llevado a querer escribir este proyecto final.<\/p>\n<p>Contacto: <a href=\"mailto:barbara.rabinad@gmail.com\">barbara.rabinad@gmail.com<\/a><\/p>\n<p>&nbsp;<\/p>\n<p>\u00a1FELICIDADES A LOS CINCO!<\/p>\n","protected":false},"excerpt":{"rendered":"<p>Queridas amigas de todo el mundo, Estamos absolutamente encantadas de anunciar que tenemos 5 nuevas Diplomadas de La Escuela en Catalunya, Espa\u00f1a. Muchas de las graduadas este a\u00f1o y el pasado, son parte de nuestro primer grupo, pioneros, que comenzaron su formaci\u00f3n hace 9 a\u00f1os, en una gran casa abandonada en medio de un hermoso [&hellip;]<\/p>\n","protected":false},"author":6,"featured_media":6560,"comment_status":"closed","ping_status":"open","sticky":false,"template":"","format":"standard","meta":{"footnotes":""},"categories":[29,36],"tags":[],"class_list":["post-6605","post","type-post","status-publish","format-standard","has-post-thumbnail","hentry","category-blog","category-noticias"],"yoast_head":"<!-- This site is optimized with the Yoast SEO plugin v15.4 - https:\/\/yoast.com\/wordpress\/plugins\/seo\/ -->\n<title>Os presentamos a las 5 nuevas Diplomadas de La Escuela de Trabajo de Procesos - Trabajo de Procesos<\/title>\n<meta name=\"robots\" content=\"index, follow, max-snippet:-1, max-image-preview:large, max-video-preview:-1\" \/>\n<link rel=\"canonical\" href=\"https:\/\/www.trabajodeprocesos.net\/es\/os-presentamos-a-las-5-nuevas-diplomadas-de-la-escuela-de-trabajo-de-procesos\/\" \/>\n<meta property=\"og:locale\" content=\"es_ES\" \/>\n<meta property=\"og:type\" content=\"article\" \/>\n<meta property=\"og:title\" content=\"Os presentamos a las 5 nuevas Diplomadas de La Escuela de Trabajo de Procesos - Trabajo de Procesos\" \/>\n<meta property=\"og:description\" content=\"Queridas amigas de todo el mundo, Estamos absolutamente encantadas de anunciar que tenemos 5 nuevas Diplomadas de La Escuela en Catalunya, Espa\u00f1a. Muchas de las graduadas este a\u00f1o y el pasado, son parte de nuestro primer grupo, pioneros, que comenzaron su formaci\u00f3n hace 9 a\u00f1os, en una gran casa abandonada en medio de un hermoso [&hellip;]\" \/>\n<meta property=\"og:url\" content=\"https:\/\/www.trabajodeprocesos.net\/es\/os-presentamos-a-las-5-nuevas-diplomadas-de-la-escuela-de-trabajo-de-procesos\/\" \/>\n<meta property=\"og:site_name\" content=\"Trabajo de Procesos\" \/>\n<meta property=\"article:published_time\" content=\"2020-05-12T14:38:59+00:00\" \/>\n<meta property=\"article:modified_time\" content=\"2026-01-13T08:19:33+00:00\" \/>\n<meta property=\"og:image\" content=\"https:\/\/www.trabajodeprocesos.net\/wp-content\/uploads\/2020\/05\/ABRIMOS-INSCR-5.png\" \/>\n\t<meta property=\"og:image:width\" content=\"900\" \/>\n\t<meta property=\"og:image:height\" content=\"600\" \/>\n<meta name=\"twitter:card\" content=\"summary_large_image\" \/>\n<meta name=\"twitter:label1\" content=\"Escrito por\">\n\t<meta name=\"twitter:data1\" content=\"Admin\">\n\t<meta name=\"twitter:label2\" content=\"Tiempo de lectura\">\n\t<meta name=\"twitter:data2\" content=\"6 minutos\">\n<script type=\"application\/ld+json\" class=\"yoast-schema-graph\">{\"@context\":\"https:\/\/schema.org\",\"@graph\":[{\"@type\":\"WebSite\",\"@id\":\"https:\/\/www.trabajodeprocesos.net\/es\/#website\",\"url\":\"https:\/\/www.trabajodeprocesos.net\/es\/\",\"name\":\"Trabajo de Procesos\",\"description\":\"\",\"potentialAction\":[{\"@type\":\"SearchAction\",\"target\":\"https:\/\/www.trabajodeprocesos.net\/es\/?s={search_term_string}\",\"query-input\":\"required name=search_term_string\"}],\"inLanguage\":\"es\"},{\"@type\":\"ImageObject\",\"@id\":\"https:\/\/www.trabajodeprocesos.net\/es\/os-presentamos-a-las-5-nuevas-diplomadas-de-la-escuela-de-trabajo-de-procesos\/#primaryimage\",\"inLanguage\":\"es\",\"url\":\"https:\/\/www.trabajodeprocesos.net\/wp-content\/uploads\/2020\/05\/ABRIMOS-INSCR-5.png\",\"width\":900,\"height\":600},{\"@type\":\"WebPage\",\"@id\":\"https:\/\/www.trabajodeprocesos.net\/es\/os-presentamos-a-las-5-nuevas-diplomadas-de-la-escuela-de-trabajo-de-procesos\/#webpage\",\"url\":\"https:\/\/www.trabajodeprocesos.net\/es\/os-presentamos-a-las-5-nuevas-diplomadas-de-la-escuela-de-trabajo-de-procesos\/\",\"name\":\"Os presentamos a las 5 nuevas Diplomadas de La Escuela de Trabajo de Procesos - Trabajo de Procesos\",\"isPartOf\":{\"@id\":\"https:\/\/www.trabajodeprocesos.net\/es\/#website\"},\"primaryImageOfPage\":{\"@id\":\"https:\/\/www.trabajodeprocesos.net\/es\/os-presentamos-a-las-5-nuevas-diplomadas-de-la-escuela-de-trabajo-de-procesos\/#primaryimage\"},\"datePublished\":\"2020-05-12T14:38:59+00:00\",\"dateModified\":\"2026-01-13T08:19:33+00:00\",\"author\":{\"@id\":\"https:\/\/www.trabajodeprocesos.net\/es\/#\/schema\/person\/f94150c60776078d5e5dff2343cf5d3c\"},\"inLanguage\":\"es\",\"potentialAction\":[{\"@type\":\"ReadAction\",\"target\":[\"https:\/\/www.trabajodeprocesos.net\/es\/os-presentamos-a-las-5-nuevas-diplomadas-de-la-escuela-de-trabajo-de-procesos\/\"]}]},{\"@type\":\"Person\",\"@id\":\"https:\/\/www.trabajodeprocesos.net\/es\/#\/schema\/person\/f94150c60776078d5e5dff2343cf5d3c\",\"name\":\"Admin\",\"image\":{\"@type\":\"ImageObject\",\"@id\":\"https:\/\/www.trabajodeprocesos.net\/es\/#personlogo\",\"inLanguage\":\"es\",\"url\":\"https:\/\/secure.gravatar.com\/avatar\/f1444f2c291341a5e91ff3d721bde7263603974dd051d1bc9f64e3a3ba862485?s=96&d=mm&r=g\",\"caption\":\"Admin\"}}]}<\/script>\n<!-- \/ Yoast SEO plugin. -->","_links":{"self":[{"href":"https:\/\/www.trabajodeprocesos.net\/es\/wp-json\/wp\/v2\/posts\/6605","targetHints":{"allow":["GET"]}}],"collection":[{"href":"https:\/\/www.trabajodeprocesos.net\/es\/wp-json\/wp\/v2\/posts"}],"about":[{"href":"https:\/\/www.trabajodeprocesos.net\/es\/wp-json\/wp\/v2\/types\/post"}],"author":[{"embeddable":true,"href":"https:\/\/www.trabajodeprocesos.net\/es\/wp-json\/wp\/v2\/users\/6"}],"replies":[{"embeddable":true,"href":"https:\/\/www.trabajodeprocesos.net\/es\/wp-json\/wp\/v2\/comments?post=6605"}],"version-history":[{"count":1,"href":"https:\/\/www.trabajodeprocesos.net\/es\/wp-json\/wp\/v2\/posts\/6605\/revisions"}],"predecessor-version":[{"id":23275,"href":"https:\/\/www.trabajodeprocesos.net\/es\/wp-json\/wp\/v2\/posts\/6605\/revisions\/23275"}],"wp:featuredmedia":[{"embeddable":true,"href":"https:\/\/www.trabajodeprocesos.net\/es\/wp-json\/wp\/v2\/media\/6560"}],"wp:attachment":[{"href":"https:\/\/www.trabajodeprocesos.net\/es\/wp-json\/wp\/v2\/media?parent=6605"}],"wp:term":[{"taxonomy":"category","embeddable":true,"href":"https:\/\/www.trabajodeprocesos.net\/es\/wp-json\/wp\/v2\/categories?post=6605"},{"taxonomy":"post_tag","embeddable":true,"href":"https:\/\/www.trabajodeprocesos.net\/es\/wp-json\/wp\/v2\/tags?post=6605"}],"curies":[{"name":"wp","href":"https:\/\/api.w.org\/{rel}","templated":true}]}}