{"id":6564,"date":"2020-05-04T23:32:48","date_gmt":"2020-05-04T21:32:48","guid":{"rendered":"http:\/\/www.trabajodeprocesos.net\/?p=6564"},"modified":"2026-01-13T10:19:33","modified_gmt":"2026-01-13T08:19:33","slug":"reflexiones-de-los-primeros-laboratorios-de-procesos","status":"publish","type":"post","link":"https:\/\/www.trabajodeprocesos.net\/es\/reflexiones-de-los-primeros-laboratorios-de-procesos\/","title":{"rendered":"Reflexiones de los primeros Laboratorios de Procesos"},"content":{"rendered":"<h3><strong>LOS LABORATORIOS DE PROCESOS vivos y tomando su propia forma<\/strong><\/h3>\n<p><strong>\u00a0<\/strong><\/p>\n<p>Parece que queda lejos el d\u00eda en que Eva trajo la idea de trabajar grupalmente aquellos aspectos de la vida que desde una mirada colectiva toman una nueva dimensi\u00f3n y sentido. Mirarnos solas a veces se vuelve insuficiente.<\/p>\n<p>Quer\u00edamos sentarnos \u201cal lado del fuego\u201d siendo un grupo, el grupo que en cada Laboratorio tenia que ser, desde su propia diversidad.<\/p>\n<p>Y es que han pasado muchas cosas que entonces no esper\u00e1bamos. Pudimos trabajar de manera profunda sobre las<em> Relaciones<\/em> a partir de dos talleres presenciales que nos conectaron con la idea que aquello que hac\u00edamos ten\u00eda un sentido y era posible.<\/p>\n<p>&nbsp;<\/p>\n<p>Poco despu\u00e9s nos sorprendi\u00f3 el confinamiento. Partiendo del desconcierto inicial, pudimos readaptarnos. El espacio se transform\u00f3 en On.Line, y ya hemos hecho 3 Laboratorios bajo este formato donde nos conectamos colectivamente con las diferentes experiencias de lo que estamos viviendo, desde la mirada de Trabajo de Procesos y aportando algunas pautas y ejercicios.<\/p>\n<p>&nbsp;<\/p>\n<p>No sabemos hacia donde ir\u00e1n nuestras realidades globales y locales, pero nosotras de momento continuamos ofreciendo espacios de \u201cLaboratorio\u201d y de \u201capoyo colectivo\u201d que nos ayudan a estar m\u00e1s conectadas con el mundo y a compartir conocimientos. Os queremos invitar y animar a participar de las pr\u00f3ximas experiencias.<\/p>\n<p>&nbsp;<\/p>\n<p><a href=\"http:\/\/www.trabajodeprocesos.net\/nuevas-propuestas-de-laboratorio-de-procesos-en-tiempos-de-crisis-2\/\">M\u00e1s informaci\u00f3n\u00a0<\/a><\/p>\n<p>&nbsp;<\/p>\n<p>&nbsp;<\/p>\n<p><em>Eva Sanchez D\u00edaz<\/em><\/p>\n<p><em>Blanca Fari\u00f1a Pag\u00e8s<\/em><\/p>\n<p>&nbsp;<\/p>\n","protected":false},"excerpt":{"rendered":"<p>LOS LABORATORIOS DE PROCESOS vivos y tomando su propia forma \u00a0 Parece que queda lejos el d\u00eda en que Eva trajo la idea de trabajar grupalmente aquellos aspectos de la vida que desde una mirada colectiva toman una nueva dimensi\u00f3n y sentido. Mirarnos solas a veces se vuelve insuficiente. Quer\u00edamos sentarnos \u201cal lado del fuego\u201d [&hellip;]<\/p>\n","protected":false},"author":8,"featured_media":6572,"comment_status":"closed","ping_status":"open","sticky":false,"template":"","format":"standard","meta":{"footnotes":""},"categories":[29,36],"tags":[],"class_list":["post-6564","post","type-post","status-publish","format-standard","has-post-thumbnail","hentry","category-blog","category-noticias"],"yoast_head":"<!-- This site is optimized with the Yoast SEO plugin v15.4 - https:\/\/yoast.com\/wordpress\/plugins\/seo\/ -->\n<title>Reflexiones de los primeros Laboratorios de Procesos - Trabajo de Procesos<\/title>\n<meta name=\"robots\" content=\"index, follow, max-snippet:-1, max-image-preview:large, max-video-preview:-1\" \/>\n<link rel=\"canonical\" href=\"https:\/\/www.trabajodeprocesos.net\/es\/reflexiones-de-los-primeros-laboratorios-de-procesos\/\" \/>\n<meta property=\"og:locale\" content=\"es_ES\" \/>\n<meta property=\"og:type\" content=\"article\" \/>\n<meta property=\"og:title\" content=\"Reflexiones de los primeros Laboratorios de Procesos - Trabajo de Procesos\" \/>\n<meta property=\"og:description\" content=\"LOS LABORATORIOS DE PROCESOS vivos y tomando su propia forma \u00a0 Parece que queda lejos el d\u00eda en que Eva trajo la idea de trabajar grupalmente aquellos aspectos de la vida que desde una mirada colectiva toman una nueva dimensi\u00f3n y sentido. Mirarnos solas a veces se vuelve insuficiente. Quer\u00edamos sentarnos \u201cal lado del fuego\u201d [&hellip;]\" \/>\n<meta property=\"og:url\" content=\"https:\/\/www.trabajodeprocesos.net\/es\/reflexiones-de-los-primeros-laboratorios-de-procesos\/\" \/>\n<meta property=\"og:site_name\" content=\"Trabajo de Procesos\" \/>\n<meta property=\"article:published_time\" content=\"2020-05-04T21:32:48+00:00\" \/>\n<meta property=\"article:modified_time\" content=\"2026-01-13T08:19:33+00:00\" \/>\n<meta property=\"og:image\" content=\"https:\/\/www.trabajodeprocesos.net\/wp-content\/uploads\/2020\/05\/web-e1588689325966.jpg\" \/>\n\t<meta property=\"og:image:width\" content=\"900\" \/>\n\t<meta property=\"og:image:height\" content=\"675\" \/>\n<meta name=\"twitter:card\" content=\"summary_large_image\" \/>\n<meta name=\"twitter:label1\" content=\"Escrito por\">\n\t<meta name=\"twitter:data1\" content=\"N\u00faria Dan\u00e9s\">\n\t<meta name=\"twitter:label2\" content=\"Tiempo de lectura\">\n\t<meta name=\"twitter:data2\" content=\"1 minuto\">\n<script type=\"application\/ld+json\" class=\"yoast-schema-graph\">{\"@context\":\"https:\/\/schema.org\",\"@graph\":[{\"@type\":\"WebSite\",\"@id\":\"https:\/\/www.trabajodeprocesos.net\/es\/#website\",\"url\":\"https:\/\/www.trabajodeprocesos.net\/es\/\",\"name\":\"Trabajo de Procesos\",\"description\":\"\",\"potentialAction\":[{\"@type\":\"SearchAction\",\"target\":\"https:\/\/www.trabajodeprocesos.net\/es\/?s={search_term_string}\",\"query-input\":\"required name=search_term_string\"}],\"inLanguage\":\"es\"},{\"@type\":\"ImageObject\",\"@id\":\"https:\/\/www.trabajodeprocesos.net\/es\/reflexiones-de-los-primeros-laboratorios-de-procesos\/#primaryimage\",\"inLanguage\":\"es\",\"url\":\"https:\/\/www.trabajodeprocesos.net\/wp-content\/uploads\/2020\/05\/web-e1588689325966.jpg\",\"width\":900,\"height\":675},{\"@type\":\"WebPage\",\"@id\":\"https:\/\/www.trabajodeprocesos.net\/es\/reflexiones-de-los-primeros-laboratorios-de-procesos\/#webpage\",\"url\":\"https:\/\/www.trabajodeprocesos.net\/es\/reflexiones-de-los-primeros-laboratorios-de-procesos\/\",\"name\":\"Reflexiones de los primeros Laboratorios de Procesos - Trabajo de Procesos\",\"isPartOf\":{\"@id\":\"https:\/\/www.trabajodeprocesos.net\/es\/#website\"},\"primaryImageOfPage\":{\"@id\":\"https:\/\/www.trabajodeprocesos.net\/es\/reflexiones-de-los-primeros-laboratorios-de-procesos\/#primaryimage\"},\"datePublished\":\"2020-05-04T21:32:48+00:00\",\"dateModified\":\"2026-01-13T08:19:33+00:00\",\"author\":{\"@id\":\"https:\/\/www.trabajodeprocesos.net\/es\/#\/schema\/person\/a06026a7104490118017893a5d8ab28f\"},\"inLanguage\":\"es\",\"potentialAction\":[{\"@type\":\"ReadAction\",\"target\":[\"https:\/\/www.trabajodeprocesos.net\/es\/reflexiones-de-los-primeros-laboratorios-de-procesos\/\"]}]},{\"@type\":\"Person\",\"@id\":\"https:\/\/www.trabajodeprocesos.net\/es\/#\/schema\/person\/a06026a7104490118017893a5d8ab28f\",\"name\":\"N\\u00faria Dan\\u00e9s\",\"image\":{\"@type\":\"ImageObject\",\"@id\":\"https:\/\/www.trabajodeprocesos.net\/es\/#personlogo\",\"inLanguage\":\"es\",\"url\":\"https:\/\/secure.gravatar.com\/avatar\/6d64b187fbd8ea590db6176fcd5c6857a119653750f5f52ae8eba7b234833530?s=96&d=mm&r=g\",\"caption\":\"N\\u00faria Dan\\u00e9s\"}}]}<\/script>\n<!-- \/ Yoast SEO plugin. -->","_links":{"self":[{"href":"https:\/\/www.trabajodeprocesos.net\/es\/wp-json\/wp\/v2\/posts\/6564","targetHints":{"allow":["GET"]}}],"collection":[{"href":"https:\/\/www.trabajodeprocesos.net\/es\/wp-json\/wp\/v2\/posts"}],"about":[{"href":"https:\/\/www.trabajodeprocesos.net\/es\/wp-json\/wp\/v2\/types\/post"}],"author":[{"embeddable":true,"href":"https:\/\/www.trabajodeprocesos.net\/es\/wp-json\/wp\/v2\/users\/8"}],"replies":[{"embeddable":true,"href":"https:\/\/www.trabajodeprocesos.net\/es\/wp-json\/wp\/v2\/comments?post=6564"}],"version-history":[{"count":1,"href":"https:\/\/www.trabajodeprocesos.net\/es\/wp-json\/wp\/v2\/posts\/6564\/revisions"}],"predecessor-version":[{"id":23276,"href":"https:\/\/www.trabajodeprocesos.net\/es\/wp-json\/wp\/v2\/posts\/6564\/revisions\/23276"}],"wp:featuredmedia":[{"embeddable":true,"href":"https:\/\/www.trabajodeprocesos.net\/es\/wp-json\/wp\/v2\/media\/6572"}],"wp:attachment":[{"href":"https:\/\/www.trabajodeprocesos.net\/es\/wp-json\/wp\/v2\/media?parent=6564"}],"wp:term":[{"taxonomy":"category","embeddable":true,"href":"https:\/\/www.trabajodeprocesos.net\/es\/wp-json\/wp\/v2\/categories?post=6564"},{"taxonomy":"post_tag","embeddable":true,"href":"https:\/\/www.trabajodeprocesos.net\/es\/wp-json\/wp\/v2\/tags?post=6564"}],"curies":[{"name":"wp","href":"https:\/\/api.w.org\/{rel}","templated":true}]}}