{"id":6542,"date":"2020-04-29T22:56:58","date_gmt":"2020-04-29T20:56:58","guid":{"rendered":"http:\/\/www.trabajodeprocesos.net\/?p=6542"},"modified":"2026-01-13T10:19:33","modified_gmt":"2026-01-13T08:19:33","slug":"nuevo-telefono-de-apoyo-emocional-gratuito-para-personas-en-primera-linea-del-covid-19","status":"publish","type":"post","link":"https:\/\/www.trabajodeprocesos.net\/es\/nuevo-telefono-de-apoyo-emocional-gratuito-para-personas-en-primera-linea-del-covid-19\/","title":{"rendered":"Nuevo Tel\u00e9fono de apoyo emocional gratuito para personas en primera l\u00ednea del Covid-19"},"content":{"rendered":"<h3><\/h3>\n<h3>Nuevo Tel\u00e9fono de apoyo emocional gratuito para personas en primera l\u00ednea del Covid-19<\/h3>\n<p>Desde el Instituto de Trabajo de Procesos nos queremos poner al servicio de la actual situaci\u00f3n de crisis, ofreciendo nuestros conocimientos y experiencia en el acompa\u00f1amiento emocional individual en momentos de especial dificultad y dolor.<\/p>\n<p>Es por eso que abrimos un nuevo tel\u00e9fono de apoyo emocional gratuito a personas en primera l\u00ednea del Covid-19 para sumarnos a las iniciativas de apoyo que ya se est\u00e1n ofreciendo. Y lo hacemos porque es un derecho y un deber humano apoyarnos en momentos tan trascendentes como el actual, y porque nos sentimos con la fuerza y \u200b\u200bla ternura para ofrecer este acompa\u00f1amiento.<\/p>\n<p>En colaboraci\u00f3n con la <a href=\"https:\/\/filalagulla.org\/es\/\">cooperativa Fil a l&#8217;Agulla<\/a>\u00a0y <a href=\"https:\/\/www.laxixateatre.org\/\">La Xixa Teatre<\/a> ofrecemos soporte telef\u00f3nico a:<\/p>\n<ul>\n<li>Personas hospitalizadas y sus familiares<\/li>\n<li>Personal sanitario y asistencial que trabaja en hospitales y residencias de ancianos, personas que se est\u00e1n relacionando muy directamente con la muerte<\/li>\n<\/ul>\n<p>&nbsp;<\/p>\n<p><strong>Tel\u00e9fono<\/strong>: 625 748 734<\/p>\n<p><strong>Horario<\/strong>: de lunes a viernes de 9 a 14 h y 16 a 20 h<\/p>\n<p><strong>Idioma<\/strong>: Catal\u00e1n o castellano<\/p>\n<p><strong>Email<\/strong>: suport@filalagulla.org<\/p>\n<p>&nbsp;<\/p>\n<p>&nbsp;<\/p>\n","protected":false},"excerpt":{"rendered":"<p>Nuevo Tel\u00e9fono de apoyo emocional gratuito para personas en primera l\u00ednea del Covid-19 Desde el Instituto de Trabajo de Procesos nos queremos poner al servicio de la actual situaci\u00f3n de crisis, ofreciendo nuestros conocimientos y experiencia en el acompa\u00f1amiento emocional individual en momentos de especial dificultad y dolor. Es por eso que abrimos un nuevo [&hellip;]<\/p>\n","protected":false},"author":8,"featured_media":6544,"comment_status":"closed","ping_status":"open","sticky":false,"template":"","format":"standard","meta":{"footnotes":""},"categories":[29,36],"tags":[],"class_list":["post-6542","post","type-post","status-publish","format-standard","has-post-thumbnail","hentry","category-blog","category-noticias"],"yoast_head":"<!-- This site is optimized with the Yoast SEO plugin v15.4 - https:\/\/yoast.com\/wordpress\/plugins\/seo\/ -->\n<title>Nuevo Tel\u00e9fono de apoyo emocional gratuito para personas en primera l\u00ednea del Covid-19 - Trabajo de Procesos<\/title>\n<meta name=\"robots\" content=\"index, follow, max-snippet:-1, max-image-preview:large, max-video-preview:-1\" \/>\n<link rel=\"canonical\" href=\"https:\/\/www.trabajodeprocesos.net\/es\/nuevo-telefono-de-apoyo-emocional-gratuito-para-personas-en-primera-linea-del-covid-19\/\" \/>\n<meta property=\"og:locale\" content=\"es_ES\" \/>\n<meta property=\"og:type\" content=\"article\" \/>\n<meta property=\"og:title\" content=\"Nuevo Tel\u00e9fono de apoyo emocional gratuito para personas en primera l\u00ednea del Covid-19 - Trabajo de Procesos\" \/>\n<meta property=\"og:description\" content=\"Nuevo Tel\u00e9fono de apoyo emocional gratuito para personas en primera l\u00ednea del Covid-19 Desde el Instituto de Trabajo de Procesos nos queremos poner al servicio de la actual situaci\u00f3n de crisis, ofreciendo nuestros conocimientos y experiencia en el acompa\u00f1amiento emocional individual en momentos de especial dificultad y dolor. Es por eso que abrimos un nuevo [&hellip;]\" \/>\n<meta property=\"og:url\" content=\"https:\/\/www.trabajodeprocesos.net\/es\/nuevo-telefono-de-apoyo-emocional-gratuito-para-personas-en-primera-linea-del-covid-19\/\" \/>\n<meta property=\"og:site_name\" content=\"Trabajo de Procesos\" \/>\n<meta property=\"article:published_time\" content=\"2020-04-29T20:56:58+00:00\" \/>\n<meta property=\"article:modified_time\" content=\"2026-01-13T08:19:33+00:00\" \/>\n<meta property=\"og:image\" content=\"https:\/\/www.trabajodeprocesos.net\/wp-content\/uploads\/2020\/04\/Telefono.jpg\" \/>\n\t<meta property=\"og:image:width\" content=\"905\" \/>\n\t<meta property=\"og:image:height\" content=\"778\" \/>\n<meta name=\"twitter:card\" content=\"summary_large_image\" \/>\n<meta name=\"twitter:label1\" content=\"Escrito por\">\n\t<meta name=\"twitter:data1\" content=\"N\u00faria Dan\u00e9s\">\n\t<meta name=\"twitter:label2\" content=\"Tiempo de lectura\">\n\t<meta name=\"twitter:data2\" content=\"1 minuto\">\n<script type=\"application\/ld+json\" class=\"yoast-schema-graph\">{\"@context\":\"https:\/\/schema.org\",\"@graph\":[{\"@type\":\"WebSite\",\"@id\":\"https:\/\/www.trabajodeprocesos.net\/es\/#website\",\"url\":\"https:\/\/www.trabajodeprocesos.net\/es\/\",\"name\":\"Trabajo de Procesos\",\"description\":\"\",\"potentialAction\":[{\"@type\":\"SearchAction\",\"target\":\"https:\/\/www.trabajodeprocesos.net\/es\/?s={search_term_string}\",\"query-input\":\"required name=search_term_string\"}],\"inLanguage\":\"es\"},{\"@type\":\"ImageObject\",\"@id\":\"https:\/\/www.trabajodeprocesos.net\/es\/nuevo-telefono-de-apoyo-emocional-gratuito-para-personas-en-primera-linea-del-covid-19\/#primaryimage\",\"inLanguage\":\"es\",\"url\":\"https:\/\/www.trabajodeprocesos.net\/wp-content\/uploads\/2020\/04\/Telefono.jpg\",\"width\":905,\"height\":778},{\"@type\":\"WebPage\",\"@id\":\"https:\/\/www.trabajodeprocesos.net\/es\/nuevo-telefono-de-apoyo-emocional-gratuito-para-personas-en-primera-linea-del-covid-19\/#webpage\",\"url\":\"https:\/\/www.trabajodeprocesos.net\/es\/nuevo-telefono-de-apoyo-emocional-gratuito-para-personas-en-primera-linea-del-covid-19\/\",\"name\":\"Nuevo Tel\\u00e9fono de apoyo emocional gratuito para personas en primera l\\u00ednea del Covid-19 - Trabajo de Procesos\",\"isPartOf\":{\"@id\":\"https:\/\/www.trabajodeprocesos.net\/es\/#website\"},\"primaryImageOfPage\":{\"@id\":\"https:\/\/www.trabajodeprocesos.net\/es\/nuevo-telefono-de-apoyo-emocional-gratuito-para-personas-en-primera-linea-del-covid-19\/#primaryimage\"},\"datePublished\":\"2020-04-29T20:56:58+00:00\",\"dateModified\":\"2026-01-13T08:19:33+00:00\",\"author\":{\"@id\":\"https:\/\/www.trabajodeprocesos.net\/es\/#\/schema\/person\/a06026a7104490118017893a5d8ab28f\"},\"inLanguage\":\"es\",\"potentialAction\":[{\"@type\":\"ReadAction\",\"target\":[\"https:\/\/www.trabajodeprocesos.net\/es\/nuevo-telefono-de-apoyo-emocional-gratuito-para-personas-en-primera-linea-del-covid-19\/\"]}]},{\"@type\":\"Person\",\"@id\":\"https:\/\/www.trabajodeprocesos.net\/es\/#\/schema\/person\/a06026a7104490118017893a5d8ab28f\",\"name\":\"N\\u00faria Dan\\u00e9s\",\"image\":{\"@type\":\"ImageObject\",\"@id\":\"https:\/\/www.trabajodeprocesos.net\/es\/#personlogo\",\"inLanguage\":\"es\",\"url\":\"https:\/\/secure.gravatar.com\/avatar\/6d64b187fbd8ea590db6176fcd5c6857a119653750f5f52ae8eba7b234833530?s=96&d=mm&r=g\",\"caption\":\"N\\u00faria Dan\\u00e9s\"}}]}<\/script>\n<!-- \/ Yoast SEO plugin. -->","_links":{"self":[{"href":"https:\/\/www.trabajodeprocesos.net\/es\/wp-json\/wp\/v2\/posts\/6542","targetHints":{"allow":["GET"]}}],"collection":[{"href":"https:\/\/www.trabajodeprocesos.net\/es\/wp-json\/wp\/v2\/posts"}],"about":[{"href":"https:\/\/www.trabajodeprocesos.net\/es\/wp-json\/wp\/v2\/types\/post"}],"author":[{"embeddable":true,"href":"https:\/\/www.trabajodeprocesos.net\/es\/wp-json\/wp\/v2\/users\/8"}],"replies":[{"embeddable":true,"href":"https:\/\/www.trabajodeprocesos.net\/es\/wp-json\/wp\/v2\/comments?post=6542"}],"version-history":[{"count":1,"href":"https:\/\/www.trabajodeprocesos.net\/es\/wp-json\/wp\/v2\/posts\/6542\/revisions"}],"predecessor-version":[{"id":23277,"href":"https:\/\/www.trabajodeprocesos.net\/es\/wp-json\/wp\/v2\/posts\/6542\/revisions\/23277"}],"wp:featuredmedia":[{"embeddable":true,"href":"https:\/\/www.trabajodeprocesos.net\/es\/wp-json\/wp\/v2\/media\/6544"}],"wp:attachment":[{"href":"https:\/\/www.trabajodeprocesos.net\/es\/wp-json\/wp\/v2\/media?parent=6542"}],"wp:term":[{"taxonomy":"category","embeddable":true,"href":"https:\/\/www.trabajodeprocesos.net\/es\/wp-json\/wp\/v2\/categories?post=6542"},{"taxonomy":"post_tag","embeddable":true,"href":"https:\/\/www.trabajodeprocesos.net\/es\/wp-json\/wp\/v2\/tags?post=6542"}],"curies":[{"name":"wp","href":"https:\/\/api.w.org\/{rel}","templated":true}]}}