{"id":6473,"date":"2020-04-20T22:05:43","date_gmt":"2020-04-20T20:05:43","guid":{"rendered":"http:\/\/www.trabajodeprocesos.net\/?p=6473"},"modified":"2026-01-13T10:19:34","modified_gmt":"2026-01-13T08:19:34","slug":"raul-ramirez-miembro-del-instituto-nos-comparte-sus-vivencias-con-el-covid19","status":"publish","type":"post","link":"https:\/\/www.trabajodeprocesos.net\/es\/raul-ramirez-miembro-del-instituto-nos-comparte-sus-vivencias-con-el-covid19\/","title":{"rendered":"Ra\u00fal Ram\u00edrez, miembro del Instituto nos comparte sus vivencias con el Covid19"},"content":{"rendered":"<h3><\/h3>\n<h3>Cuando perd\u00ed mis privilegios<\/h3>\n<p>&nbsp;<\/p>\n<p class=\"p1\">Soy un hombre blanco del primer mundo. Cada ma\u00f1ana me levanto en la casa que comparto con mi pareja. Si voy a la cocina encuentro la nevera y los armarios llenos de comida sana, ecol\u00f3gica y siempre en abundancia. Desde mi terraza me asomo al mundo exterior y mi sensaci\u00f3n es amplia, se que el mundo est\u00e1 ah\u00ed para mi, solo tengo que salir a buscarlo. Puedo elegir cuando trabajar, escucharme y quedarme en casa si lo necesito. Voy al gimnasio varios d\u00edas a la semana y practico Taich\u00ed, para mantener un buen equilibrio cuerpo-mente. Estudio un Grado en Psicolog\u00eda y Trabajo de Procesos, porque es lo que me apasiona, forma parte de mi mito de vida. Recibo terapia y supervisi\u00f3n para \u00abquemar le\u00f1a\u00bb y refinar mis habilidades como facilitador. En l\u00edneas generales me va bien y estoy donde quiero estar, soy un privilegiado.<\/p>\n<p>&nbsp;<\/p>\n<p class=\"p1\">Pero todo eso ya es historia. El d\u00eda 16 de Marzo comenz\u00f3 el confinamiento por Covid19 y con \u00e9l, perd\u00ed mis privilegios. Toda mi identidad se tambalea. A\u00fan as\u00ed la resistencia es f\u00e9rrea, mi proceso primario se esfuerza cada ma\u00f1ana en mantener el gui\u00f3n que llevo siguiendo estos \u00faltimos a\u00f1os. Me<span class=\"Apple-converted-space\">\u00a0 <\/span>lanzo al ciberespacio para buscar clientes, orgulloso de mi capacidad de adaptaci\u00f3n. Replico lo que ya se hacer en el mundo online. Sin embargo, noto que hay algo m\u00e1s que est\u00e1 emergiendo en la sombra. Un proceso secundario sin forma, el tipo de proceso que a\u00fan no tiene cuerpo, ni huele, ni suena a nada. Lo noto tras de m\u00ed en cada momento del d\u00eda, y me da miedo, por eso trabajo m\u00e1s duro cada d\u00eda en mantener mi identidad.<\/p>\n<p>&nbsp;<\/p>\n<p class=\"p1\">Hoy me hago varias preguntas. \u00bfQui\u00e9n es la\u00bbsombra\u00bb que crece tras de m\u00ed? \u00bfQu\u00e9 quiere? \u00bfPor qu\u00e9 me da tanto miedo? Cuando pienso en desplegarlo me da m\u00e1s miedo a\u00fan, me trae una nada absolutamente inc\u00f3moda. Y empiezo a tomar conciencia de que qui\u00e9n llega ahora es \u00abel misterio\u00bb. Un proceso atravesado por la incertidumbre del contexto que me lleva hasta los l\u00edmites de mi identidad primaria. Si me quedo un poco m\u00e1s all\u00ed, me siento entre dos abismos crecientes. A un lado un mundo en crisis a distintos niveles, y al otro lado el misterio profundo. Mi impulso es decidir a cual entregarme, pero mi sabio interno me dice que me quede all\u00ed, que saboree ese lugar entre los mundos. Mi aprendizaje est\u00e1 ambos, necesito tiempo para notar cual es mi lugar actual y en alg\u00fan momento decidir\u00e9 hacia donde ir. Estas tensiones me recuerdan que a\u00fan estoy vivo, y que aunque perd\u00ed muchos privilegios, todav\u00eda conservo algunos. Agradezco cada uno de ellos.<\/p>\n<p>&nbsp;<\/p>\n<p>Ra\u00fal Ram\u00edrez<\/p>\n<p>Estudiante y miembro del Instituto de Trabajo de Procesos<\/p>\n<p>&nbsp;<\/p>\n<p>&nbsp;<\/p>\n","protected":false},"excerpt":{"rendered":"<p>Cuando perd\u00ed mis privilegios &nbsp; Soy un hombre blanco del primer mundo. Cada ma\u00f1ana me levanto en la casa que comparto con mi pareja. Si voy a la cocina encuentro la nevera y los armarios llenos de comida sana, ecol\u00f3gica y siempre en abundancia. Desde mi terraza me asomo al mundo exterior y mi sensaci\u00f3n [&hellip;]<\/p>\n","protected":false},"author":8,"featured_media":6474,"comment_status":"closed","ping_status":"open","sticky":false,"template":"","format":"standard","meta":{"footnotes":""},"categories":[29,36],"tags":[],"class_list":["post-6473","post","type-post","status-publish","format-standard","has-post-thumbnail","hentry","category-blog","category-noticias"],"yoast_head":"<!-- This site is optimized with the Yoast SEO plugin v15.4 - https:\/\/yoast.com\/wordpress\/plugins\/seo\/ -->\n<title>Ra\u00fal Ram\u00edrez, miembro del Instituto nos comparte sus vivencias con el Covid19 - Trabajo de Procesos<\/title>\n<meta name=\"robots\" content=\"index, follow, max-snippet:-1, max-image-preview:large, max-video-preview:-1\" \/>\n<link rel=\"canonical\" href=\"https:\/\/www.trabajodeprocesos.net\/es\/raul-ramirez-miembro-del-instituto-nos-comparte-sus-vivencias-con-el-covid19\/\" \/>\n<meta property=\"og:locale\" content=\"es_ES\" \/>\n<meta property=\"og:type\" content=\"article\" \/>\n<meta property=\"og:title\" content=\"Ra\u00fal Ram\u00edrez, miembro del Instituto nos comparte sus vivencias con el Covid19 - Trabajo de Procesos\" \/>\n<meta property=\"og:description\" content=\"Cuando perd\u00ed mis privilegios &nbsp; Soy un hombre blanco del primer mundo. Cada ma\u00f1ana me levanto en la casa que comparto con mi pareja. Si voy a la cocina encuentro la nevera y los armarios llenos de comida sana, ecol\u00f3gica y siempre en abundancia. Desde mi terraza me asomo al mundo exterior y mi sensaci\u00f3n [&hellip;]\" \/>\n<meta property=\"og:url\" content=\"https:\/\/www.trabajodeprocesos.net\/es\/raul-ramirez-miembro-del-instituto-nos-comparte-sus-vivencias-con-el-covid19\/\" \/>\n<meta property=\"og:site_name\" content=\"Trabajo de Procesos\" \/>\n<meta property=\"article:published_time\" content=\"2020-04-20T20:05:43+00:00\" \/>\n<meta property=\"article:modified_time\" content=\"2026-01-13T08:19:34+00:00\" \/>\n<meta property=\"og:image\" content=\"https:\/\/www.trabajodeprocesos.net\/wp-content\/uploads\/2020\/04\/mohamed-nohassi-odxB5oIG_iA-unsplash-e1587412645917.jpg\" \/>\n\t<meta property=\"og:image:width\" content=\"900\" \/>\n\t<meta property=\"og:image:height\" content=\"600\" \/>\n<meta name=\"twitter:card\" content=\"summary_large_image\" \/>\n<meta name=\"twitter:label1\" content=\"Escrito por\">\n\t<meta name=\"twitter:data1\" content=\"N\u00faria Dan\u00e9s\">\n\t<meta name=\"twitter:label2\" content=\"Tiempo de lectura\">\n\t<meta name=\"twitter:data2\" content=\"2 minutos\">\n<script type=\"application\/ld+json\" class=\"yoast-schema-graph\">{\"@context\":\"https:\/\/schema.org\",\"@graph\":[{\"@type\":\"WebSite\",\"@id\":\"https:\/\/www.trabajodeprocesos.net\/es\/#website\",\"url\":\"https:\/\/www.trabajodeprocesos.net\/es\/\",\"name\":\"Trabajo de Procesos\",\"description\":\"\",\"potentialAction\":[{\"@type\":\"SearchAction\",\"target\":\"https:\/\/www.trabajodeprocesos.net\/es\/?s={search_term_string}\",\"query-input\":\"required name=search_term_string\"}],\"inLanguage\":\"es\"},{\"@type\":\"ImageObject\",\"@id\":\"https:\/\/www.trabajodeprocesos.net\/es\/raul-ramirez-miembro-del-instituto-nos-comparte-sus-vivencias-con-el-covid19\/#primaryimage\",\"inLanguage\":\"es\",\"url\":\"https:\/\/www.trabajodeprocesos.net\/wp-content\/uploads\/2020\/04\/mohamed-nohassi-odxB5oIG_iA-unsplash-e1587412645917.jpg\",\"width\":900,\"height\":600},{\"@type\":\"WebPage\",\"@id\":\"https:\/\/www.trabajodeprocesos.net\/es\/raul-ramirez-miembro-del-instituto-nos-comparte-sus-vivencias-con-el-covid19\/#webpage\",\"url\":\"https:\/\/www.trabajodeprocesos.net\/es\/raul-ramirez-miembro-del-instituto-nos-comparte-sus-vivencias-con-el-covid19\/\",\"name\":\"Ra\\u00fal Ram\\u00edrez, miembro del Instituto nos comparte sus vivencias con el Covid19 - Trabajo de Procesos\",\"isPartOf\":{\"@id\":\"https:\/\/www.trabajodeprocesos.net\/es\/#website\"},\"primaryImageOfPage\":{\"@id\":\"https:\/\/www.trabajodeprocesos.net\/es\/raul-ramirez-miembro-del-instituto-nos-comparte-sus-vivencias-con-el-covid19\/#primaryimage\"},\"datePublished\":\"2020-04-20T20:05:43+00:00\",\"dateModified\":\"2026-01-13T08:19:34+00:00\",\"author\":{\"@id\":\"https:\/\/www.trabajodeprocesos.net\/es\/#\/schema\/person\/a06026a7104490118017893a5d8ab28f\"},\"inLanguage\":\"es\",\"potentialAction\":[{\"@type\":\"ReadAction\",\"target\":[\"https:\/\/www.trabajodeprocesos.net\/es\/raul-ramirez-miembro-del-instituto-nos-comparte-sus-vivencias-con-el-covid19\/\"]}]},{\"@type\":\"Person\",\"@id\":\"https:\/\/www.trabajodeprocesos.net\/es\/#\/schema\/person\/a06026a7104490118017893a5d8ab28f\",\"name\":\"N\\u00faria Dan\\u00e9s\",\"image\":{\"@type\":\"ImageObject\",\"@id\":\"https:\/\/www.trabajodeprocesos.net\/es\/#personlogo\",\"inLanguage\":\"es\",\"url\":\"https:\/\/secure.gravatar.com\/avatar\/6d64b187fbd8ea590db6176fcd5c6857a119653750f5f52ae8eba7b234833530?s=96&d=mm&r=g\",\"caption\":\"N\\u00faria Dan\\u00e9s\"}}]}<\/script>\n<!-- \/ Yoast SEO plugin. -->","_links":{"self":[{"href":"https:\/\/www.trabajodeprocesos.net\/es\/wp-json\/wp\/v2\/posts\/6473","targetHints":{"allow":["GET"]}}],"collection":[{"href":"https:\/\/www.trabajodeprocesos.net\/es\/wp-json\/wp\/v2\/posts"}],"about":[{"href":"https:\/\/www.trabajodeprocesos.net\/es\/wp-json\/wp\/v2\/types\/post"}],"author":[{"embeddable":true,"href":"https:\/\/www.trabajodeprocesos.net\/es\/wp-json\/wp\/v2\/users\/8"}],"replies":[{"embeddable":true,"href":"https:\/\/www.trabajodeprocesos.net\/es\/wp-json\/wp\/v2\/comments?post=6473"}],"version-history":[{"count":1,"href":"https:\/\/www.trabajodeprocesos.net\/es\/wp-json\/wp\/v2\/posts\/6473\/revisions"}],"predecessor-version":[{"id":23280,"href":"https:\/\/www.trabajodeprocesos.net\/es\/wp-json\/wp\/v2\/posts\/6473\/revisions\/23280"}],"wp:featuredmedia":[{"embeddable":true,"href":"https:\/\/www.trabajodeprocesos.net\/es\/wp-json\/wp\/v2\/media\/6474"}],"wp:attachment":[{"href":"https:\/\/www.trabajodeprocesos.net\/es\/wp-json\/wp\/v2\/media?parent=6473"}],"wp:term":[{"taxonomy":"category","embeddable":true,"href":"https:\/\/www.trabajodeprocesos.net\/es\/wp-json\/wp\/v2\/categories?post=6473"},{"taxonomy":"post_tag","embeddable":true,"href":"https:\/\/www.trabajodeprocesos.net\/es\/wp-json\/wp\/v2\/tags?post=6473"}],"curies":[{"name":"wp","href":"https:\/\/api.w.org\/{rel}","templated":true}]}}