{"id":6384,"date":"2020-04-03T12:31:13","date_gmt":"2020-04-03T10:31:13","guid":{"rendered":"http:\/\/www.trabajodeprocesos.net\/?p=6384"},"modified":"2026-01-13T10:19:34","modified_gmt":"2026-01-13T08:19:34","slug":"9-de-abril-17h-la-filosofia-del-ubuntu-yo-soy-porque-nosotros-somos-charla-gratuita-online-enmarcada-dentro-del-curso-de-facilitacion-trienal-en-colaboracion-con-fil-a-lagulla","status":"publish","type":"post","link":"https:\/\/www.trabajodeprocesos.net\/es\/9-de-abril-17h-la-filosofia-del-ubuntu-yo-soy-porque-nosotros-somos-charla-gratuita-online-enmarcada-dentro-del-curso-de-facilitacion-trienal-en-colaboracion-con-fil-a-lagulla\/","title":{"rendered":"9 de abril-17h \u00abLa filosof\u00eda del ubuntu: Yo soy porque nosotros somos\u00bb Charla gratuita online enmarcada dentro del Curso de Facilitaci\u00f3n Trienal en colaboraci\u00f3n con Fil a l&#8217;Agulla"},"content":{"rendered":"<p>El jueves 9 de abril, a las 17 h, Nonty Charity Sabic har\u00e1 una charla sobre el ubuntu, una filosof\u00eda ancestral que considera la solidaridad colectiva como eje central para la supervivencia de nuestro planeta y de la raza humana.<\/p>\n<p>Esta charla online, gratuita y abierta a todo el que quiera participar, est\u00e1 enmarcada dentro del <a href=\"http:\/\/www.trabajodeprocesos.net\/curso-de-facilitacion-trianual-con-fil-a-lagulla\/\">Curso de Facilitaci\u00f3n Trienal en colaboraci\u00f3n con Fil a l&#8217;agulla.<\/a><\/p>\n<p>La filosof\u00eda del ubuntu deriva de una palabra Nguni \u00abubuntu\u00bb, que significa \u00abla cualidad de ser humano\u00bb, y se manifiesta a trav\u00e9s de varios actos humanos, claramente visibles en situaciones sociales, pol\u00edticas y econ\u00f3micas, as\u00ed como entre la comunidad o familia. El ubuntu corre por las venas de todas las personas africanas.<\/p>\n<p>Cu\u00e1ndo: 9 de abril de 17 a 19 h<br \/>\nD\u00f3nde: ONLINE, podr\u00e1s seguir la <strong>charla en directo v\u00eda este enlace de\u00a0<a href=\"https:\/\/zoom.us\/j\/824558013?pwd=TGRsLytuREJKK0tqWm91OThXVXhEUT09\">ZOOM<\/a>.<\/strong><br \/>\nIdioma: Ingl\u00e9s, con traducci\u00f3n al castellano<\/p>\n<p>No es necesario inscripci\u00f3n previa. No puedes seguirla en directo. La sesi\u00f3n ser\u00e1 grabada y compartida a nuestros canales.<\/p>\n<p>\u00bfNecesitas m\u00e1s informaci\u00f3n? Visita nuestra web o escr\u00edbenos a info@trabajodeprocesos.net o escolafil@filalagulla.org.<\/p>\n<p>&nbsp;<\/p>\n<p>&nbsp;<\/p>\n","protected":false},"excerpt":{"rendered":"<p>El jueves 9 de abril, a las 17 h, Nonty Charity Sabic har\u00e1 una charla sobre el ubuntu, una filosof\u00eda ancestral que considera la solidaridad colectiva como eje central para la supervivencia de nuestro planeta y de la raza humana. Esta charla online, gratuita y abierta a todo el que quiera participar, est\u00e1 enmarcada dentro [&hellip;]<\/p>\n","protected":false},"author":6,"featured_media":6385,"comment_status":"closed","ping_status":"open","sticky":false,"template":"","format":"standard","meta":{"footnotes":""},"categories":[29,36],"tags":[],"class_list":["post-6384","post","type-post","status-publish","format-standard","has-post-thumbnail","hentry","category-blog","category-noticias"],"yoast_head":"<!-- This site is optimized with the Yoast SEO plugin v15.4 - https:\/\/yoast.com\/wordpress\/plugins\/seo\/ -->\n<title>9 de abril-17h &quot;La filosof\u00eda del ubuntu: Yo soy porque nosotros somos&quot; Charla gratuita online enmarcada dentro del Curso de Facilitaci\u00f3n Trienal en colaboraci\u00f3n con Fil a l&#039;Agulla - Trabajo de Procesos<\/title>\n<meta name=\"robots\" content=\"index, follow, max-snippet:-1, max-image-preview:large, max-video-preview:-1\" \/>\n<link rel=\"canonical\" href=\"https:\/\/www.trabajodeprocesos.net\/es\/9-de-abril-17h-la-filosofia-del-ubuntu-yo-soy-porque-nosotros-somos-charla-gratuita-online-enmarcada-dentro-del-curso-de-facilitacion-trienal-en-colaboracion-con-fil-a-lagulla\/\" \/>\n<meta property=\"og:locale\" content=\"es_ES\" \/>\n<meta property=\"og:type\" content=\"article\" \/>\n<meta property=\"og:title\" content=\"9 de abril-17h &quot;La filosof\u00eda del ubuntu: Yo soy porque nosotros somos&quot; Charla gratuita online enmarcada dentro del Curso de Facilitaci\u00f3n Trienal en colaboraci\u00f3n con Fil a l&#039;Agulla - Trabajo de Procesos\" \/>\n<meta property=\"og:description\" content=\"El jueves 9 de abril, a las 17 h, Nonty Charity Sabic har\u00e1 una charla sobre el ubuntu, una filosof\u00eda ancestral que considera la solidaridad colectiva como eje central para la supervivencia de nuestro planeta y de la raza humana. Esta charla online, gratuita y abierta a todo el que quiera participar, est\u00e1 enmarcada dentro [&hellip;]\" \/>\n<meta property=\"og:url\" content=\"https:\/\/www.trabajodeprocesos.net\/es\/9-de-abril-17h-la-filosofia-del-ubuntu-yo-soy-porque-nosotros-somos-charla-gratuita-online-enmarcada-dentro-del-curso-de-facilitacion-trienal-en-colaboracion-con-fil-a-lagulla\/\" \/>\n<meta property=\"og:site_name\" content=\"Trabajo de Procesos\" \/>\n<meta property=\"article:published_time\" content=\"2020-04-03T10:31:13+00:00\" \/>\n<meta property=\"article:modified_time\" content=\"2026-01-13T08:19:34+00:00\" \/>\n<meta property=\"og:image\" content=\"https:\/\/www.trabajodeprocesos.net\/wp-content\/uploads\/2020\/04\/WEB_-Cartells-Formacions-UBUNTI.jpg\" \/>\n\t<meta property=\"og:image:width\" content=\"590\" \/>\n\t<meta property=\"og:image:height\" content=\"421\" \/>\n<meta name=\"twitter:card\" content=\"summary_large_image\" \/>\n<meta name=\"twitter:label1\" content=\"Escrito por\">\n\t<meta name=\"twitter:data1\" content=\"Admin\">\n\t<meta name=\"twitter:label2\" content=\"Tiempo de lectura\">\n\t<meta name=\"twitter:data2\" content=\"1 minuto\">\n<script type=\"application\/ld+json\" class=\"yoast-schema-graph\">{\"@context\":\"https:\/\/schema.org\",\"@graph\":[{\"@type\":\"WebSite\",\"@id\":\"https:\/\/www.trabajodeprocesos.net\/es\/#website\",\"url\":\"https:\/\/www.trabajodeprocesos.net\/es\/\",\"name\":\"Trabajo de Procesos\",\"description\":\"\",\"potentialAction\":[{\"@type\":\"SearchAction\",\"target\":\"https:\/\/www.trabajodeprocesos.net\/es\/?s={search_term_string}\",\"query-input\":\"required name=search_term_string\"}],\"inLanguage\":\"es\"},{\"@type\":\"ImageObject\",\"@id\":\"https:\/\/www.trabajodeprocesos.net\/es\/9-de-abril-17h-la-filosofia-del-ubuntu-yo-soy-porque-nosotros-somos-charla-gratuita-online-enmarcada-dentro-del-curso-de-facilitacion-trienal-en-colaboracion-con-fil-a-lagulla\/#primaryimage\",\"inLanguage\":\"es\",\"url\":\"https:\/\/www.trabajodeprocesos.net\/wp-content\/uploads\/2020\/04\/WEB_-Cartells-Formacions-UBUNTI.jpg\",\"width\":590,\"height\":421},{\"@type\":\"WebPage\",\"@id\":\"https:\/\/www.trabajodeprocesos.net\/es\/9-de-abril-17h-la-filosofia-del-ubuntu-yo-soy-porque-nosotros-somos-charla-gratuita-online-enmarcada-dentro-del-curso-de-facilitacion-trienal-en-colaboracion-con-fil-a-lagulla\/#webpage\",\"url\":\"https:\/\/www.trabajodeprocesos.net\/es\/9-de-abril-17h-la-filosofia-del-ubuntu-yo-soy-porque-nosotros-somos-charla-gratuita-online-enmarcada-dentro-del-curso-de-facilitacion-trienal-en-colaboracion-con-fil-a-lagulla\/\",\"name\":\"9 de abril-17h \\\"La filosof\\u00eda del ubuntu: Yo soy porque nosotros somos\\\" Charla gratuita online enmarcada dentro del Curso de Facilitaci\\u00f3n Trienal en colaboraci\\u00f3n con Fil a l'Agulla - Trabajo de Procesos\",\"isPartOf\":{\"@id\":\"https:\/\/www.trabajodeprocesos.net\/es\/#website\"},\"primaryImageOfPage\":{\"@id\":\"https:\/\/www.trabajodeprocesos.net\/es\/9-de-abril-17h-la-filosofia-del-ubuntu-yo-soy-porque-nosotros-somos-charla-gratuita-online-enmarcada-dentro-del-curso-de-facilitacion-trienal-en-colaboracion-con-fil-a-lagulla\/#primaryimage\"},\"datePublished\":\"2020-04-03T10:31:13+00:00\",\"dateModified\":\"2026-01-13T08:19:34+00:00\",\"author\":{\"@id\":\"https:\/\/www.trabajodeprocesos.net\/es\/#\/schema\/person\/f94150c60776078d5e5dff2343cf5d3c\"},\"inLanguage\":\"es\",\"potentialAction\":[{\"@type\":\"ReadAction\",\"target\":[\"https:\/\/www.trabajodeprocesos.net\/es\/9-de-abril-17h-la-filosofia-del-ubuntu-yo-soy-porque-nosotros-somos-charla-gratuita-online-enmarcada-dentro-del-curso-de-facilitacion-trienal-en-colaboracion-con-fil-a-lagulla\/\"]}]},{\"@type\":\"Person\",\"@id\":\"https:\/\/www.trabajodeprocesos.net\/es\/#\/schema\/person\/f94150c60776078d5e5dff2343cf5d3c\",\"name\":\"Admin\",\"image\":{\"@type\":\"ImageObject\",\"@id\":\"https:\/\/www.trabajodeprocesos.net\/es\/#personlogo\",\"inLanguage\":\"es\",\"url\":\"https:\/\/secure.gravatar.com\/avatar\/f1444f2c291341a5e91ff3d721bde7263603974dd051d1bc9f64e3a3ba862485?s=96&d=mm&r=g\",\"caption\":\"Admin\"}}]}<\/script>\n<!-- \/ Yoast SEO plugin. -->","_links":{"self":[{"href":"https:\/\/www.trabajodeprocesos.net\/es\/wp-json\/wp\/v2\/posts\/6384","targetHints":{"allow":["GET"]}}],"collection":[{"href":"https:\/\/www.trabajodeprocesos.net\/es\/wp-json\/wp\/v2\/posts"}],"about":[{"href":"https:\/\/www.trabajodeprocesos.net\/es\/wp-json\/wp\/v2\/types\/post"}],"author":[{"embeddable":true,"href":"https:\/\/www.trabajodeprocesos.net\/es\/wp-json\/wp\/v2\/users\/6"}],"replies":[{"embeddable":true,"href":"https:\/\/www.trabajodeprocesos.net\/es\/wp-json\/wp\/v2\/comments?post=6384"}],"version-history":[{"count":1,"href":"https:\/\/www.trabajodeprocesos.net\/es\/wp-json\/wp\/v2\/posts\/6384\/revisions"}],"predecessor-version":[{"id":23283,"href":"https:\/\/www.trabajodeprocesos.net\/es\/wp-json\/wp\/v2\/posts\/6384\/revisions\/23283"}],"wp:featuredmedia":[{"embeddable":true,"href":"https:\/\/www.trabajodeprocesos.net\/es\/wp-json\/wp\/v2\/media\/6385"}],"wp:attachment":[{"href":"https:\/\/www.trabajodeprocesos.net\/es\/wp-json\/wp\/v2\/media?parent=6384"}],"wp:term":[{"taxonomy":"category","embeddable":true,"href":"https:\/\/www.trabajodeprocesos.net\/es\/wp-json\/wp\/v2\/categories?post=6384"},{"taxonomy":"post_tag","embeddable":true,"href":"https:\/\/www.trabajodeprocesos.net\/es\/wp-json\/wp\/v2\/tags?post=6384"}],"curies":[{"name":"wp","href":"https:\/\/api.w.org\/{rel}","templated":true}]}}