{"id":6368,"date":"2020-03-29T17:56:52","date_gmt":"2020-03-29T15:56:52","guid":{"rendered":"http:\/\/www.trabajodeprocesos.net\/?p=6368"},"modified":"2026-01-13T10:19:34","modified_gmt":"2026-01-13T08:19:34","slug":"3-propuestas-de-laboratorio-de-procesos-en-tiempos-de-crisis","status":"publish","type":"post","link":"https:\/\/www.trabajodeprocesos.net\/es\/3-propuestas-de-laboratorio-de-procesos-en-tiempos-de-crisis\/","title":{"rendered":"3 Propuestas de Laboratorio de Procesos en tiempos de crisis"},"content":{"rendered":"<h3><strong>3 Propuestas de Trabajo de Procesos en tiempos de crisis<\/strong><\/h3>\n<p>En tiempos de confinamiento y profunda incertidumbre, emociones como el miedo, la angustia, la tristeza o la frustraci\u00f3n afloran y requieren de lo colectivo. Ahora m\u00e1s que nunca necesitamos espacios que nos permitan abrirnos a la potencialidad de la experiencia y la sabidur\u00eda personal y colectiva.<\/p>\n<p>Despu\u00e9s de varias iniciativas recibidas con muchas ganas, lanzamos 3 propuestas On-line. Todas las iniciativas est\u00e1n enfocadas en la actualidad que vivimos, algunas gratuitas y otras de bajo coste per la sostenibilidad de proyectos.<\/p>\n<p>Puedes participar de manera independiente a cada uno de los talleres:<\/p>\n<p><strong>\u201cAPOYO COLECTIVO DE PROCESOS\u201d: (GRATUITO) <\/strong>Espacio de encuentro semanal que abrimos para acogernos y expresar lo que estamos viviendo y el impacto que esto genera en nuestras vidas, cuerpos, relaciones y proyectos.<\/p>\n<p><strong>Fechas:<\/strong> 30\/03 y 13\/04<\/p>\n<p><strong>Horarios:<\/strong> de 16h a 17.30h<\/p>\n<p><strong>Sin inscripci\u00f3n:<\/strong> <a href=\"https:\/\/zoom.us\/j\/470808896\">Entrar al enlace<\/a><\/p>\n<p>&nbsp;<\/p>\n<p><strong>\u201cLABORATORIO DE PROCESOS\u201d (10\u20ac) : <\/strong>A partir de diferentes propuestas, nos daremos espacio para dejarnos sentir en el momento y profundizaremos en el sentido que aquello que estamos viviendo puede tener en nuestra vida a nivel individual y colectivo.<\/p>\n<p><strong>Fechas:<\/strong> 4\/04 de 11.30h a 13.30h y 9\/04 de 17h a 19h<\/p>\n<p><strong><a href=\"https:\/\/forms.gle\/TMi4HX9Tewy8RkM48\">INSCRIPCIONES\u00a0 y plazas limitadas<\/a><\/strong> \u00a0\u00a0\u00a0\u00a0\u00a0\u00a0\u00a0\u00a0\u00a0\u00a0\u00a0\u00a0\u00a0\u00a0\u00a0\u00a0\u00a0\u00a0\u00a0\u00a0\u00a0\u00a0\u00a0\u00a0\u00a0\u00a0\u00a0\u00a0\u00a0\u00a0\u00a0\u00a0\u00a0\u00a0\u00a0\u00a0\u00a0\u00a0\u00a0\u00a0\u00a0\u00a0\u00a0<u><\/u><\/p>\n<p>&nbsp;<\/p>\n<p><strong>\u201cARTE-COMUNITARIO CON MIRADA DE PROCESOS (10\u20ac) \u201d<\/strong> Utilizamos el arte como herramienta para conectar con la experiencia y la fuerza interna, empoderarnos y cuidarnos. Encontrando maneras m\u00e1gicas de pensarnos o experimentarnos que nos ayuden en momentos dif\u00edciles o de reto. No es necesaria experiencia.<\/p>\n<p>Taller facilitado por Eva Sanchez. <a href=\"https:\/\/evasanchezdiaz.wordpress.com\/2015\/05\/28\/formacio-i-tallers\/\">M\u00e1s informaci\u00f3n\u00a0<\/a><\/p>\n<p><strong>Fechas:<\/strong> 5\/04 y 12\/04<\/p>\n<p><strong>Horarios:<\/strong> de 12h a 14h<\/p>\n<p><strong><a href=\"https:\/\/forms.gle\/TMi4HX9Tewy8RkM48\">INSCRIPCIONES\u00a0 y plazas limitadas<\/a><\/strong><\/p>\n<p><em><strong>\u00a0<\/strong><\/em><\/p>\n<p><em><strong>FACILITADORAS<\/strong><\/em><\/p>\n<p><a href=\"https:\/\/evasanchezdiaz.wordpress.com\/contacte\/\"><em><strong>Eva Sanchez Diaz<\/strong><\/em><\/a><\/p>\n<p>Facilitadora de grupos y organizaciones, terapeuta, mediadora de conflictos y formadora. Acompa\u00f1a procesos de cambio y conciencia tanto con individuos, relaciones y grupos, para que \u00e9stos encuentren un mayor significado y ayudar-les en su proceso de crecimiento y desarrollo. Diplomada en Trabajo de Procesos, paradigma base desde el cual trabaja y al que incorpora otras herramientas como el Arteterapia, la Danza-movimiento terapia, la terapia estrat\u00e9gicas, las constelaciones organizacionales entre otras.<\/p>\n<p>&nbsp;<\/p>\n<p><a href=\"http:\/\/www.trabajodeprocesos.net\/blanca-farina\/\"><em><strong>Blanca Fari\u00f1a Pag\u00e8s\u00a0<\/strong><\/em><\/a><\/p>\n<p><em>Soy facilitadora de grupos y organizaciones, formadora, y hago acompa\u00f1amientos a procesos personales y de pareja. He estudiado Ciencias Sociales, y mi vida profesional se ha desarrollado a lo largo de 20 a\u00f1os en el \u00e1mbito social, comunitario y organizacional. Soy estudiante avanzada de Trabajo de Procesos donde he aprendido a incorporar\u00a0 una mirada nueva donde lo que margino a veces se vuelve clave para mi equilibrio y desarrollo.<\/em><\/p>\n<p><strong>M\u00e1s informaci\u00f3n, dudas<\/strong>: laboratoriprocessos@gmail.com<\/p>\n<p>699735703 Eva \/ 629117792 Blanca<\/p>\n<p>&nbsp;<\/p>\n<p><strong>Eva Sanchez &amp; Blanca Fari\u00f1a<\/strong><\/p>\n<p><strong>LaboratoriProcessos\u00a0<\/strong><\/p>\n<p>&nbsp;<\/p>\n","protected":false},"excerpt":{"rendered":"<p>3 Propuestas de Trabajo de Procesos en tiempos de crisis En tiempos de confinamiento y profunda incertidumbre, emociones como el miedo, la angustia, la tristeza o la frustraci\u00f3n afloran y requieren de lo colectivo. Ahora m\u00e1s que nunca necesitamos espacios que nos permitan abrirnos a la potencialidad de la experiencia y la sabidur\u00eda personal y [&hellip;]<\/p>\n","protected":false},"author":8,"featured_media":6374,"comment_status":"closed","ping_status":"open","sticky":false,"template":"","format":"standard","meta":{"footnotes":""},"categories":[29,36],"tags":[],"class_list":["post-6368","post","type-post","status-publish","format-standard","has-post-thumbnail","hentry","category-blog","category-noticias"],"yoast_head":"<!-- This site is optimized with the Yoast SEO plugin v15.4 - https:\/\/yoast.com\/wordpress\/plugins\/seo\/ -->\n<title>3 Propuestas de Laboratorio de Procesos en tiempos de crisis - Trabajo de Procesos<\/title>\n<meta name=\"robots\" content=\"index, follow, max-snippet:-1, max-image-preview:large, max-video-preview:-1\" \/>\n<link rel=\"canonical\" href=\"https:\/\/www.trabajodeprocesos.net\/es\/3-propuestas-de-laboratorio-de-procesos-en-tiempos-de-crisis\/\" \/>\n<meta property=\"og:locale\" content=\"es_ES\" \/>\n<meta property=\"og:type\" content=\"article\" \/>\n<meta property=\"og:title\" content=\"3 Propuestas de Laboratorio de Procesos en tiempos de crisis - Trabajo de Procesos\" \/>\n<meta property=\"og:description\" content=\"3 Propuestas de Trabajo de Procesos en tiempos de crisis En tiempos de confinamiento y profunda incertidumbre, emociones como el miedo, la angustia, la tristeza o la frustraci\u00f3n afloran y requieren de lo colectivo. Ahora m\u00e1s que nunca necesitamos espacios que nos permitan abrirnos a la potencialidad de la experiencia y la sabidur\u00eda personal y [&hellip;]\" \/>\n<meta property=\"og:url\" content=\"https:\/\/www.trabajodeprocesos.net\/es\/3-propuestas-de-laboratorio-de-procesos-en-tiempos-de-crisis\/\" \/>\n<meta property=\"og:site_name\" content=\"Trabajo de Procesos\" \/>\n<meta property=\"article:published_time\" content=\"2020-03-29T15:56:52+00:00\" \/>\n<meta property=\"article:modified_time\" content=\"2026-01-13T08:19:34+00:00\" \/>\n<meta property=\"og:image\" content=\"https:\/\/www.trabajodeprocesos.net\/wp-content\/uploads\/2020\/03\/CARTELCASTonline-e1585493697929.png\" \/>\n\t<meta property=\"og:image:width\" content=\"900\" \/>\n\t<meta property=\"og:image:height\" content=\"900\" \/>\n<meta name=\"twitter:card\" content=\"summary_large_image\" \/>\n<meta name=\"twitter:label1\" content=\"Escrito por\">\n\t<meta name=\"twitter:data1\" content=\"N\u00faria Dan\u00e9s\">\n\t<meta name=\"twitter:label2\" content=\"Tiempo de lectura\">\n\t<meta name=\"twitter:data2\" content=\"2 minutos\">\n<script type=\"application\/ld+json\" class=\"yoast-schema-graph\">{\"@context\":\"https:\/\/schema.org\",\"@graph\":[{\"@type\":\"WebSite\",\"@id\":\"https:\/\/www.trabajodeprocesos.net\/es\/#website\",\"url\":\"https:\/\/www.trabajodeprocesos.net\/es\/\",\"name\":\"Trabajo de Procesos\",\"description\":\"\",\"potentialAction\":[{\"@type\":\"SearchAction\",\"target\":\"https:\/\/www.trabajodeprocesos.net\/es\/?s={search_term_string}\",\"query-input\":\"required name=search_term_string\"}],\"inLanguage\":\"es\"},{\"@type\":\"ImageObject\",\"@id\":\"https:\/\/www.trabajodeprocesos.net\/es\/3-propuestas-de-laboratorio-de-procesos-en-tiempos-de-crisis\/#primaryimage\",\"inLanguage\":\"es\",\"url\":\"https:\/\/www.trabajodeprocesos.net\/wp-content\/uploads\/2020\/03\/CARTELCASTonline-e1585493697929.png\",\"width\":900,\"height\":900},{\"@type\":\"WebPage\",\"@id\":\"https:\/\/www.trabajodeprocesos.net\/es\/3-propuestas-de-laboratorio-de-procesos-en-tiempos-de-crisis\/#webpage\",\"url\":\"https:\/\/www.trabajodeprocesos.net\/es\/3-propuestas-de-laboratorio-de-procesos-en-tiempos-de-crisis\/\",\"name\":\"3 Propuestas de Laboratorio de Procesos en tiempos de crisis - Trabajo de Procesos\",\"isPartOf\":{\"@id\":\"https:\/\/www.trabajodeprocesos.net\/es\/#website\"},\"primaryImageOfPage\":{\"@id\":\"https:\/\/www.trabajodeprocesos.net\/es\/3-propuestas-de-laboratorio-de-procesos-en-tiempos-de-crisis\/#primaryimage\"},\"datePublished\":\"2020-03-29T15:56:52+00:00\",\"dateModified\":\"2026-01-13T08:19:34+00:00\",\"author\":{\"@id\":\"https:\/\/www.trabajodeprocesos.net\/es\/#\/schema\/person\/a06026a7104490118017893a5d8ab28f\"},\"inLanguage\":\"es\",\"potentialAction\":[{\"@type\":\"ReadAction\",\"target\":[\"https:\/\/www.trabajodeprocesos.net\/es\/3-propuestas-de-laboratorio-de-procesos-en-tiempos-de-crisis\/\"]}]},{\"@type\":\"Person\",\"@id\":\"https:\/\/www.trabajodeprocesos.net\/es\/#\/schema\/person\/a06026a7104490118017893a5d8ab28f\",\"name\":\"N\\u00faria Dan\\u00e9s\",\"image\":{\"@type\":\"ImageObject\",\"@id\":\"https:\/\/www.trabajodeprocesos.net\/es\/#personlogo\",\"inLanguage\":\"es\",\"url\":\"https:\/\/secure.gravatar.com\/avatar\/6d64b187fbd8ea590db6176fcd5c6857a119653750f5f52ae8eba7b234833530?s=96&d=mm&r=g\",\"caption\":\"N\\u00faria Dan\\u00e9s\"}}]}<\/script>\n<!-- \/ Yoast SEO plugin. -->","_links":{"self":[{"href":"https:\/\/www.trabajodeprocesos.net\/es\/wp-json\/wp\/v2\/posts\/6368","targetHints":{"allow":["GET"]}}],"collection":[{"href":"https:\/\/www.trabajodeprocesos.net\/es\/wp-json\/wp\/v2\/posts"}],"about":[{"href":"https:\/\/www.trabajodeprocesos.net\/es\/wp-json\/wp\/v2\/types\/post"}],"author":[{"embeddable":true,"href":"https:\/\/www.trabajodeprocesos.net\/es\/wp-json\/wp\/v2\/users\/8"}],"replies":[{"embeddable":true,"href":"https:\/\/www.trabajodeprocesos.net\/es\/wp-json\/wp\/v2\/comments?post=6368"}],"version-history":[{"count":1,"href":"https:\/\/www.trabajodeprocesos.net\/es\/wp-json\/wp\/v2\/posts\/6368\/revisions"}],"predecessor-version":[{"id":23284,"href":"https:\/\/www.trabajodeprocesos.net\/es\/wp-json\/wp\/v2\/posts\/6368\/revisions\/23284"}],"wp:featuredmedia":[{"embeddable":true,"href":"https:\/\/www.trabajodeprocesos.net\/es\/wp-json\/wp\/v2\/media\/6374"}],"wp:attachment":[{"href":"https:\/\/www.trabajodeprocesos.net\/es\/wp-json\/wp\/v2\/media?parent=6368"}],"wp:term":[{"taxonomy":"category","embeddable":true,"href":"https:\/\/www.trabajodeprocesos.net\/es\/wp-json\/wp\/v2\/categories?post=6368"},{"taxonomy":"post_tag","embeddable":true,"href":"https:\/\/www.trabajodeprocesos.net\/es\/wp-json\/wp\/v2\/tags?post=6368"}],"curies":[{"name":"wp","href":"https:\/\/api.w.org\/{rel}","templated":true}]}}