{"id":6339,"date":"2020-03-17T12:37:05","date_gmt":"2020-03-17T11:37:05","guid":{"rendered":"http:\/\/www.trabajodeprocesos.net\/?p=6339"},"modified":"2026-01-13T10:19:34","modified_gmt":"2026-01-13T08:19:34","slug":"seminario-analizar-un-proceso-de-cambio-8-10-de-mayo-de-2020-barcelona","status":"publish","type":"post","link":"https:\/\/www.trabajodeprocesos.net\/es\/seminario-analizar-un-proceso-de-cambio-8-10-de-mayo-de-2020-barcelona\/","title":{"rendered":"Seminario: Analizar un proceso de cambio (8-10 de mayo de 2020) &#8211; Barcelona"},"content":{"rendered":"<p>&nbsp;<\/p>\n<p style=\"text-align: center;\"><strong>Seminario: Analizar un proceso de cambio\u00a0<\/strong><\/p>\n<p style=\"text-align: center;\">(Gill Emslie + Boris Sopko)<\/p>\n<p style=\"text-align: center;\">8-10 mayo 2020<\/p>\n<p style=\"text-align: center;\">Barcelona, lugar a determinar<\/p>\n<p>&nbsp;<\/p>\n<p><strong>* ABIERTO AL P\u00daBLICO<\/strong><\/p>\n<p>&nbsp;<\/p>\n<p>Esta es una formaci\u00f3n en facilitaci\u00f3n en profundidad orientada a procesos para facilitadores profesionales y estudiantes de Trabajo de Procesos de todos los niveles.<\/p>\n<p>En estos d\u00edas, estamos experimentando c\u00f3mo peque\u00f1os virus, invisibles desde nuestra percepci\u00f3n, pueden influir fuertemente en toda la sociedad, aumentando nuestro miedo a lo desconocido y perdiendo el control.<\/p>\n<p>\u00bfTenemos la capacidad para influir en estos eventos antes de que sucedan o simplemente estamos a merced de fuerzas mayores superiores a nosotras? A menudo quedamos atrapadas en nuestra propia duda, falta de enfoque y compromiso para dar el primer paso y confiar en nuestro sentido m\u00e1s profundo de conocimiento que a menudo indica lo que se necesita. Los problemas mundiales, las dificultades personales, los conflictos y las crisis en las relaciones pueden ser una se\u00f1al de una nueva fase emergente.<\/p>\n<p>En esta formaci\u00f3n, aprenderemos a escuchar nuestras corazonadas m\u00e1s profundas y nos centraremos en c\u00f3mo lidiar con los cambios inminentes o inesperados dentro de nosotras, en nuestras relaciones, en nuestros equipos y en el mundo.<\/p>\n<p>Al agudizar nuestra capacidad de percibir las se\u00f1ales que nuestra mente cotidiana tiende a marginar, aprenderemos y profundizaremos el conjunto de herramientas que necesitamos para desarrollar y comprender su significado en lugar de quedar atrapados en nuestras reacciones inconscientes y descubriremos actitudes \u00fatiles que crear\u00e1n la base para lidiar con los pr\u00f3ximos cambios no deseados ni esperados.<\/p>\n<p>Nos centraremos en desarrollar la conciencia y la percepci\u00f3n de las primeras se\u00f1ales de los pr\u00f3ximos cambios y herramientas. Entrenaremos las habilidades de la metodolog\u00eda de Trabajo de Procesos para desarrollar y trabajar con estas se\u00f1ales. Adem\u00e1s, desarrollaremos actitudes internas \u00fatiles para lidiar con estos momentos cr\u00edticos y tensos de nuestras vidas, y aquellas personas con las que trabajamos.<\/p>\n<p>El seminario ser\u00e1 \u00fatil para:<\/p>\n<ul>\n<li>Estudiantes de Trabajo de Procesos en diferentes etapas de desarrollo y nivel de formaci\u00f3n.<\/li>\n<li>Estudiantes avanzados de Trabajo de Procesos para agudizar su percepci\u00f3n de se\u00f1ales, comentarios y ser m\u00e1s precisos en las habilidades de intervenci\u00f3n.<\/li>\n<li>Estudiantes de Trabajo de Procesos al comienzo de sus estudios para que tomen contacto con los principios b\u00e1sicos y herramientas de esta metodolog\u00eda.<\/li>\n<li>Profesionales que trabajan con otras personas en \u00e1mbitos diversos.<\/li>\n<li>Personas que buscan herramientas de autoayuda e inspiraci\u00f3n para afrontar los nuevos desaf\u00edos personales o de relaciones en su entorno.<\/li>\n<li>Directores de empresas, coordinadores de equipos, profesorado, educadores, psic\u00f3logos, psicoterapeutas, etc.<\/li>\n<\/ul>\n<p>&nbsp;<\/p>\n<p style=\"text-align: center;\"><a href=\"http:\/\/www.trabajodeprocesos.net\/wp-content\/uploads\/2020\/01\/flyer_ES.pdf\">Puedes descargar el folleto informativo aqu\u00ed<\/a><\/p>\n<h2 style=\"text-align: center;\"><strong><a href=\"https:\/\/forms.gle\/1AiXTW2kzb9L38Sg6\">INSCRIPCIONES ABIERTAS<\/a><\/strong><\/h2>\n<p>&nbsp;<\/p>\n<p>Precio: 300\u20ac<\/p>\n<p>Early Bird para estudiantes de Trabajo de Procesos 265\u20ac hasta el 17 de abril de 2020.<\/p>\n<p>Bonificable\u00a0 para trabajadores en activo por cuenta ajena a trav\u00e9s de la <a href=\"http:\/\/www.fundae.es\">Fundae.<\/a><\/p>\n<p>(Para gestionarlo contactar con <a href=\"http:\/\/www.trabajodeprocesos.net\/wp-content\/uploads\/2018\/09\/2019_FUNDAE-info_Doc-explicativo-web.pdf\">Nuria Ran)<\/a><\/p>\n<h2 style=\"text-align: center;\"><\/h2>\n<p><strong>D\u00edas de entrenamiento<\/strong><\/p>\n<p>NOTA: solo para estudiantes de la Escuela<\/p>\n<p>11-12 mayo 2020<\/p>\n<p>&nbsp;<\/p>\n<p>Horarios Seminarios:<\/p>\n<ul>\n<li>Viernes de 16-19:30<\/li>\n<li>S\u00e1bado de 10-14 y 16-19:30<\/li>\n<li>Domingo de 10-14 y 15:30-17:30<\/li>\n<\/ul>\n<p>Horarios Training Days<\/p>\n<ul>\n<li>Lunes\u00a0 10-14 y 15:30-17:30<\/li>\n<li>Martes\u00a0 10-14 y 15:30-17:30<\/li>\n<\/ul>\n<h2 style=\"text-align: center;\"><strong><a href=\"https:\/\/forms.gle\/1AiXTW2kzb9L38Sg6\">INSCRIPCIONES ABIERTAS<\/a><\/strong><\/h2>\n<p>NOTA IMPORTANTE:\u00a0La incertidumbre generada por la llegada del Coronavirus a nuestro pa\u00eds nos obliga, como Entidad, a observar con atenci\u00f3n nuestro entorno para adoptar diferentes medidas de protecci\u00f3n para toda la comunidad. Estas pr\u00f3ximas semanas ser\u00e1n de cambios y hemos de ver c\u00f3mo evoluciona todo y c\u00f3mo nos adaptamos a lo que nos va viniendo. La Escuela no puede vivir de espalda a la realidad. Y por este motivo ya estamos trabajando &#8212; en reuniones online &#8212;- para que las actividades de las pr\u00f3ximas semanas se vean lo menos afectadas posible.<\/p>\n<p>Como no sabemos qu\u00e9 pasar\u00e1 de aqu\u00ed a mayo, hemos decidido seguir con las inscripciones abiertas y trabajando pensando en que se s\u00ed har\u00e1, pero tambi\u00e9n estamos pensando en alternativas a encontrarnos f\u00edsicamente por si finalmente no se puede y ver como gestionamos las flexibilidad de estos cambios. Gracias por vuestro inter\u00e9s.<\/p>\n<p>Actualizado: 12 de marzo de\u00a0 2020<\/p>\n<p>&nbsp;<\/p>\n","protected":false},"excerpt":{"rendered":"<p>&nbsp; Seminario: Analizar un proceso de cambio\u00a0 (Gill Emslie + Boris Sopko) 8-10 mayo 2020 Barcelona, lugar a determinar &nbsp; * ABIERTO AL P\u00daBLICO &nbsp; Esta es una formaci\u00f3n en facilitaci\u00f3n en profundidad orientada a procesos para facilitadores profesionales y estudiantes de Trabajo de Procesos de todos los niveles. En estos d\u00edas, estamos experimentando c\u00f3mo [&hellip;]<\/p>\n","protected":false},"author":6,"featured_media":6331,"comment_status":"closed","ping_status":"open","sticky":false,"template":"","format":"standard","meta":{"footnotes":""},"categories":[29,36],"tags":[],"class_list":["post-6339","post","type-post","status-publish","format-standard","has-post-thumbnail","hentry","category-blog","category-noticias"],"yoast_head":"<!-- This site is optimized with the Yoast SEO plugin v15.4 - https:\/\/yoast.com\/wordpress\/plugins\/seo\/ -->\n<title>Seminario: Analizar un proceso de cambio (8-10 de mayo de 2020) - Barcelona - Trabajo de Procesos<\/title>\n<meta name=\"robots\" content=\"index, follow, max-snippet:-1, max-image-preview:large, max-video-preview:-1\" \/>\n<link rel=\"canonical\" href=\"https:\/\/www.trabajodeprocesos.net\/es\/seminario-analizar-un-proceso-de-cambio-8-10-de-mayo-de-2020-barcelona\/\" \/>\n<meta property=\"og:locale\" content=\"es_ES\" \/>\n<meta property=\"og:type\" content=\"article\" \/>\n<meta property=\"og:title\" content=\"Seminario: Analizar un proceso de cambio (8-10 de mayo de 2020) - Barcelona - Trabajo de Procesos\" \/>\n<meta property=\"og:description\" content=\"&nbsp; Seminario: Analizar un proceso de cambio\u00a0 (Gill Emslie + Boris Sopko) 8-10 mayo 2020 Barcelona, lugar a determinar &nbsp; * ABIERTO AL P\u00daBLICO &nbsp; Esta es una formaci\u00f3n en facilitaci\u00f3n en profundidad orientada a procesos para facilitadores profesionales y estudiantes de Trabajo de Procesos de todos los niveles. En estos d\u00edas, estamos experimentando c\u00f3mo [&hellip;]\" \/>\n<meta property=\"og:url\" content=\"https:\/\/www.trabajodeprocesos.net\/es\/seminario-analizar-un-proceso-de-cambio-8-10-de-mayo-de-2020-barcelona\/\" \/>\n<meta property=\"og:site_name\" content=\"Trabajo de Procesos\" \/>\n<meta property=\"article:published_time\" content=\"2020-03-17T11:37:05+00:00\" \/>\n<meta property=\"article:modified_time\" content=\"2026-01-13T08:19:34+00:00\" \/>\n<meta property=\"og:image\" content=\"https:\/\/www.trabajodeprocesos.net\/wp-content\/uploads\/2020\/01\/HOME-ES.png\" \/>\n\t<meta property=\"og:image:width\" content=\"1095\" \/>\n\t<meta property=\"og:image:height\" content=\"822\" \/>\n<meta name=\"twitter:card\" content=\"summary_large_image\" \/>\n<meta name=\"twitter:label1\" content=\"Escrito por\">\n\t<meta name=\"twitter:data1\" content=\"Admin\">\n\t<meta name=\"twitter:label2\" content=\"Tiempo de lectura\">\n\t<meta name=\"twitter:data2\" content=\"3 minutos\">\n<script type=\"application\/ld+json\" class=\"yoast-schema-graph\">{\"@context\":\"https:\/\/schema.org\",\"@graph\":[{\"@type\":\"WebSite\",\"@id\":\"https:\/\/www.trabajodeprocesos.net\/es\/#website\",\"url\":\"https:\/\/www.trabajodeprocesos.net\/es\/\",\"name\":\"Trabajo de Procesos\",\"description\":\"\",\"potentialAction\":[{\"@type\":\"SearchAction\",\"target\":\"https:\/\/www.trabajodeprocesos.net\/es\/?s={search_term_string}\",\"query-input\":\"required name=search_term_string\"}],\"inLanguage\":\"es\"},{\"@type\":\"ImageObject\",\"@id\":\"https:\/\/www.trabajodeprocesos.net\/es\/seminario-analizar-un-proceso-de-cambio-8-10-de-mayo-de-2020-barcelona\/#primaryimage\",\"inLanguage\":\"es\",\"url\":\"https:\/\/www.trabajodeprocesos.net\/wp-content\/uploads\/2020\/01\/HOME-ES.png\",\"width\":1095,\"height\":822},{\"@type\":\"WebPage\",\"@id\":\"https:\/\/www.trabajodeprocesos.net\/es\/seminario-analizar-un-proceso-de-cambio-8-10-de-mayo-de-2020-barcelona\/#webpage\",\"url\":\"https:\/\/www.trabajodeprocesos.net\/es\/seminario-analizar-un-proceso-de-cambio-8-10-de-mayo-de-2020-barcelona\/\",\"name\":\"Seminario: Analizar un proceso de cambio (8-10 de mayo de 2020) - Barcelona - Trabajo de Procesos\",\"isPartOf\":{\"@id\":\"https:\/\/www.trabajodeprocesos.net\/es\/#website\"},\"primaryImageOfPage\":{\"@id\":\"https:\/\/www.trabajodeprocesos.net\/es\/seminario-analizar-un-proceso-de-cambio-8-10-de-mayo-de-2020-barcelona\/#primaryimage\"},\"datePublished\":\"2020-03-17T11:37:05+00:00\",\"dateModified\":\"2026-01-13T08:19:34+00:00\",\"author\":{\"@id\":\"https:\/\/www.trabajodeprocesos.net\/es\/#\/schema\/person\/f94150c60776078d5e5dff2343cf5d3c\"},\"inLanguage\":\"es\",\"potentialAction\":[{\"@type\":\"ReadAction\",\"target\":[\"https:\/\/www.trabajodeprocesos.net\/es\/seminario-analizar-un-proceso-de-cambio-8-10-de-mayo-de-2020-barcelona\/\"]}]},{\"@type\":\"Person\",\"@id\":\"https:\/\/www.trabajodeprocesos.net\/es\/#\/schema\/person\/f94150c60776078d5e5dff2343cf5d3c\",\"name\":\"Admin\",\"image\":{\"@type\":\"ImageObject\",\"@id\":\"https:\/\/www.trabajodeprocesos.net\/es\/#personlogo\",\"inLanguage\":\"es\",\"url\":\"https:\/\/secure.gravatar.com\/avatar\/f1444f2c291341a5e91ff3d721bde7263603974dd051d1bc9f64e3a3ba862485?s=96&d=mm&r=g\",\"caption\":\"Admin\"}}]}<\/script>\n<!-- \/ Yoast SEO plugin. -->","_links":{"self":[{"href":"https:\/\/www.trabajodeprocesos.net\/es\/wp-json\/wp\/v2\/posts\/6339","targetHints":{"allow":["GET"]}}],"collection":[{"href":"https:\/\/www.trabajodeprocesos.net\/es\/wp-json\/wp\/v2\/posts"}],"about":[{"href":"https:\/\/www.trabajodeprocesos.net\/es\/wp-json\/wp\/v2\/types\/post"}],"author":[{"embeddable":true,"href":"https:\/\/www.trabajodeprocesos.net\/es\/wp-json\/wp\/v2\/users\/6"}],"replies":[{"embeddable":true,"href":"https:\/\/www.trabajodeprocesos.net\/es\/wp-json\/wp\/v2\/comments?post=6339"}],"version-history":[{"count":1,"href":"https:\/\/www.trabajodeprocesos.net\/es\/wp-json\/wp\/v2\/posts\/6339\/revisions"}],"predecessor-version":[{"id":23287,"href":"https:\/\/www.trabajodeprocesos.net\/es\/wp-json\/wp\/v2\/posts\/6339\/revisions\/23287"}],"wp:featuredmedia":[{"embeddable":true,"href":"https:\/\/www.trabajodeprocesos.net\/es\/wp-json\/wp\/v2\/media\/6331"}],"wp:attachment":[{"href":"https:\/\/www.trabajodeprocesos.net\/es\/wp-json\/wp\/v2\/media?parent=6339"}],"wp:term":[{"taxonomy":"category","embeddable":true,"href":"https:\/\/www.trabajodeprocesos.net\/es\/wp-json\/wp\/v2\/categories?post=6339"},{"taxonomy":"post_tag","embeddable":true,"href":"https:\/\/www.trabajodeprocesos.net\/es\/wp-json\/wp\/v2\/tags?post=6339"}],"curies":[{"name":"wp","href":"https:\/\/api.w.org\/{rel}","templated":true}]}}