{"id":6171,"date":"2020-02-12T14:00:44","date_gmt":"2020-02-12T13:00:44","guid":{"rendered":"http:\/\/www.trabajodeprocesos.net\/?p=6171"},"modified":"2026-01-13T10:19:47","modified_gmt":"2026-01-13T08:19:47","slug":"diplomada-suiza-nos-comparte-su-experiencia-en-el-seminario-el-regalo-del-chaman","status":"publish","type":"post","link":"https:\/\/www.trabajodeprocesos.net\/es\/diplomada-suiza-nos-comparte-su-experiencia-en-el-seminario-el-regalo-del-chaman\/","title":{"rendered":"Diplomada suiza nos comparte su experiencia en el seminario \u00abEl Regalo del cham\u00e1n\u00bb"},"content":{"rendered":"<p>Participar en el seminario \u00abEl regalo del cham\u00e1n\u00bb en Barcelona fue una experiencia enriquecedora a muchos niveles. Inicialmente me sent\u00ed atra\u00edda por explorar mi vocaci\u00f3n personal y c\u00f3mo mantenerme en contacto con mi aut\u00e9ntico yo en el momento en que trabajaba como facilitadora, as\u00ed como en mi vida personal, proporcionando as\u00ed una caja de herramientas de habilidades para navegar por el mundo.<br \/>\nAdem\u00e1s estaba interesada en experimentar el Trabajo de Procesos en otra cultura. Estoy agradecida por la atm\u00f3sfera de bienvenida en el grupo y por los traductores que trabajan duro. Me encant\u00f3 entrar en la comunidad catalana y espa\u00f1ola y c\u00f3mo el tema de la diversidad, el rango, los privilegios y los prejuicios se manej\u00f3 con una buena porci\u00f3n de alegr\u00eda y placer.<br \/>\nAndy y Gill hicieron un gran trabajo gui\u00e1ndonos a trav\u00e9s del taller con una buena mezcla de teor\u00eda y pr\u00e1ctica. Me impresion\u00f3 c\u00f3mo facilitaron lo que est\u00e1 presente en el campo, cambiando suavemente entre sus m\u00faltiples roles.<br \/>\nExplorar el camino de \u00abvida o muerte\u00bb fue un ejercicio muy poderoso, proporcionando una experiencia de muerte y un cierto desapego de la identidad presente y cambiando el enfoque de lo que est\u00e1 tratando de emerger, incluyendo el miedo relacionado con ello.<br \/>\nEstoy agradecida por las muchas experiencias de aprendizaje que pude hacer, adem\u00e1s de los encuentros conmovedores que tuve. Disfrut\u00e9 de la atm\u00f3sfera activista de la comunidad. Espero volver a verlos a todos muy pronto.<\/p>\n<p>&nbsp;<\/p>\n<p>Natalie Neumann<br \/>\nCoach, Facilitadora y Terapeuta<br \/>\nDipl. cand. Processwork Switzerland<\/p>\n<p>&nbsp;<\/p>\n","protected":false},"excerpt":{"rendered":"<p>Participar en el seminario \u00abEl regalo del cham\u00e1n\u00bb en Barcelona fue una experiencia enriquecedora a muchos niveles. Inicialmente me sent\u00ed atra\u00edda por explorar mi vocaci\u00f3n personal y c\u00f3mo mantenerme en contacto con mi aut\u00e9ntico yo en el momento en que trabajaba como facilitadora, as\u00ed como en mi vida personal, proporcionando as\u00ed una caja de herramientas [&hellip;]<\/p>\n","protected":false},"author":8,"featured_media":6214,"comment_status":"closed","ping_status":"open","sticky":false,"template":"","format":"standard","meta":{"footnotes":""},"categories":[29,36],"tags":[],"class_list":["post-6171","post","type-post","status-publish","format-standard","has-post-thumbnail","hentry","category-blog","category-noticias"],"yoast_head":"<!-- This site is optimized with the Yoast SEO plugin v15.4 - https:\/\/yoast.com\/wordpress\/plugins\/seo\/ -->\n<title>Diplomada suiza nos comparte su experiencia en el seminario &quot;El Regalo del cham\u00e1n&quot; - Trabajo de Procesos<\/title>\n<meta name=\"robots\" content=\"index, follow, max-snippet:-1, max-image-preview:large, max-video-preview:-1\" \/>\n<link rel=\"canonical\" href=\"https:\/\/www.trabajodeprocesos.net\/es\/diplomada-suiza-nos-comparte-su-experiencia-en-el-seminario-el-regalo-del-chaman\/\" \/>\n<meta property=\"og:locale\" content=\"es_ES\" \/>\n<meta property=\"og:type\" content=\"article\" \/>\n<meta property=\"og:title\" content=\"Diplomada suiza nos comparte su experiencia en el seminario &quot;El Regalo del cham\u00e1n&quot; - Trabajo de Procesos\" \/>\n<meta property=\"og:description\" content=\"Participar en el seminario \u00abEl regalo del cham\u00e1n\u00bb en Barcelona fue una experiencia enriquecedora a muchos niveles. Inicialmente me sent\u00ed atra\u00edda por explorar mi vocaci\u00f3n personal y c\u00f3mo mantenerme en contacto con mi aut\u00e9ntico yo en el momento en que trabajaba como facilitadora, as\u00ed como en mi vida personal, proporcionando as\u00ed una caja de herramientas [&hellip;]\" \/>\n<meta property=\"og:url\" content=\"https:\/\/www.trabajodeprocesos.net\/es\/diplomada-suiza-nos-comparte-su-experiencia-en-el-seminario-el-regalo-del-chaman\/\" \/>\n<meta property=\"og:site_name\" content=\"Trabajo de Procesos\" \/>\n<meta property=\"article:published_time\" content=\"2020-02-12T13:00:44+00:00\" \/>\n<meta property=\"article:modified_time\" content=\"2026-01-13T08:19:47+00:00\" \/>\n<meta property=\"og:image\" content=\"https:\/\/www.trabajodeprocesos.net\/wp-content\/uploads\/2020\/02\/annie-spratt-QzH8hIfjQNE111-1.jpg\" \/>\n\t<meta property=\"og:image:width\" content=\"900\" \/>\n\t<meta property=\"og:image:height\" content=\"675\" \/>\n<meta name=\"twitter:card\" content=\"summary_large_image\" \/>\n<meta name=\"twitter:label1\" content=\"Escrito por\">\n\t<meta name=\"twitter:data1\" content=\"N\u00faria Dan\u00e9s\">\n\t<meta name=\"twitter:label2\" content=\"Tiempo de lectura\">\n\t<meta name=\"twitter:data2\" content=\"1 minuto\">\n<script type=\"application\/ld+json\" class=\"yoast-schema-graph\">{\"@context\":\"https:\/\/schema.org\",\"@graph\":[{\"@type\":\"WebSite\",\"@id\":\"https:\/\/www.trabajodeprocesos.net\/es\/#website\",\"url\":\"https:\/\/www.trabajodeprocesos.net\/es\/\",\"name\":\"Trabajo de Procesos\",\"description\":\"\",\"potentialAction\":[{\"@type\":\"SearchAction\",\"target\":\"https:\/\/www.trabajodeprocesos.net\/es\/?s={search_term_string}\",\"query-input\":\"required name=search_term_string\"}],\"inLanguage\":\"es\"},{\"@type\":\"ImageObject\",\"@id\":\"https:\/\/www.trabajodeprocesos.net\/es\/diplomada-suiza-nos-comparte-su-experiencia-en-el-seminario-el-regalo-del-chaman\/#primaryimage\",\"inLanguage\":\"es\",\"url\":\"https:\/\/www.trabajodeprocesos.net\/wp-content\/uploads\/2020\/02\/annie-spratt-QzH8hIfjQNE111-1.jpg\",\"width\":900,\"height\":675},{\"@type\":\"WebPage\",\"@id\":\"https:\/\/www.trabajodeprocesos.net\/es\/diplomada-suiza-nos-comparte-su-experiencia-en-el-seminario-el-regalo-del-chaman\/#webpage\",\"url\":\"https:\/\/www.trabajodeprocesos.net\/es\/diplomada-suiza-nos-comparte-su-experiencia-en-el-seminario-el-regalo-del-chaman\/\",\"name\":\"Diplomada suiza nos comparte su experiencia en el seminario \\\"El Regalo del cham\\u00e1n\\\" - Trabajo de Procesos\",\"isPartOf\":{\"@id\":\"https:\/\/www.trabajodeprocesos.net\/es\/#website\"},\"primaryImageOfPage\":{\"@id\":\"https:\/\/www.trabajodeprocesos.net\/es\/diplomada-suiza-nos-comparte-su-experiencia-en-el-seminario-el-regalo-del-chaman\/#primaryimage\"},\"datePublished\":\"2020-02-12T13:00:44+00:00\",\"dateModified\":\"2026-01-13T08:19:47+00:00\",\"author\":{\"@id\":\"https:\/\/www.trabajodeprocesos.net\/es\/#\/schema\/person\/a06026a7104490118017893a5d8ab28f\"},\"inLanguage\":\"es\",\"potentialAction\":[{\"@type\":\"ReadAction\",\"target\":[\"https:\/\/www.trabajodeprocesos.net\/es\/diplomada-suiza-nos-comparte-su-experiencia-en-el-seminario-el-regalo-del-chaman\/\"]}]},{\"@type\":\"Person\",\"@id\":\"https:\/\/www.trabajodeprocesos.net\/es\/#\/schema\/person\/a06026a7104490118017893a5d8ab28f\",\"name\":\"N\\u00faria Dan\\u00e9s\",\"image\":{\"@type\":\"ImageObject\",\"@id\":\"https:\/\/www.trabajodeprocesos.net\/es\/#personlogo\",\"inLanguage\":\"es\",\"url\":\"https:\/\/secure.gravatar.com\/avatar\/6d64b187fbd8ea590db6176fcd5c6857a119653750f5f52ae8eba7b234833530?s=96&d=mm&r=g\",\"caption\":\"N\\u00faria Dan\\u00e9s\"}}]}<\/script>\n<!-- \/ Yoast SEO plugin. -->","_links":{"self":[{"href":"https:\/\/www.trabajodeprocesos.net\/es\/wp-json\/wp\/v2\/posts\/6171","targetHints":{"allow":["GET"]}}],"collection":[{"href":"https:\/\/www.trabajodeprocesos.net\/es\/wp-json\/wp\/v2\/posts"}],"about":[{"href":"https:\/\/www.trabajodeprocesos.net\/es\/wp-json\/wp\/v2\/types\/post"}],"author":[{"embeddable":true,"href":"https:\/\/www.trabajodeprocesos.net\/es\/wp-json\/wp\/v2\/users\/8"}],"replies":[{"embeddable":true,"href":"https:\/\/www.trabajodeprocesos.net\/es\/wp-json\/wp\/v2\/comments?post=6171"}],"version-history":[{"count":1,"href":"https:\/\/www.trabajodeprocesos.net\/es\/wp-json\/wp\/v2\/posts\/6171\/revisions"}],"predecessor-version":[{"id":23289,"href":"https:\/\/www.trabajodeprocesos.net\/es\/wp-json\/wp\/v2\/posts\/6171\/revisions\/23289"}],"wp:featuredmedia":[{"embeddable":true,"href":"https:\/\/www.trabajodeprocesos.net\/es\/wp-json\/wp\/v2\/media\/6214"}],"wp:attachment":[{"href":"https:\/\/www.trabajodeprocesos.net\/es\/wp-json\/wp\/v2\/media?parent=6171"}],"wp:term":[{"taxonomy":"category","embeddable":true,"href":"https:\/\/www.trabajodeprocesos.net\/es\/wp-json\/wp\/v2\/categories?post=6171"},{"taxonomy":"post_tag","embeddable":true,"href":"https:\/\/www.trabajodeprocesos.net\/es\/wp-json\/wp\/v2\/tags?post=6171"}],"curies":[{"name":"wp","href":"https:\/\/api.w.org\/{rel}","templated":true}]}}