{"id":6034,"date":"2020-01-24T12:34:53","date_gmt":"2020-01-24T11:34:53","guid":{"rendered":"http:\/\/www.trabajodeprocesos.net\/?p=6034"},"modified":"2026-01-13T10:19:48","modified_gmt":"2026-01-13T08:19:48","slug":"ayudemos-a-median-khidher-mujer-de-24-anos-de-iraq-con-los-gastos-de-vuelo-a-participar-en-nuestro-seminario-del-28-de-febrero-en-barcelona","status":"publish","type":"post","link":"https:\/\/www.trabajodeprocesos.net\/es\/ayudemos-a-median-khidher-mujer-de-24-anos-de-iraq-con-los-gastos-de-vuelo-a-participar-en-nuestro-seminario-del-28-de-febrero-en-barcelona\/","title":{"rendered":"Ayudemos a Median Khidher, estudiante de 24 a\u00f1os de Iraq, con los gastos de vuelo a participar en nuestro SEMINARIO en Barcelona"},"content":{"rendered":"<header id=\"header\" class=\"header-trans\">\n<header id=\"header\" class=\"header-trans\">\n<div class=\"container\">\n<div class=\"row mt-20\">\n<div class=\"col-sm-8\">\n<p>Quremos ayudar a Median, estudiante de 24 a\u00f1os de Iraq, con experiencia en mediaci\u00f3n comunitaria a asistir a uno de nuestros seminarios. Debido a que ha de solicitar un visado, creemos que podr\u00e1 asistir al <a href=\"http:\/\/www.trabajodeprocesos.net\/seminario-ver-un-proceso-en-desarrollo-8-10-de-mayo-de-2020-barcelona\/\">SEMINARIO del 8-10 de mayo: VER UN PROCESO EN DESARROLLO.\u00a0<\/a><\/p>\n<p style=\"text-align: center;\"><strong>En este sentido hemos abierto una <a href=\"https:\/\/www.migranodearena.org\/reto\/21209\/ayudemos-a-median-khidher-estudiante-24-anos-de-iraq-con-los-gastos-de-vuelo-para-participar-en-nuestro-proximo-seminario-de-trabajo-de-procesos\">campa\u00f1a de CROWDFUNDNG en migranodearena.org<\/a>:\u00a0<\/strong><\/p>\n<h2 style=\"text-align: center;\"><a href=\"https:\/\/www.migranodearena.org\/reto\/21209\/ayudemos-a-median-khidher-mujer-24-anos-de-iraq-con-los-gastos-de-vuelo-para-participar-en-nuestro-proxima-seminario-de-trabajo-de-procesos\"><strong>OBJETIVO: GASTOS VUELO IDA Y VUELTA APROX:\u00a0 USD400- 370EUR<\/strong><\/a><\/h2>\n<p><a href=\"https:\/\/www.migranodearena.org\/reto\/21209\/ayudemos-a-median-khidher-estudiante-24-anos-de-iraq-con-los-gastos-de-vuelo-para-participar-en-nuestro-proximo-seminario-de-trabajo-de-procesos\"><img loading=\"lazy\" decoding=\"async\" class=\"size-medium wp-image-6115 aligncenter\" src=\"http:\/\/www.trabajodeprocesos.net\/wp-content\/uploads\/2020\/01\/82984758_3306222952849926_1310989078627352576_n-300x225.jpg\" alt=\"\" width=\"300\" height=\"225\" srcset=\"https:\/\/www.trabajodeprocesos.net\/wp-content\/uploads\/2020\/01\/82984758_3306222952849926_1310989078627352576_n-300x225.jpg 300w, https:\/\/www.trabajodeprocesos.net\/wp-content\/uploads\/2020\/01\/82984758_3306222952849926_1310989078627352576_n-768x576.jpg 768w, https:\/\/www.trabajodeprocesos.net\/wp-content\/uploads\/2020\/01\/82984758_3306222952849926_1310989078627352576_n.jpg 960w\" sizes=\"auto, (max-width: 300px) 100vw, 300px\" \/><\/a><\/p>\n<p><a href=\"https:\/\/www.migranodearena.org\/reto\/21209\/ayudemos-a-median-khidher-estudiante-24-anos-de-iraq-con-los-gastos-de-vuelo-para-participar-en-nuestro-proximo-seminario-de-trabajo-de-procesos\"><img loading=\"lazy\" decoding=\"async\" class=\"size-medium wp-image-6116 aligncenter\" src=\"http:\/\/www.trabajodeprocesos.net\/wp-content\/uploads\/2020\/01\/83138668_194061518455060_4435792586371760128_n-1-225x300.jpg\" alt=\"\" width=\"225\" height=\"300\" srcset=\"https:\/\/www.trabajodeprocesos.net\/wp-content\/uploads\/2020\/01\/83138668_194061518455060_4435792586371760128_n-1-225x300.jpg 225w, https:\/\/www.trabajodeprocesos.net\/wp-content\/uploads\/2020\/01\/83138668_194061518455060_4435792586371760128_n-1.jpg 720w\" sizes=\"auto, (max-width: 225px) 100vw, 225px\" \/><\/a><\/p>\n<p>&nbsp;<\/p>\n<p style=\"text-align: center;\">(Foto: Median &#8211; derecha)<\/p>\n<p>La Escuela de TRABAJO DE PROCESOS quiere ofrecer las mismas oportunidades de capacitaci\u00f3n a todas las personas interesadas, tengan o no sus propios\u00a0 recursos.<\/p>\n<p>En este sentido, la Escuela ha creado un FONDO SOLIDARIO para apoyar la capacitaci\u00f3n de personas con pocos recursos en nuestra escuela.<\/p>\n<p>Con esta iniciativa queremos apoyar la diversidad en nuestros seminarios y aquellas personas con pocas posibilidades de asistir a nuestros seminarios debido a la situaci\u00f3n de sus pa\u00edses.<\/p>\n<p>En este sentido, hemos recibido una solicitud de Median Khidher, ESTUDIANTE 24 A\u00d1OS, licenciada en filolog\u00eda inglesa. Entre otras experiencias laborales\u00a0ha estado haciendo unas pr\u00e1cticas en el Instituto de Democracia Profunda (DEEP DEMOCRACY INSTITUTE-DDI)\u00a0en IRAQ como coordinadora del proyecto desde mayo a diciembre de 2019, entre otras experiencias profesionales de facilitaci\u00f3n.<\/p>\n<p>As\u00ed describe ellas sis tareas: \u00abejecutar las actividades diarias de la organizaci\u00f3n de DDI, para ser espec\u00edfico para la rama de Iraq, y mi funci\u00f3n abarca desde la comunicaci\u00f3n directa de Iraq desde la estructura de liderazgo de DDI y la ejecuci\u00f3n de tareas en su nombre en el terreno,\u00a0planeando y organizando eventos, promoviendo la difusi\u00f3n de\u00a0DDI localmente, brindando cualquier forma de asistencia a cualquier persona interesada en DDI inform\u00e1ndoles lo que implica, inform\u00e1ndoles de los sucesos y pr\u00f3ximos eventos cercanos a ellos, reportando a gerencia directamente\u00bb.<\/p>\n<p style=\"text-align: center;\"><strong>ELLA NOS ESCRIBI\u00d3 ESTAS CARTAS DE MOTIVACI\u00d3N:\u00a0<\/strong><\/p>\n<p style=\"text-align: center;\"><strong>\u00abPor favor, estoy pidiendo una beca que me apoye para asistir a esta capacitaci\u00f3n. Soy iraqu\u00ed. He realizado alguna actividad de medio ambiente y tuvo tantos desaf\u00edos en nuestra\u00a0comunidad debido a que mi cultura de fondo enfrenta muchos desaf\u00edos que no me permiten mejorar mi habilidad y comunidad. Si pudiera vivir como sue\u00f1o. Pero mi familia no puede apoyarme en esto. Entonces me preguntaba si ser\u00eda posible que lo cubriera la ESCUELA \u00a0o al menos hacer una contribuci\u00f3n del 50% para mi billete de avi\u00f3n. Te agradecer\u00e9 mucho si me puedes ayudar con esto porque este programa significa mucho para m\u00ed y es realmente importante para m\u00ed y para mi futura carrera y una gran oportunidad para crecer y desarrollar mis habilidades y afectar\u00e1 mi desarrollo de capacidades . Por lo tanto, le pido su amable consideraci\u00f3n. Atentamente,\u00a0Median\u00bb\u00a0<\/strong><\/p>\n<\/div>\n<p style=\"text-align: center;\"><strong>\u00abI grew up surrounded by the idea that as a female I must be perfectly beautiful and get married, in a community which except nothing but perfection from the female while there is no good in that community,not just focusing on female issues also poverty,refugees,education,equality,diversity,creativity and taking action for each to making a change, a better change in these issues, everything around me that I am perfectly aware and all of us are, but we need the youth power at all levels to change,dynamic and reshape to make sure youth voices are heard and heeded not over looked and ignored but the most recent issue we are having in our community. They see that it\u2019s a wrong thing a female to be famous socially effective person and they feel like they are underrated , in a country living a lot of religious, cultures , origin the equality in diversity is something shouldn\u2019t even be discussed is something that should be given , and interaction between the citizens and the refugees culture,though, costumes and foods ETC.. the refugees shouldn\u2019t be underrated and be treated like they are in there home they shouldn\u2019t be less educated or have a lower level of respect cz one day they also had. Being Facilities s an important thing to me as it\u2019s part of my personality and something that I truly want to improve over and over in my life I will always look for new techniques,programs, motive people to improve my skill.is part of my daily life as l am working in sectors of humanitarian And coordinations would be such pleasure for me to participate in such conferences to speak up about not only me but all of people what they are facing instead if of giving them their write we as 500 facilitator should getting started and show up the writer and best way of solving.\u00bb<\/strong><\/p>\n<div class=\"col-sm-8\">\n<p style=\"text-align: center;\"><em>Los gastos del vuelo de Iraq a BCN seg\u00fan ella son USD 400 unos 370\u20ac (Ida y vuelta)<\/em><\/p>\n<p style=\"text-align: center;\"><a href=\"https:\/\/www.migranodearena.org\/reto\/21209\/ayudemos-a-median-khidher-mujer-24-anos-de-iraq-con-los-gastos-de-vuelo-para-participar-en-nuestro-proxima-seminario-de-trabajo-de-procesos\"><strong>\u00a1Necesitamos tu SOLIDARIDAD!<\/strong><\/a><\/p>\n<p style=\"text-align: center;\"><strong>OBJETIVO: GASTOS VUELO IDA Y VUELTA APROX USD400- 370EUR<\/strong><\/p>\n<p style=\"text-align: center;\">Desde la ESCUELA intentaremos facilitar su participaci\u00f3n en el curso bec\u00e1ndola, pero necesitamos ayuda para que pueda pagar su vuelo.<\/p>\n<\/div>\n<\/div>\n<\/div>\n<\/header>\n<section id=\"reto-single\">\n<div class=\"container\">\n<div id=\"extended-info\" class=\"row\">\n<div class=\"col-md-8\">\n<div class=\"tab-content\">\n<div id=\"historia\" class=\"tab-pane active of-auto\" role=\"tabpanel\">\n<h2 style=\"text-align: center;\"><strong><a href=\"https:\/\/www.migranodearena.org\/reto\/21209\/ayudemos-a-median-khidher-mujer-24-anos-de-iraq-con-los-gastos-de-vuelo-para-participar-en-nuestro-proxima-seminario-de-trabajo-de-procesos\">DONA AHORA &#8211; VIA MIGRANODEARENA.ORG <\/a><\/strong><\/h2>\n<h2 style=\"text-align: center;\"><strong>(PAYPAL O TARJETA)<\/strong><\/h2>\n<p>&nbsp;<\/p>\n<\/div>\n<\/div>\n<\/div>\n<\/div>\n<\/div>\n<\/section>\n<h1 style=\"text-align: center;\"><a href=\"https:\/\/www.migranodearena.org\/reto\/21209\/ayudemos-a-median-khidher-mujer-24-anos-de-iraq-con-los-gastos-de-vuelo-para-participar-en-nuestro-proxima-seminario-de-trabajo-de-procesos\"><img decoding=\"async\" class=\"alignnone wp-image-6043 aligncenter\" src=\"http:\/\/www.trabajodeprocesos.net\/wp-content\/uploads\/2020\/01\/miggrano-de-arena-300x250.png\" alt=\"\" width=\"510\" height=\"&quot;&lt;\/p\" srcset=\"https:\/\/www.trabajodeprocesos.net\/wp-content\/uploads\/2020\/01\/miggrano-de-arena-300x250.png 300w, https:\/\/www.trabajodeprocesos.net\/wp-content\/uploads\/2020\/01\/miggrano-de-arena-768x641.png 768w, https:\/\/www.trabajodeprocesos.net\/wp-content\/uploads\/2020\/01\/miggrano-de-arena.png 926w\" sizes=\"(max-width: 300px) 100vw, 300px\" \/><\/a><\/h1>\n<\/header>\n<p>&nbsp;<\/p>\n<p>NOTA: SI NO CONSEGUIMOS EL IMPORTE PARA QUE PUEDA VOLAR O HAY PROBLEMAS CON EL VISADO, EL DINERO PASAR\u00c1 AL FONDO DE SOLIDARIDAD DE LA ESCUELA PARA BECAR A OTRO ESTUDIANTE EN CONDICIONES SIMILARES.<\/p>\n<p>GRACIAS A TODOS POR ADELANTADO, COMPARTA AMPLIAMENTE ENTRE SUS CONTACTOS.<\/p>\n<p>&nbsp;<\/p>\n<p style=\"text-align: center;\"><em>\u00abPara m\u00ed, la facilitaci\u00f3n ha sido un gran viaje hasta ahora, aunque puedo describirlo como un proceso gradual que ha llevado tiempo. No puedo decir que sea perfecto, aunque estoy en un lugar en el que puedo decir hasta ahora muy bien. La mayor parte de mi facilitaci\u00f3n La pr\u00e1ctica se ha desarrollado dentro del DDI (Instituto de la Democracia Profunda) y he tenido algunos casos en los que he practicado fuera del mismo. El principal beneficio que para m\u00ed viene es trabajar con dos grupos diferentes de razonamiento diferente y, sin embargo, y una perspectiva de la vida. , y en ese espacio y momento tienes que ser neutral y manejar la situaci\u00f3n hasta que se llegue a una resoluci\u00f3n completa o temporal, uno de los principales desaf\u00edos experimentados en ese momento es que est\u00e1s manejando dos grupos diferentes, entonces hay muchos presi\u00f3n y tienes que estar en todo momento para mantenerte unido y nunca estar favoreciendo a ning\u00fan grupo.<\/em><\/p>\n<p style=\"text-align: center;\"><em>En segundo lugar, debe aprender a tomar el control porque hay casos en que todo se calienta y usted es el facilitador, tiene que asumir el papel y tal vez llamar al grupo para ordenar o si siente que alguien se est\u00e1 tomando demasiado tiempo, entonces debe detenerse les da tiempo suficiente a otros, pero tambi\u00e9n es una habilidad porque si te equivocas terminas convirti\u00e9ndote en un enemigo del grupo y el proceso cambia autom\u00e1ticamente para ser sobre ti. Luego, debe ser muy entusiasta si siente que encaja en un rol y se vuelve personal, debe evitar la ense\u00f1anza y asegurarse de que una vez que trabaje en lo que sea que tenga, asuma su rol de facilitador. Luego, tambi\u00e9n puedes aprender sobre la coordinaci\u00f3n, especialmente si tienes un co-facilitador y tienes que trabajar en la qu\u00edmica para no eclipsar al otro y ser el que est\u00e1 al mando, as\u00ed que para m\u00ed puedo decir que son tantas lecciones aprendidas, as\u00ed que lejos e inter\u00e9s y con la esperanza de aprender m\u00e1s \u00ab.<\/em><\/p>\n","protected":false},"excerpt":{"rendered":"<p>Quremos ayudar a Median, estudiante de 24 a\u00f1os de Iraq, con experiencia en mediaci\u00f3n comunitaria a asistir a uno de nuestros seminarios. Debido a que ha de solicitar un visado, creemos que podr\u00e1 asistir al SEMINARIO del 8-10 de mayo: VER UN PROCESO EN DESARROLLO.\u00a0 En este sentido hemos abierto una campa\u00f1a de CROWDFUNDNG en [&hellip;]<\/p>\n","protected":false},"author":6,"featured_media":6035,"comment_status":"closed","ping_status":"open","sticky":false,"template":"","format":"standard","meta":{"footnotes":""},"categories":[29,36],"tags":[],"class_list":["post-6034","post","type-post","status-publish","format-standard","has-post-thumbnail","hentry","category-blog","category-noticias"],"yoast_head":"<!-- This site is optimized with the Yoast SEO plugin v15.4 - https:\/\/yoast.com\/wordpress\/plugins\/seo\/ -->\n<title>Ayudemos a Median Khidher, estudiante de 24 a\u00f1os de Iraq, con los gastos de vuelo a participar en nuestro SEMINARIO en Barcelona - Trabajo de Procesos<\/title>\n<meta name=\"robots\" content=\"index, follow, max-snippet:-1, max-image-preview:large, max-video-preview:-1\" \/>\n<link rel=\"canonical\" href=\"https:\/\/www.trabajodeprocesos.net\/es\/ayudemos-a-median-khidher-mujer-de-24-anos-de-iraq-con-los-gastos-de-vuelo-a-participar-en-nuestro-seminario-del-28-de-febrero-en-barcelona\/\" \/>\n<meta property=\"og:locale\" content=\"es_ES\" \/>\n<meta property=\"og:type\" content=\"article\" \/>\n<meta property=\"og:title\" content=\"Ayudemos a Median Khidher, estudiante de 24 a\u00f1os de Iraq, con los gastos de vuelo a participar en nuestro SEMINARIO en Barcelona - Trabajo de Procesos\" \/>\n<meta property=\"og:description\" content=\"Quremos ayudar a Median, estudiante de 24 a\u00f1os de Iraq, con experiencia en mediaci\u00f3n comunitaria a asistir a uno de nuestros seminarios. Debido a que ha de solicitar un visado, creemos que podr\u00e1 asistir al SEMINARIO del 8-10 de mayo: VER UN PROCESO EN DESARROLLO.\u00a0 En este sentido hemos abierto una campa\u00f1a de CROWDFUNDNG en [&hellip;]\" \/>\n<meta property=\"og:url\" content=\"https:\/\/www.trabajodeprocesos.net\/es\/ayudemos-a-median-khidher-mujer-de-24-anos-de-iraq-con-los-gastos-de-vuelo-a-participar-en-nuestro-seminario-del-28-de-febrero-en-barcelona\/\" \/>\n<meta property=\"og:site_name\" content=\"Trabajo de Procesos\" \/>\n<meta property=\"article:published_time\" content=\"2020-01-24T11:34:53+00:00\" \/>\n<meta property=\"article:modified_time\" content=\"2026-01-13T08:19:48+00:00\" \/>\n<meta property=\"og:image\" content=\"https:\/\/www.trabajodeprocesos.net\/wp-content\/uploads\/2020\/01\/MEDIAN.jpg\" \/>\n\t<meta property=\"og:image:width\" content=\"750\" \/>\n\t<meta property=\"og:image:height\" content=\"750\" \/>\n<meta name=\"twitter:card\" content=\"summary_large_image\" \/>\n<meta name=\"twitter:label1\" content=\"Escrito por\">\n\t<meta name=\"twitter:data1\" content=\"Admin\">\n\t<meta name=\"twitter:label2\" content=\"Tiempo de lectura\">\n\t<meta name=\"twitter:data2\" content=\"5 minutos\">\n<script type=\"application\/ld+json\" class=\"yoast-schema-graph\">{\"@context\":\"https:\/\/schema.org\",\"@graph\":[{\"@type\":\"WebSite\",\"@id\":\"https:\/\/www.trabajodeprocesos.net\/es\/#website\",\"url\":\"https:\/\/www.trabajodeprocesos.net\/es\/\",\"name\":\"Trabajo de Procesos\",\"description\":\"\",\"potentialAction\":[{\"@type\":\"SearchAction\",\"target\":\"https:\/\/www.trabajodeprocesos.net\/es\/?s={search_term_string}\",\"query-input\":\"required name=search_term_string\"}],\"inLanguage\":\"es\"},{\"@type\":\"ImageObject\",\"@id\":\"https:\/\/www.trabajodeprocesos.net\/es\/ayudemos-a-median-khidher-mujer-de-24-anos-de-iraq-con-los-gastos-de-vuelo-a-participar-en-nuestro-seminario-del-28-de-febrero-en-barcelona\/#primaryimage\",\"inLanguage\":\"es\",\"url\":\"https:\/\/www.trabajodeprocesos.net\/wp-content\/uploads\/2020\/01\/MEDIAN.jpg\",\"width\":750,\"height\":750},{\"@type\":\"WebPage\",\"@id\":\"https:\/\/www.trabajodeprocesos.net\/es\/ayudemos-a-median-khidher-mujer-de-24-anos-de-iraq-con-los-gastos-de-vuelo-a-participar-en-nuestro-seminario-del-28-de-febrero-en-barcelona\/#webpage\",\"url\":\"https:\/\/www.trabajodeprocesos.net\/es\/ayudemos-a-median-khidher-mujer-de-24-anos-de-iraq-con-los-gastos-de-vuelo-a-participar-en-nuestro-seminario-del-28-de-febrero-en-barcelona\/\",\"name\":\"Ayudemos a Median Khidher, estudiante de 24 a\\u00f1os de Iraq, con los gastos de vuelo a participar en nuestro SEMINARIO en Barcelona - Trabajo de Procesos\",\"isPartOf\":{\"@id\":\"https:\/\/www.trabajodeprocesos.net\/es\/#website\"},\"primaryImageOfPage\":{\"@id\":\"https:\/\/www.trabajodeprocesos.net\/es\/ayudemos-a-median-khidher-mujer-de-24-anos-de-iraq-con-los-gastos-de-vuelo-a-participar-en-nuestro-seminario-del-28-de-febrero-en-barcelona\/#primaryimage\"},\"datePublished\":\"2020-01-24T11:34:53+00:00\",\"dateModified\":\"2026-01-13T08:19:48+00:00\",\"author\":{\"@id\":\"https:\/\/www.trabajodeprocesos.net\/es\/#\/schema\/person\/f94150c60776078d5e5dff2343cf5d3c\"},\"inLanguage\":\"es\",\"potentialAction\":[{\"@type\":\"ReadAction\",\"target\":[\"https:\/\/www.trabajodeprocesos.net\/es\/ayudemos-a-median-khidher-mujer-de-24-anos-de-iraq-con-los-gastos-de-vuelo-a-participar-en-nuestro-seminario-del-28-de-febrero-en-barcelona\/\"]}]},{\"@type\":\"Person\",\"@id\":\"https:\/\/www.trabajodeprocesos.net\/es\/#\/schema\/person\/f94150c60776078d5e5dff2343cf5d3c\",\"name\":\"Admin\",\"image\":{\"@type\":\"ImageObject\",\"@id\":\"https:\/\/www.trabajodeprocesos.net\/es\/#personlogo\",\"inLanguage\":\"es\",\"url\":\"https:\/\/secure.gravatar.com\/avatar\/f1444f2c291341a5e91ff3d721bde7263603974dd051d1bc9f64e3a3ba862485?s=96&d=mm&r=g\",\"caption\":\"Admin\"}}]}<\/script>\n<!-- \/ Yoast SEO plugin. -->","_links":{"self":[{"href":"https:\/\/www.trabajodeprocesos.net\/es\/wp-json\/wp\/v2\/posts\/6034","targetHints":{"allow":["GET"]}}],"collection":[{"href":"https:\/\/www.trabajodeprocesos.net\/es\/wp-json\/wp\/v2\/posts"}],"about":[{"href":"https:\/\/www.trabajodeprocesos.net\/es\/wp-json\/wp\/v2\/types\/post"}],"author":[{"embeddable":true,"href":"https:\/\/www.trabajodeprocesos.net\/es\/wp-json\/wp\/v2\/users\/6"}],"replies":[{"embeddable":true,"href":"https:\/\/www.trabajodeprocesos.net\/es\/wp-json\/wp\/v2\/comments?post=6034"}],"version-history":[{"count":1,"href":"https:\/\/www.trabajodeprocesos.net\/es\/wp-json\/wp\/v2\/posts\/6034\/revisions"}],"predecessor-version":[{"id":23292,"href":"https:\/\/www.trabajodeprocesos.net\/es\/wp-json\/wp\/v2\/posts\/6034\/revisions\/23292"}],"wp:featuredmedia":[{"embeddable":true,"href":"https:\/\/www.trabajodeprocesos.net\/es\/wp-json\/wp\/v2\/media\/6035"}],"wp:attachment":[{"href":"https:\/\/www.trabajodeprocesos.net\/es\/wp-json\/wp\/v2\/media?parent=6034"}],"wp:term":[{"taxonomy":"category","embeddable":true,"href":"https:\/\/www.trabajodeprocesos.net\/es\/wp-json\/wp\/v2\/categories?post=6034"},{"taxonomy":"post_tag","embeddable":true,"href":"https:\/\/www.trabajodeprocesos.net\/es\/wp-json\/wp\/v2\/tags?post=6034"}],"curies":[{"name":"wp","href":"https:\/\/api.w.org\/{rel}","templated":true}]}}