{"id":6013,"date":"2020-01-07T12:27:26","date_gmt":"2020-01-07T11:27:26","guid":{"rendered":"http:\/\/www.trabajodeprocesos.net\/?p=6013"},"modified":"2026-01-13T10:19:48","modified_gmt":"2026-01-13T08:19:48","slug":"seminario-resiliencia-interna-para-las-personas-y-el-planeta-4-6-de-diciembre-de-2020-barcelona","status":"publish","type":"post","link":"https:\/\/www.trabajodeprocesos.net\/es\/seminario-resiliencia-interna-para-las-personas-y-el-planeta-4-6-de-diciembre-de-2020-barcelona\/","title":{"rendered":"Seminario Resiliencia interna para las personas y el planeta (4-6 de diciembre de 2020) Barcelona"},"content":{"rendered":"<p>&nbsp;<\/p>\n<h2 style=\"text-align: center;\"><strong>Resiliencia interna para las personas y el planeta <\/strong><\/h2>\n<h2 style=\"text-align: center;\"><strong>Trabajo de procesos para la facilitaci\u00f3n de grupos peque\u00f1os y grandes<\/strong><\/h2>\n<h2 style=\"text-align: center;\"><strong>4-6 de diciembre de 2020 (d\u00edas de entrenamiento 7 y 8 de diciembre)<\/strong><\/h2>\n<h2 style=\"text-align: center;\"><strong>con Gill Emslie y Lily Vassiliou<\/strong><\/h2>\n<p style=\"text-align: center;\">Barcelona, lugar a determinar<\/p>\n<p>En estos tiempos de emergencia clim\u00e1tica, injusticia social e incertidumbre, \u00bfte sientes apelado a actuar y responder? \u00bfsientes que has de facilitar y tomar medidas? O por el contrario \u00bfte sientes abrumado por todo y desconectas con la realidad?<\/p>\n<p>\u00a1No est\u00e1s solo! Esta formaci\u00f3n te ayudar\u00e1 a descubrir sus conexiones innatas entre s\u00ed y los poderes de auto-curaci\u00f3n de nuestras conexiones en las comunidades, transformando la desesperaci\u00f3n y la sensaci\u00f3n de sentirse abrumado en acciones colaborativas inspiradoras. Adem\u00e1s, trabajaremos las habilidades y meta-habilidades necesarias para facilitar los conflictos en grupos grandes y peque\u00f1os.<\/p>\n<p>&nbsp;<\/p>\n<p>Precio: 300\u20ac<\/p>\n<p>Pago al hacer la inscripci\u00f3n para reservar la plaza.<\/p>\n<p>Idioma: el seminario sera en castellano e ingl\u00e9s con traducci\u00f3n.<\/p>\n<p>&nbsp;<\/p>\n<p><strong>HORARIOS\u00a0Seminario:<\/strong><br \/>\nViernes 16:00 a 19:30<br \/>\nSabado 10:00 a 14:00 y\u00a0de 15h30 a 19:30<br \/>\nDomingo 10 a 14:00 y\u00a0de 15h30 a 17:30<\/p>\n<p><strong>D\u00edas de Training:<\/strong><br \/>\nsolo para estudiantes de\u00a0Trabajo de Procesos<br \/>\nLunes 10:00 a 14:00 y\u00a0de 15:30 a 17:30<br \/>\nMartes 10:00 a 14:00 y\u00a0de 15:30 a 17:30<\/p>\n<p><strong>SOBRE LOS FORMADORES<\/strong><\/p>\n<ul>\n<li>\n<h2 style=\"text-align: left;\"><a href=\"http:\/\/www.trabajodeprocesos.net\/la-escuela\/profesorado\/\"><strong>Gill Emslie y Lily Vassiliou<\/strong><\/a><\/h2>\n<\/li>\n<li>Contacto:\u00a0Mar Ruiz\u00a0info@trabajodeprocesos.net<br \/>\n+658538388<\/li>\n<\/ul>\n<p>&nbsp;<\/p>\n<p>Early Bird para estudiantes de Trabajo de Procesos 265\u20ac hasta el 13 de noviembre de 2020.<\/p>\n<p>Bonificable\u00a0 para trabajadores en activo por cuenta ajena a trav\u00e9s de la\u00a0<a href=\"http:\/\/www.fundae.es\/\">Fundae.<\/a><\/p>\n<p>(Para gestionarlo contactar con\u00a0<a href=\"http:\/\/www.trabajodeprocesos.net\/wp-content\/uploads\/2018\/09\/2019_FUNDAE-info_Doc-explicativo-web.pdf\">Nuria Ran)<\/a><\/p>\n<p>&nbsp;<\/p>\n<p>&nbsp;<\/p>\n<p>&nbsp;<\/p>\n<p>Actualizado: 17 de enero de2020<\/p>\n<p>&nbsp;<\/p>\n","protected":false},"excerpt":{"rendered":"<p>&nbsp; Resiliencia interna para las personas y el planeta Trabajo de procesos para la facilitaci\u00f3n de grupos peque\u00f1os y grandes 4-6 de diciembre de 2020 (d\u00edas de entrenamiento 7 y 8 de diciembre) con Gill Emslie y Lily Vassiliou Barcelona, lugar a determinar En estos tiempos de emergencia clim\u00e1tica, injusticia social e incertidumbre, \u00bfte sientes [&hellip;]<\/p>\n","protected":false},"author":6,"featured_media":0,"comment_status":"closed","ping_status":"open","sticky":false,"template":"","format":"standard","meta":{"footnotes":""},"categories":[29,83,36],"tags":[],"class_list":["post-6013","post","type-post","status-publish","format-standard","hentry","category-blog","category-ev-publico","category-noticias"],"yoast_head":"<!-- This site is optimized with the Yoast SEO plugin v15.4 - https:\/\/yoast.com\/wordpress\/plugins\/seo\/ -->\n<title>Seminario Resiliencia interna para las personas y el planeta (4-6 de diciembre de 2020) Barcelona - Trabajo de Procesos<\/title>\n<meta name=\"robots\" content=\"index, follow, max-snippet:-1, max-image-preview:large, max-video-preview:-1\" \/>\n<link rel=\"canonical\" href=\"https:\/\/www.trabajodeprocesos.net\/es\/seminario-resiliencia-interna-para-las-personas-y-el-planeta-4-6-de-diciembre-de-2020-barcelona\/\" \/>\n<meta property=\"og:locale\" content=\"es_ES\" \/>\n<meta property=\"og:type\" content=\"article\" \/>\n<meta property=\"og:title\" content=\"Seminario Resiliencia interna para las personas y el planeta (4-6 de diciembre de 2020) Barcelona - Trabajo de Procesos\" \/>\n<meta property=\"og:description\" content=\"&nbsp; Resiliencia interna para las personas y el planeta Trabajo de procesos para la facilitaci\u00f3n de grupos peque\u00f1os y grandes 4-6 de diciembre de 2020 (d\u00edas de entrenamiento 7 y 8 de diciembre) con Gill Emslie y Lily Vassiliou Barcelona, lugar a determinar En estos tiempos de emergencia clim\u00e1tica, injusticia social e incertidumbre, \u00bfte sientes [&hellip;]\" \/>\n<meta property=\"og:url\" content=\"https:\/\/www.trabajodeprocesos.net\/es\/seminario-resiliencia-interna-para-las-personas-y-el-planeta-4-6-de-diciembre-de-2020-barcelona\/\" \/>\n<meta property=\"og:site_name\" content=\"Trabajo de Procesos\" \/>\n<meta property=\"article:published_time\" content=\"2020-01-07T11:27:26+00:00\" \/>\n<meta property=\"article:modified_time\" content=\"2026-01-13T08:19:48+00:00\" \/>\n<meta name=\"twitter:card\" content=\"summary_large_image\" \/>\n<meta name=\"twitter:label1\" content=\"Escrito por\">\n\t<meta name=\"twitter:data1\" content=\"Admin\">\n\t<meta name=\"twitter:label2\" content=\"Tiempo de lectura\">\n\t<meta name=\"twitter:data2\" content=\"1 minuto\">\n<script type=\"application\/ld+json\" class=\"yoast-schema-graph\">{\"@context\":\"https:\/\/schema.org\",\"@graph\":[{\"@type\":\"WebSite\",\"@id\":\"https:\/\/www.trabajodeprocesos.net\/es\/#website\",\"url\":\"https:\/\/www.trabajodeprocesos.net\/es\/\",\"name\":\"Trabajo de Procesos\",\"description\":\"\",\"potentialAction\":[{\"@type\":\"SearchAction\",\"target\":\"https:\/\/www.trabajodeprocesos.net\/es\/?s={search_term_string}\",\"query-input\":\"required name=search_term_string\"}],\"inLanguage\":\"es\"},{\"@type\":\"WebPage\",\"@id\":\"https:\/\/www.trabajodeprocesos.net\/es\/seminario-resiliencia-interna-para-las-personas-y-el-planeta-4-6-de-diciembre-de-2020-barcelona\/#webpage\",\"url\":\"https:\/\/www.trabajodeprocesos.net\/es\/seminario-resiliencia-interna-para-las-personas-y-el-planeta-4-6-de-diciembre-de-2020-barcelona\/\",\"name\":\"Seminario Resiliencia interna para las personas y el planeta (4-6 de diciembre de 2020) Barcelona - Trabajo de Procesos\",\"isPartOf\":{\"@id\":\"https:\/\/www.trabajodeprocesos.net\/es\/#website\"},\"datePublished\":\"2020-01-07T11:27:26+00:00\",\"dateModified\":\"2026-01-13T08:19:48+00:00\",\"author\":{\"@id\":\"https:\/\/www.trabajodeprocesos.net\/es\/#\/schema\/person\/f94150c60776078d5e5dff2343cf5d3c\"},\"inLanguage\":\"es\",\"potentialAction\":[{\"@type\":\"ReadAction\",\"target\":[\"https:\/\/www.trabajodeprocesos.net\/es\/seminario-resiliencia-interna-para-las-personas-y-el-planeta-4-6-de-diciembre-de-2020-barcelona\/\"]}]},{\"@type\":\"Person\",\"@id\":\"https:\/\/www.trabajodeprocesos.net\/es\/#\/schema\/person\/f94150c60776078d5e5dff2343cf5d3c\",\"name\":\"Admin\",\"image\":{\"@type\":\"ImageObject\",\"@id\":\"https:\/\/www.trabajodeprocesos.net\/es\/#personlogo\",\"inLanguage\":\"es\",\"url\":\"https:\/\/secure.gravatar.com\/avatar\/f1444f2c291341a5e91ff3d721bde7263603974dd051d1bc9f64e3a3ba862485?s=96&d=mm&r=g\",\"caption\":\"Admin\"}}]}<\/script>\n<!-- \/ Yoast SEO plugin. -->","_links":{"self":[{"href":"https:\/\/www.trabajodeprocesos.net\/es\/wp-json\/wp\/v2\/posts\/6013","targetHints":{"allow":["GET"]}}],"collection":[{"href":"https:\/\/www.trabajodeprocesos.net\/es\/wp-json\/wp\/v2\/posts"}],"about":[{"href":"https:\/\/www.trabajodeprocesos.net\/es\/wp-json\/wp\/v2\/types\/post"}],"author":[{"embeddable":true,"href":"https:\/\/www.trabajodeprocesos.net\/es\/wp-json\/wp\/v2\/users\/6"}],"replies":[{"embeddable":true,"href":"https:\/\/www.trabajodeprocesos.net\/es\/wp-json\/wp\/v2\/comments?post=6013"}],"version-history":[{"count":1,"href":"https:\/\/www.trabajodeprocesos.net\/es\/wp-json\/wp\/v2\/posts\/6013\/revisions"}],"predecessor-version":[{"id":23297,"href":"https:\/\/www.trabajodeprocesos.net\/es\/wp-json\/wp\/v2\/posts\/6013\/revisions\/23297"}],"wp:attachment":[{"href":"https:\/\/www.trabajodeprocesos.net\/es\/wp-json\/wp\/v2\/media?parent=6013"}],"wp:term":[{"taxonomy":"category","embeddable":true,"href":"https:\/\/www.trabajodeprocesos.net\/es\/wp-json\/wp\/v2\/categories?post=6013"},{"taxonomy":"post_tag","embeddable":true,"href":"https:\/\/www.trabajodeprocesos.net\/es\/wp-json\/wp\/v2\/tags?post=6013"}],"curies":[{"name":"wp","href":"https:\/\/api.w.org\/{rel}","templated":true}]}}