{"id":5912,"date":"2020-01-08T11:43:28","date_gmt":"2020-01-08T10:43:28","guid":{"rendered":"http:\/\/www.trabajodeprocesos.net\/?p=5912"},"modified":"2026-01-13T10:19:48","modified_gmt":"2026-01-13T08:19:48","slug":"seminario-cuerpo-que-suena-septiembre-de-2020-barcelona","status":"publish","type":"post","link":"https:\/\/www.trabajodeprocesos.net\/es\/seminario-cuerpo-que-suena-septiembre-de-2020-barcelona\/","title":{"rendered":"Seminario: Mi cuerpo que suena, nuestro mundo que suena: un seminario online para trabajar con experiencias som\u00e1ticas  (25-27 de septiembre de 2020) &#8211; Barcelona"},"content":{"rendered":"<p>&nbsp;<\/p>\n<p style=\"text-align: center;\"><strong>Seminario:<\/strong><\/p>\n<p style=\"text-align: center;\"><strong>Trabajo corporal profundo <\/strong><\/p>\n<p style=\"text-align: center;\"><strong>25-27 septiembre 2020<\/strong><\/p>\n<p style=\"text-align: center;\"><strong>(<\/strong>Lilly Vassiliou + Andy Smith)<\/p>\n<p style=\"text-align: center;\"><strong>* ABIERTO AL P\u00daBLICO <\/strong><\/p>\n<p style=\"text-align: center;\"><strong>100% ONLINE EN ZOOM (debido a la incertidumbre de restricciones por el COVID19)<\/strong><\/p>\n<p style=\"text-align: center;\">28-29 septiembre 2020 D\u00edas de entrenamiento, Lily Vassiliou + Andy Smith<\/p>\n<p>&nbsp;<\/p>\n<p><strong>* ABIERTO AL P\u00daBLICO<\/strong><\/p>\n<p><strong>\u00a0<\/strong><\/p>\n<p style=\"text-align: center;\"><strong>Mi cuerpo que sue\u00f1a, nuestro mundo de sue\u00f1os: un seminario online para trabajar con experiencias som\u00e1ticas<\/strong><\/p>\n<p style=\"text-align: center;\">con Lily Vassiliou y Andy Smith<\/p>\n<p style=\"text-align: center;\">25 al 27 de septiembre de 2020<\/p>\n<p><a href=\"http:\/\/www.trabajodeprocesos.net\/wp-content\/uploads\/2020\/01\/flyer2es1.png\"><img loading=\"lazy\" decoding=\"async\" class=\"alignnone size-full wp-image-6814\" src=\"http:\/\/www.trabajodeprocesos.net\/wp-content\/uploads\/2020\/01\/flyer2es1.png\" alt=\"\" width=\"992\" height=\"724\" srcset=\"https:\/\/www.trabajodeprocesos.net\/wp-content\/uploads\/2020\/01\/flyer2es1.png 992w, https:\/\/www.trabajodeprocesos.net\/wp-content\/uploads\/2020\/01\/flyer2es1-300x219.png 300w, https:\/\/www.trabajodeprocesos.net\/wp-content\/uploads\/2020\/01\/flyer2es1-768x561.png 768w\" sizes=\"auto, (max-width: 992px) 100vw, 992px\" \/><\/a><\/p>\n<p>Nuestros cuerpos tienen una sabidur\u00eda salvaje, extra\u00f1a e impredecible, no mediada por nuestras mentes pensantes, sistemas de creencias ni las presiones de la vida cotidiana.<\/p>\n<p>Las experiencias, los s\u00edntomas y las enfermedades de nuestro cuerpo no solo existen de forma aislada dentro de nuestros cuerpos, sino que son parte del campo social, cultural y pol\u00edtico en el que vivimos, y co-creamos con otros. La din\u00e1mica interna est\u00e1 conectada a la din\u00e1mica social y viceversa. Se necesita lidiar con las din\u00e1micas tanto colectivas como individuales para el bienestar del conjunto.<\/p>\n<p>El mundo est\u00e1 en nosotros, tanto como nosotros estamos en el mundo. \u00a1Nuestras experiencias corporales son nuestros cuerpos y el mundo que sue\u00f1a! No solo pueden contarnos sobre la din\u00e1mica del poder y las ventajas culturales en nuestra sociedad; tambi\u00e9n contienen las claves para vivir nuestra verdad y prop\u00f3sito m\u00e1s profundos como cocreadores en este mundo.<\/p>\n<p>Pero, \u00bfc\u00f3mo podemos desarrollar y dar sentido a estas experiencias corporales profundas y vivir su sabidur\u00eda?<\/p>\n<p>En este seminario utilizaremos habilidades y pr\u00e1cticas de sensibilizaci\u00f3n relevantes para nuestra vida personal y profesional.<\/p>\n<p>Usando m\u00e9todos y herramientas de Trabajo de Processos (Processwork), aprenderemos a explorar nuestras experiencias corporales con curiosidad, siguiendo se\u00f1ales de comunicaci\u00f3n verbal y no verbal para descubrir la sabidur\u00eda que se nos revela a trav\u00e9s de nuestros cuerpos.<\/p>\n<p>&nbsp;<\/p>\n<ul>\n<li>Los facilitadores de grupos y organizaciones encontrar\u00e1n formas de acoger sentimientos y experiencias personales que hagan que el trabajo colectivo sea m\u00e1s efectivo.<\/li>\n<li>Los terapeutas, los consejeros y los entrenadores encontrar\u00e1n formas de interactuar con las dimensiones colectivas de los problemas individuales de los clientes.<\/li>\n<li>Todos exploraremos pr\u00e1cticas de conciencia interna que combinan la realidad cotidiana, la fluidez creativa de los sue\u00f1os y las experiencias corporales similares a los sue\u00f1os, as\u00ed como las ideas que tienen una calidad de esencia m\u00e1s profunda que nos conecta con el universo m\u00e1s grande.<\/li>\n<\/ul>\n<p>&nbsp;<\/p>\n<p>D\u00cdAS DE ENTRENAMIENTO<\/p>\n<p>&nbsp;<\/p>\n<p>28 de septiembre: Trabajando con Coma<\/p>\n<p>29 de septiembre: supervisi\u00f3n sobre el trabajo con experiencias corporales<\/p>\n<p>30 de septiembre: supervisi\u00f3n sobre el trabajo con experiencias corporales<\/p>\n<p>&nbsp;<\/p>\n<p><strong>PRECIO DEL SEMINARIO<\/strong><\/p>\n<p>Seminario: 200 \u20ac EARLY BIRD \u00a0(11 de septiembre); 235 \u20ac a partir del 12 de septiembre<\/p>\n<p>&nbsp;<\/p>\n<p>D\u00eda de entrenamiento: 55 \u20ac por d\u00eda; 150 \u20ac los tres d\u00edas.<\/p>\n<p>* Hay un n\u00famero limitado de becas disponibles, dependiendo del n\u00famero de participantes. Si necesita una reducci\u00f3n de matr\u00edcula, env\u00ede un correo electr\u00f3nico a Mar a info@trabajodeprocesos.net con una breve descripci\u00f3n de sus circunstancias y necesidades.<\/p>\n<p>&nbsp;<\/p>\n<p>FECHAS Y HORARIOS<\/p>\n<p>Seminario: 25, 26 y 27 de septiembre de 2020<\/p>\n<p>Viernes 25 de septiembre \u00a016:00 &#8211; 19:00<\/p>\n<p>S\u00e1bado 26 de septiembre \u00a010:00 &#8211; 14:00 y 15:30 &#8211; 18:00<\/p>\n<p>Domingo 27 de septiembre \u00a010:00 &#8211; 14:00 y 15:30 &#8211; 17:30<\/p>\n<p>&nbsp;<\/p>\n<p>D\u00edas de entrenamiento: 28, 29 y 30 de septiembre de 2020<\/p>\n<p>10:00 &#8211; 14:00h<\/p>\n<p>&nbsp;<\/p>\n<h2 style=\"text-align: center;\"><a href=\"https:\/\/forms.gle\/Kgn5khC98dBxwphy5\">INSCRIPCIONES ABIERTAS\u00a0<\/a><\/h2>\n<p><a href=\"http:\/\/www.trabajodeprocesos.net\/wp-content\/uploads\/2020\/01\/Castilan_My-Dreaming-Body-Our-Dreaming-World-FINAL.pdf\">Descargar pdf\u00a0 Seminario<\/a><\/p>\n<p>&nbsp;<\/p>\n<p>NOTA IMPORTANTE:\u00a0La incertidumbre generada por la llegada del Coronavirus a nuestro pa\u00eds nos obliga, como Entidad, a observar con atenci\u00f3n nuestro entorno para adoptar diferentes medidas de protecci\u00f3n para toda la comunidad. Estas pr\u00f3ximas semanas ser\u00e1n de cambios y hemos de ver c\u00f3mo evoluciona todo y c\u00f3mo nos adaptamos a lo que nos va viniendo. La Escuela no puede vivir de espalda a la realidad. Y por este motivo ya estamos trabajando &#8212; en reuniones online &#8212;- para que las actividades de las pr\u00f3ximas semanas se vean lo menos afectadas posible.<\/p>\n<p>NOTA SOBRE LA PLATAFORMA DE ZOOM: La Escuela del Instituto Trabajo de Procesos seguir\u00e1 haciendo las actividades online desde Zoom. Los formadores tiene instrucciones para gestionar la plataforma de la mejor forma posible y es tambi\u00e9n responsabilidad de cada participante no difundir los enlaces a las sesiones y cerrar las sesiones despu\u00e9s de cada uso. Haremos un control exhaustivo del acceso a las sesiones y como siempre nos ce\u00f1iremos a la legislaci\u00f3n de protecci\u00f3n de datos vigentes.<\/p>\n<p>&nbsp;<\/p>\n<h2>Nota de la Agencia de Ciberseguridad de Catalunya con relaci\u00f3n al uso de aplicaciones de videoconferencia<\/h2>\n<div class=\"detall\">La Ag\u00e8ncia de Ciberseguretat de Catalunya como entidad encargada de ejecutar el servicio p\u00fablico de ciberseguridad y de fomentar la confianza digital de los ciudadanos, informa que en el actual estado de confinamiento se est\u00e1 haciendo un uso intensivo de diferentes plataformas de videoconferencia para finalidades personales y profesionales.<\/div>\n<p><a href=\"https:\/\/ciberseguretat.gencat.cat\/ca\/detalls\/noticia\/Nota-de-lAgencia-de-Ciberseguretat-de-Catalunya-en-relacio-a-lus-daplicacions-de-videoconferencia\">https:\/\/ciberseguretat.gencat.cat\/ca\/detalls\/noticia\/Nota-de-lAgencia-de-Ciberseguretat-de-Catalunya-en-relacio-a-lus-daplicacions-de-videoconferencia (en catal\u00e1n)<\/a><\/p>\n<p>Actualizado: 2 de junio de 2020<\/p>\n<p>&nbsp;<\/p>\n<p>&nbsp;<\/p>\n","protected":false},"excerpt":{"rendered":"<p>&nbsp; Seminario: Trabajo corporal profundo 25-27 septiembre 2020 (Lilly Vassiliou + Andy Smith) * ABIERTO AL P\u00daBLICO 100% ONLINE EN ZOOM (debido a la incertidumbre de restricciones por el COVID19) 28-29 septiembre 2020 D\u00edas de entrenamiento, Lily Vassiliou + Andy Smith &nbsp; * ABIERTO AL P\u00daBLICO \u00a0 Mi cuerpo que sue\u00f1a, nuestro mundo de sue\u00f1os: [&hellip;]<\/p>\n","protected":false},"author":6,"featured_media":6813,"comment_status":"closed","ping_status":"open","sticky":false,"template":"","format":"standard","meta":{"footnotes":""},"categories":[29,83,84,36],"tags":[],"class_list":["post-5912","post","type-post","status-publish","format-standard","has-post-thumbnail","hentry","category-blog","category-ev-publico","category-img-destacada","category-noticias"],"yoast_head":"<!-- This site is optimized with the Yoast SEO plugin v15.4 - https:\/\/yoast.com\/wordpress\/plugins\/seo\/ -->\n<title>Seminario: Mi cuerpo que suena, nuestro mundo que suena: un seminario online para trabajar con experiencias som\u00e1ticas (25-27 de septiembre de 2020) - Barcelona - Trabajo de Procesos<\/title>\n<meta name=\"robots\" content=\"index, follow, max-snippet:-1, max-image-preview:large, max-video-preview:-1\" \/>\n<link rel=\"canonical\" href=\"https:\/\/www.trabajodeprocesos.net\/es\/seminario-cuerpo-que-suena-septiembre-de-2020-barcelona\/\" \/>\n<meta property=\"og:locale\" content=\"es_ES\" \/>\n<meta property=\"og:type\" content=\"article\" \/>\n<meta property=\"og:title\" content=\"Seminario: Mi cuerpo que suena, nuestro mundo que suena: un seminario online para trabajar con experiencias som\u00e1ticas (25-27 de septiembre de 2020) - Barcelona - Trabajo de Procesos\" \/>\n<meta property=\"og:description\" content=\"&nbsp; Seminario: Trabajo corporal profundo 25-27 septiembre 2020 (Lilly Vassiliou + Andy Smith) * ABIERTO AL P\u00daBLICO 100% ONLINE EN ZOOM (debido a la incertidumbre de restricciones por el COVID19) 28-29 septiembre 2020 D\u00edas de entrenamiento, Lily Vassiliou + Andy Smith &nbsp; * ABIERTO AL P\u00daBLICO \u00a0 Mi cuerpo que sue\u00f1a, nuestro mundo de sue\u00f1os: [&hellip;]\" \/>\n<meta property=\"og:url\" content=\"https:\/\/www.trabajodeprocesos.net\/es\/seminario-cuerpo-que-suena-septiembre-de-2020-barcelona\/\" \/>\n<meta property=\"og:site_name\" content=\"Trabajo de Procesos\" \/>\n<meta property=\"article:published_time\" content=\"2020-01-08T10:43:28+00:00\" \/>\n<meta property=\"article:modified_time\" content=\"2026-01-13T08:19:48+00:00\" \/>\n<meta property=\"og:image\" content=\"https:\/\/www.trabajodeprocesos.net\/wp-content\/uploads\/2020\/01\/flyer2es.png\" \/>\n\t<meta property=\"og:image:width\" content=\"814\" \/>\n\t<meta property=\"og:image:height\" content=\"502\" \/>\n<meta name=\"twitter:card\" content=\"summary_large_image\" \/>\n<meta name=\"twitter:label1\" content=\"Escrito por\">\n\t<meta name=\"twitter:data1\" content=\"Admin\">\n\t<meta name=\"twitter:label2\" content=\"Tiempo de lectura\">\n\t<meta name=\"twitter:data2\" content=\"3 minutos\">\n<script type=\"application\/ld+json\" class=\"yoast-schema-graph\">{\"@context\":\"https:\/\/schema.org\",\"@graph\":[{\"@type\":\"WebSite\",\"@id\":\"https:\/\/www.trabajodeprocesos.net\/es\/#website\",\"url\":\"https:\/\/www.trabajodeprocesos.net\/es\/\",\"name\":\"Trabajo de Procesos\",\"description\":\"\",\"potentialAction\":[{\"@type\":\"SearchAction\",\"target\":\"https:\/\/www.trabajodeprocesos.net\/es\/?s={search_term_string}\",\"query-input\":\"required name=search_term_string\"}],\"inLanguage\":\"es\"},{\"@type\":\"ImageObject\",\"@id\":\"https:\/\/www.trabajodeprocesos.net\/es\/seminario-cuerpo-que-suena-septiembre-de-2020-barcelona\/#primaryimage\",\"inLanguage\":\"es\",\"url\":\"https:\/\/www.trabajodeprocesos.net\/wp-content\/uploads\/2020\/01\/flyer2es.png\",\"width\":814,\"height\":502},{\"@type\":\"WebPage\",\"@id\":\"https:\/\/www.trabajodeprocesos.net\/es\/seminario-cuerpo-que-suena-septiembre-de-2020-barcelona\/#webpage\",\"url\":\"https:\/\/www.trabajodeprocesos.net\/es\/seminario-cuerpo-que-suena-septiembre-de-2020-barcelona\/\",\"name\":\"Seminario: Mi cuerpo que suena, nuestro mundo que suena: un seminario online para trabajar con experiencias som\\u00e1ticas (25-27 de septiembre de 2020) - Barcelona - Trabajo de Procesos\",\"isPartOf\":{\"@id\":\"https:\/\/www.trabajodeprocesos.net\/es\/#website\"},\"primaryImageOfPage\":{\"@id\":\"https:\/\/www.trabajodeprocesos.net\/es\/seminario-cuerpo-que-suena-septiembre-de-2020-barcelona\/#primaryimage\"},\"datePublished\":\"2020-01-08T10:43:28+00:00\",\"dateModified\":\"2026-01-13T08:19:48+00:00\",\"author\":{\"@id\":\"https:\/\/www.trabajodeprocesos.net\/es\/#\/schema\/person\/f94150c60776078d5e5dff2343cf5d3c\"},\"inLanguage\":\"es\",\"potentialAction\":[{\"@type\":\"ReadAction\",\"target\":[\"https:\/\/www.trabajodeprocesos.net\/es\/seminario-cuerpo-que-suena-septiembre-de-2020-barcelona\/\"]}]},{\"@type\":\"Person\",\"@id\":\"https:\/\/www.trabajodeprocesos.net\/es\/#\/schema\/person\/f94150c60776078d5e5dff2343cf5d3c\",\"name\":\"Admin\",\"image\":{\"@type\":\"ImageObject\",\"@id\":\"https:\/\/www.trabajodeprocesos.net\/es\/#personlogo\",\"inLanguage\":\"es\",\"url\":\"https:\/\/secure.gravatar.com\/avatar\/f1444f2c291341a5e91ff3d721bde7263603974dd051d1bc9f64e3a3ba862485?s=96&d=mm&r=g\",\"caption\":\"Admin\"}}]}<\/script>\n<!-- \/ Yoast SEO plugin. -->","_links":{"self":[{"href":"https:\/\/www.trabajodeprocesos.net\/es\/wp-json\/wp\/v2\/posts\/5912","targetHints":{"allow":["GET"]}}],"collection":[{"href":"https:\/\/www.trabajodeprocesos.net\/es\/wp-json\/wp\/v2\/posts"}],"about":[{"href":"https:\/\/www.trabajodeprocesos.net\/es\/wp-json\/wp\/v2\/types\/post"}],"author":[{"embeddable":true,"href":"https:\/\/www.trabajodeprocesos.net\/es\/wp-json\/wp\/v2\/users\/6"}],"replies":[{"embeddable":true,"href":"https:\/\/www.trabajodeprocesos.net\/es\/wp-json\/wp\/v2\/comments?post=5912"}],"version-history":[{"count":1,"href":"https:\/\/www.trabajodeprocesos.net\/es\/wp-json\/wp\/v2\/posts\/5912\/revisions"}],"predecessor-version":[{"id":23296,"href":"https:\/\/www.trabajodeprocesos.net\/es\/wp-json\/wp\/v2\/posts\/5912\/revisions\/23296"}],"wp:featuredmedia":[{"embeddable":true,"href":"https:\/\/www.trabajodeprocesos.net\/es\/wp-json\/wp\/v2\/media\/6813"}],"wp:attachment":[{"href":"https:\/\/www.trabajodeprocesos.net\/es\/wp-json\/wp\/v2\/media?parent=5912"}],"wp:term":[{"taxonomy":"category","embeddable":true,"href":"https:\/\/www.trabajodeprocesos.net\/es\/wp-json\/wp\/v2\/categories?post=5912"},{"taxonomy":"post_tag","embeddable":true,"href":"https:\/\/www.trabajodeprocesos.net\/es\/wp-json\/wp\/v2\/tags?post=5912"}],"curies":[{"name":"wp","href":"https:\/\/api.w.org\/{rel}","templated":true}]}}