{"id":5769,"date":"2019-10-25T09:43:49","date_gmt":"2019-10-25T07:43:49","guid":{"rendered":"http:\/\/www.trabajodeprocesos.net\/?p=5769"},"modified":"2026-01-13T10:19:48","modified_gmt":"2026-01-13T08:19:48","slug":"jan-dworkin-en-medio-de-la-atmosfera-cargada-en-las-calles-de-barcelona-70-personas-de-al-menos-5-paises-se-reunieron-para-abordar-el-tema-del-dano-y-la-responsabilidad","status":"publish","type":"post","link":"https:\/\/www.trabajodeprocesos.net\/es\/jan-dworkin-en-medio-de-la-atmosfera-cargada-en-las-calles-de-barcelona-70-personas-de-al-menos-5-paises-se-reunieron-para-abordar-el-tema-del-dano-y-la-responsabilidad\/","title":{"rendered":"Jan Dworkin: \u00abEn medio de la atm\u00f3sfera cargada en las calles de Barcelona, 75 personas de al menos 5 pa\u00edses se reunieron para abordar el tema del da\u00f1o y la responsabilidad.\u00bb"},"content":{"rendered":"<p><a href=\"http:\/\/www.trabajodeprocesos.net\/jan-dworkin-es\/\"><img loading=\"lazy\" decoding=\"async\" class=\" wp-image-5755 alignleft\" src=\"http:\/\/www.trabajodeprocesos.net\/wp-content\/uploads\/2019\/10\/descarga.jpg\" alt=\"\" width=\"152\" height=\"229\" \/><\/a><a href=\"http:\/\/www.trabajodeprocesos.net\/jan-dworkin-es\/\">Jan Dworkin<\/a>:\u00a0\u00abEn medio de la atm\u00f3sfera cargada en las calles de Barcelona, 75 personas de al menos 5 pa\u00edses se reunieron para abordar el tema del da\u00f1o y la responsabilidad.<\/p>\n<p>Practicamos formas de ser responsables del poder que tenemos y de usarlo bien, reparamos relaciones donde el da\u00f1o hab\u00eda ocurrido a nivel personal, y trabajamos en el campo m\u00e1s amplio, procesando, honrando y desplegando el papel de la llamada \u00abjuventud enojada\u00bb y, en \u00faltima instancia, utilizando esa energ\u00eda para crear relaciones y profundizar la comunidad.<\/p>\n<p>Estoy inmensamente agradecida de haber tenido la oportunidad de ser parte de la comunidad de Trabajo de Procesos en este importante momento. \u00bb<\/p>\n<p>&nbsp;<\/p>\n<p><a href=\"http:\/\/www.trabajodeprocesos.net\/neus-andreu-2\/\"><img loading=\"lazy\" decoding=\"async\" class=\"wp-image-5765 alignright\" src=\"http:\/\/www.trabajodeprocesos.net\/wp-content\/uploads\/2019\/10\/Neus-Andreu2016_image-1-300x199.png\" alt=\"\" width=\"255\" height=\"169\" srcset=\"https:\/\/www.trabajodeprocesos.net\/wp-content\/uploads\/2019\/10\/Neus-Andreu2016_image-1-300x199.png 300w, https:\/\/www.trabajodeprocesos.net\/wp-content\/uploads\/2019\/10\/Neus-Andreu2016_image-1.png 482w\" sizes=\"auto, (max-width: 255px) 100vw, 255px\" \/><\/a><\/p>\n<p>Gracias a todos por asistir a nuestro <a href=\"http:\/\/www.trabajodeprocesos.net\/inscripciones-abiertas-para-el-seminario-dano-y-responsabilidad-18-al-20-de-octubre-2019-barcelona\/\">Seminario: \u00abDa\u00f1o y responsabilidad<\/a>: un enfoque de trabajo de proceso para la reparaci\u00f3n de relaciones\u00bb asistido por <a href=\"http:\/\/www.trabajodeprocesos.net\/neus-andreu-2\/\">Neus Andreu<\/a>.\u00a0 \u00a1Nos vemos muy pronto!<\/p>\n<p>&nbsp;<\/p>\n<p>&nbsp;<\/p>\n<p>&nbsp;<\/p>\n<p>&nbsp;<\/p>\n<h3 style=\"text-align: center;\"><strong>THANK YOU! GRACIAS! GRAZIE! DANKE!\u00a0\u010eAKUJEM! GR\u00c0CIES!\u00a0GRAZAS! \u0421\u041f\u0410\u0421\u0418\u0411\u041e!<\/strong><\/h3>\n<p style=\"text-align: left;\">\u00a0\u00a0<a href=\"http:\/\/www.trabajodeprocesos.net\/wp-content\/uploads\/2019\/10\/SEMIANRGRACIAS.png\"><img loading=\"lazy\" decoding=\"async\" class=\"alignnone wp-image-5767 size-full\" src=\"http:\/\/www.trabajodeprocesos.net\/wp-content\/uploads\/2019\/10\/SEMIANRGRACIAS.png\" alt=\"\" width=\"1338\" height=\"538\" srcset=\"https:\/\/www.trabajodeprocesos.net\/wp-content\/uploads\/2019\/10\/SEMIANRGRACIAS.png 1338w, https:\/\/www.trabajodeprocesos.net\/wp-content\/uploads\/2019\/10\/SEMIANRGRACIAS-300x121.png 300w, https:\/\/www.trabajodeprocesos.net\/wp-content\/uploads\/2019\/10\/SEMIANRGRACIAS-1024x412.png 1024w, https:\/\/www.trabajodeprocesos.net\/wp-content\/uploads\/2019\/10\/SEMIANRGRACIAS-768x309.png 768w\" sizes=\"auto, (max-width: 1338px) 100vw, 1338px\" \/><\/a><\/p>\n<p>&nbsp;<\/p>\n<p>&nbsp;<\/p>\n","protected":false},"excerpt":{"rendered":"<p>Jan Dworkin:\u00a0\u00abEn medio de la atm\u00f3sfera cargada en las calles de Barcelona, 75 personas de al menos 5 pa\u00edses se reunieron para abordar el tema del da\u00f1o y la responsabilidad. Practicamos formas de ser responsables del poder que tenemos y de usarlo bien, reparamos relaciones donde el da\u00f1o hab\u00eda ocurrido a nivel personal, y trabajamos [&hellip;]<\/p>\n","protected":false},"author":6,"featured_media":5771,"comment_status":"closed","ping_status":"open","sticky":false,"template":"","format":"standard","meta":{"footnotes":""},"categories":[29,36],"tags":[],"class_list":["post-5769","post","type-post","status-publish","format-standard","has-post-thumbnail","hentry","category-blog","category-noticias"],"yoast_head":"<!-- This site is optimized with the Yoast SEO plugin v15.4 - https:\/\/yoast.com\/wordpress\/plugins\/seo\/ -->\n<title>Jan Dworkin: &quot;En medio de la atm\u00f3sfera cargada en las calles de Barcelona, 75 personas de al menos 5 pa\u00edses se reunieron para abordar el tema del da\u00f1o y la responsabilidad.&quot; - Trabajo de Procesos<\/title>\n<meta name=\"robots\" content=\"index, follow, max-snippet:-1, max-image-preview:large, max-video-preview:-1\" \/>\n<link rel=\"canonical\" href=\"https:\/\/www.trabajodeprocesos.net\/es\/jan-dworkin-en-medio-de-la-atmosfera-cargada-en-las-calles-de-barcelona-70-personas-de-al-menos-5-paises-se-reunieron-para-abordar-el-tema-del-dano-y-la-responsabilidad\/\" \/>\n<meta property=\"og:locale\" content=\"es_ES\" \/>\n<meta property=\"og:type\" content=\"article\" \/>\n<meta property=\"og:title\" content=\"Jan Dworkin: &quot;En medio de la atm\u00f3sfera cargada en las calles de Barcelona, 75 personas de al menos 5 pa\u00edses se reunieron para abordar el tema del da\u00f1o y la responsabilidad.&quot; - Trabajo de Procesos\" \/>\n<meta property=\"og:description\" content=\"Jan Dworkin:\u00a0\u00abEn medio de la atm\u00f3sfera cargada en las calles de Barcelona, 75 personas de al menos 5 pa\u00edses se reunieron para abordar el tema del da\u00f1o y la responsabilidad. Practicamos formas de ser responsables del poder que tenemos y de usarlo bien, reparamos relaciones donde el da\u00f1o hab\u00eda ocurrido a nivel personal, y trabajamos [&hellip;]\" \/>\n<meta property=\"og:url\" content=\"https:\/\/www.trabajodeprocesos.net\/es\/jan-dworkin-en-medio-de-la-atmosfera-cargada-en-las-calles-de-barcelona-70-personas-de-al-menos-5-paises-se-reunieron-para-abordar-el-tema-del-dano-y-la-responsabilidad\/\" \/>\n<meta property=\"og:site_name\" content=\"Trabajo de Procesos\" \/>\n<meta property=\"article:published_time\" content=\"2019-10-25T07:43:49+00:00\" \/>\n<meta property=\"article:modified_time\" content=\"2026-01-13T08:19:48+00:00\" \/>\n<meta property=\"og:image\" content=\"https:\/\/www.trabajodeprocesos.net\/wp-content\/uploads\/2019\/10\/GR\u00c0CIES-1.jpg\" \/>\n\t<meta property=\"og:image:width\" content=\"1920\" \/>\n\t<meta property=\"og:image:height\" content=\"1080\" \/>\n<meta name=\"twitter:card\" content=\"summary_large_image\" \/>\n<meta name=\"twitter:label1\" content=\"Escrito por\">\n\t<meta name=\"twitter:data1\" content=\"Admin\">\n\t<meta name=\"twitter:label2\" content=\"Tiempo de lectura\">\n\t<meta name=\"twitter:data2\" content=\"1 minuto\">\n<script type=\"application\/ld+json\" class=\"yoast-schema-graph\">{\"@context\":\"https:\/\/schema.org\",\"@graph\":[{\"@type\":\"WebSite\",\"@id\":\"https:\/\/www.trabajodeprocesos.net\/es\/#website\",\"url\":\"https:\/\/www.trabajodeprocesos.net\/es\/\",\"name\":\"Trabajo de Procesos\",\"description\":\"\",\"potentialAction\":[{\"@type\":\"SearchAction\",\"target\":\"https:\/\/www.trabajodeprocesos.net\/es\/?s={search_term_string}\",\"query-input\":\"required name=search_term_string\"}],\"inLanguage\":\"es\"},{\"@type\":\"ImageObject\",\"@id\":\"https:\/\/www.trabajodeprocesos.net\/es\/jan-dworkin-en-medio-de-la-atmosfera-cargada-en-las-calles-de-barcelona-70-personas-de-al-menos-5-paises-se-reunieron-para-abordar-el-tema-del-dano-y-la-responsabilidad\/#primaryimage\",\"inLanguage\":\"es\",\"url\":\"https:\/\/www.trabajodeprocesos.net\/wp-content\/uploads\/2019\/10\/GR\\u00c0CIES-1.jpg\",\"width\":1920,\"height\":1080},{\"@type\":\"WebPage\",\"@id\":\"https:\/\/www.trabajodeprocesos.net\/es\/jan-dworkin-en-medio-de-la-atmosfera-cargada-en-las-calles-de-barcelona-70-personas-de-al-menos-5-paises-se-reunieron-para-abordar-el-tema-del-dano-y-la-responsabilidad\/#webpage\",\"url\":\"https:\/\/www.trabajodeprocesos.net\/es\/jan-dworkin-en-medio-de-la-atmosfera-cargada-en-las-calles-de-barcelona-70-personas-de-al-menos-5-paises-se-reunieron-para-abordar-el-tema-del-dano-y-la-responsabilidad\/\",\"name\":\"Jan Dworkin: \\\"En medio de la atm\\u00f3sfera cargada en las calles de Barcelona, 75 personas de al menos 5 pa\\u00edses se reunieron para abordar el tema del da\\u00f1o y la responsabilidad.\\\" - Trabajo de Procesos\",\"isPartOf\":{\"@id\":\"https:\/\/www.trabajodeprocesos.net\/es\/#website\"},\"primaryImageOfPage\":{\"@id\":\"https:\/\/www.trabajodeprocesos.net\/es\/jan-dworkin-en-medio-de-la-atmosfera-cargada-en-las-calles-de-barcelona-70-personas-de-al-menos-5-paises-se-reunieron-para-abordar-el-tema-del-dano-y-la-responsabilidad\/#primaryimage\"},\"datePublished\":\"2019-10-25T07:43:49+00:00\",\"dateModified\":\"2026-01-13T08:19:48+00:00\",\"author\":{\"@id\":\"https:\/\/www.trabajodeprocesos.net\/es\/#\/schema\/person\/f94150c60776078d5e5dff2343cf5d3c\"},\"inLanguage\":\"es\",\"potentialAction\":[{\"@type\":\"ReadAction\",\"target\":[\"https:\/\/www.trabajodeprocesos.net\/es\/jan-dworkin-en-medio-de-la-atmosfera-cargada-en-las-calles-de-barcelona-70-personas-de-al-menos-5-paises-se-reunieron-para-abordar-el-tema-del-dano-y-la-responsabilidad\/\"]}]},{\"@type\":\"Person\",\"@id\":\"https:\/\/www.trabajodeprocesos.net\/es\/#\/schema\/person\/f94150c60776078d5e5dff2343cf5d3c\",\"name\":\"Admin\",\"image\":{\"@type\":\"ImageObject\",\"@id\":\"https:\/\/www.trabajodeprocesos.net\/es\/#personlogo\",\"inLanguage\":\"es\",\"url\":\"https:\/\/secure.gravatar.com\/avatar\/f1444f2c291341a5e91ff3d721bde7263603974dd051d1bc9f64e3a3ba862485?s=96&d=mm&r=g\",\"caption\":\"Admin\"}}]}<\/script>\n<!-- \/ Yoast SEO plugin. -->","_links":{"self":[{"href":"https:\/\/www.trabajodeprocesos.net\/es\/wp-json\/wp\/v2\/posts\/5769","targetHints":{"allow":["GET"]}}],"collection":[{"href":"https:\/\/www.trabajodeprocesos.net\/es\/wp-json\/wp\/v2\/posts"}],"about":[{"href":"https:\/\/www.trabajodeprocesos.net\/es\/wp-json\/wp\/v2\/types\/post"}],"author":[{"embeddable":true,"href":"https:\/\/www.trabajodeprocesos.net\/es\/wp-json\/wp\/v2\/users\/6"}],"replies":[{"embeddable":true,"href":"https:\/\/www.trabajodeprocesos.net\/es\/wp-json\/wp\/v2\/comments?post=5769"}],"version-history":[{"count":1,"href":"https:\/\/www.trabajodeprocesos.net\/es\/wp-json\/wp\/v2\/posts\/5769\/revisions"}],"predecessor-version":[{"id":23299,"href":"https:\/\/www.trabajodeprocesos.net\/es\/wp-json\/wp\/v2\/posts\/5769\/revisions\/23299"}],"wp:featuredmedia":[{"embeddable":true,"href":"https:\/\/www.trabajodeprocesos.net\/es\/wp-json\/wp\/v2\/media\/5771"}],"wp:attachment":[{"href":"https:\/\/www.trabajodeprocesos.net\/es\/wp-json\/wp\/v2\/media?parent=5769"}],"wp:term":[{"taxonomy":"category","embeddable":true,"href":"https:\/\/www.trabajodeprocesos.net\/es\/wp-json\/wp\/v2\/categories?post=5769"},{"taxonomy":"post_tag","embeddable":true,"href":"https:\/\/www.trabajodeprocesos.net\/es\/wp-json\/wp\/v2\/tags?post=5769"}],"curies":[{"name":"wp","href":"https:\/\/api.w.org\/{rel}","templated":true}]}}