{"id":5568,"date":"2019-07-30T09:37:09","date_gmt":"2019-07-30T07:37:09","guid":{"rendered":"http:\/\/www.trabajodeprocesos.net\/?p=5568"},"modified":"2026-01-13T10:19:49","modified_gmt":"2026-01-13T08:19:49","slug":"inscripciones-abiertas-para-el-seminario-dano-y-responsabilidad-18-al-20-de-octubre-2019-barcelona","status":"publish","type":"post","link":"https:\/\/www.trabajodeprocesos.net\/es\/inscripciones-abiertas-para-el-seminario-dano-y-responsabilidad-18-al-20-de-octubre-2019-barcelona\/","title":{"rendered":"Inscripciones abiertas para el Seminario \u00abDa\u00f1o y responsabilidad: La reparaci\u00f3n en las relaciones, una mirada orientada a procesos\u00bb 18 al 20 de octubre 2019, Barcelona"},"content":{"rendered":"<h2 style=\"text-align: center;\">Seminario \u00abDa\u00f1o y responsabilidad: La reparaci\u00f3n en las<br \/>\nrelaciones, una mirada orientada a procesos\u00bb<\/h2>\n<p style=\"text-align: center;\">(Jan Dworkin, Neus Andreu &#8211; assisting)<\/p>\n<p style=\"text-align: center;\"><strong>18-20 octubre en Barcelona<\/strong><\/p>\n<p style=\"text-align: center;\"><a href=\"https:\/\/www.lleialtat.cat\/\">LLEIALTAT SANTSENCA (Carrer d&#8217;Olzinelles, 31, 08014 Barcelona)<\/a><\/p>\n<p style=\"text-align: center;\"><strong>* SEMINARIO ABIERTO AL P\u00daBLICO\u00a0<\/strong><\/p>\n<p style=\"text-align: center;\">(plazas limitadas)<\/p>\n<p><a href=\"http:\/\/www.trabajodeprocesos.net\/wp-content\/uploads\/2019\/01\/flyer_JanNeus_2010-Spanish-vesion.pdf\"><img loading=\"lazy\" decoding=\"async\" class=\"alignnone wp-image-5557 size-full\" src=\"http:\/\/www.trabajodeprocesos.net\/wp-content\/uploads\/2019\/01\/semianr-1.jpg\" alt=\"\" width=\"1113\" height=\"828\" srcset=\"https:\/\/www.trabajodeprocesos.net\/wp-content\/uploads\/2019\/01\/semianr-1.jpg 1113w, https:\/\/www.trabajodeprocesos.net\/wp-content\/uploads\/2019\/01\/semianr-1-300x223.jpg 300w, https:\/\/www.trabajodeprocesos.net\/wp-content\/uploads\/2019\/01\/semianr-1-1024x762.jpg 1024w, https:\/\/www.trabajodeprocesos.net\/wp-content\/uploads\/2019\/01\/semianr-1-768x571.jpg 768w\" sizes=\"auto, (max-width: 1113px) 100vw, 1113px\" \/><\/a><\/p>\n<p>Es muy com\u00fan sentirse herido en las relaciones. Es igualmente com\u00fan ser acusada de causar da\u00f1o a otros. Recuperarse del dolor que experimentamos y reparar el da\u00f1o que creamos son dos de los mayores desaf\u00edos que nos plantean las relaciones.<\/p>\n<p>Pocas de nosotros hemos sido formadas para ser responsables de nuestro impacto en los dem\u00e1s. Nos<br \/>\nsentimos victimizados, culpables o en negaci\u00f3n. Adem\u00e1s, tendemos a poner demasiado \u00e9nfasis en los aspectos psicol\u00f3gicos de nuestro comportamiento y subestimamos el impacto de las dimensiones colectiva y pol\u00edtica. Creemos err\u00f3neamente que lo que sucede entre nosotras es solo un<br \/>\nasunto privado.<\/p>\n<p>En el seminario, aprenderemos c\u00f3mo tomar responsabilidad por nuestros impactos en otras personas: momento a momento, en interacciones en tiempo real, as\u00ed al hablar del<br \/>\npasado. Obtendremos una mayor comprensi\u00f3n sobre el impacto de los traumas colectivos en nuestras relaciones.<\/p>\n<p>Tambi\u00e9n descubriremos c\u00f3mo la historia se encuentra escondida bajo nuestras emociones intensas, al mismo tiempo, aprenderemos habilidades para hacer que nuestras relaciones actuales sean m\u00e1s satisfactorias y sostenibles.<\/p>\n<p><strong>Algunos temas que abordaremos:<\/strong><br \/>\n\u2022 El impacto de la interseccionalidad y la desigualdad de poder en las relaciones<br \/>\n\u2022 Habilidades y actitudes para una aut\u00e9ntica disculpa: qu\u00e9, cu\u00e1ndo y c\u00f3mo.<br \/>\n\u2022 Facilitando acusaciones fuertes y la experiencia de dolor.<br \/>\n\u2022 conciencia de los cambiantes roles de v\u00edctima, perpetrador y testigo<br \/>\n\u2022 Creando seguridad para todos los roles y partes.<br \/>\n\u2022 Identificando la historia en el aqu\u00ed y ahora.<\/p>\n<p>Presentaremos y practicaremos herramientas y actitudes \u00fatiles para mediadores, terapeutas, facilitadoras, educadores, activistas, pol\u00edticas y padres\/madres\/tutores.<\/p>\n<p>Tambi\u00e9n para cualquier persona que busque mejorar sus relaciones o desarrollar una mayor facilidad para sentarse en los fuegos de las interacciones intensas y conflictivas.<\/p>\n<p><a href=\"http:\/\/www.trabajodeprocesos.net\/wp-content\/uploads\/2019\/01\/flyer_JanNeus_2010-Spanish-vesion.pdf\"><img loading=\"lazy\" decoding=\"async\" class=\"alignnone size-full wp-image-5558\" src=\"http:\/\/www.trabajodeprocesos.net\/wp-content\/uploads\/2019\/01\/semianr-2.jpg\" alt=\"\" width=\"1113\" height=\"828\" srcset=\"https:\/\/www.trabajodeprocesos.net\/wp-content\/uploads\/2019\/01\/semianr-2.jpg 1113w, https:\/\/www.trabajodeprocesos.net\/wp-content\/uploads\/2019\/01\/semianr-2-300x223.jpg 300w, https:\/\/www.trabajodeprocesos.net\/wp-content\/uploads\/2019\/01\/semianr-2-1024x762.jpg 1024w, https:\/\/www.trabajodeprocesos.net\/wp-content\/uploads\/2019\/01\/semianr-2-768x571.jpg 768w\" sizes=\"auto, (max-width: 1113px) 100vw, 1113px\" \/><\/a><\/p>\n<p><strong><a href=\"http:\/\/www.trabajodeprocesos.net\/wp-content\/uploads\/2019\/01\/flyer_JanNeus_2010-Spanish-vesion.pdf\">DESCARGAR FOLLETO EN PDF<\/a><\/strong><\/p>\n<p>&nbsp;<\/p>\n<p><strong>SOBRE LAS FORMADORAS:<\/strong><\/p>\n<p><strong>Jan Dworkin, PhD.<\/strong> Es terapeuta, facilitadora, educadora y coach en liderazgo. Ha trabajado internacionalmente con individuos, parejas y organizaciones durante m\u00e1s de 25 a\u00f1os. Una persona clave en el campo del Proceso de Trabajo, Jan ha contribuido al desarrollo de su teor\u00eda y pr\u00e1ctica desde sus d\u00edas de estudiante en Zurich en la d\u00e9cada de 1980, cuando formaba parte del grupo original de Mindell. Es coautora de varios programas de formaci\u00f3n en Trabajo de Procesos y ha impartido talleres y seminarios p\u00fablicos a nivel internacional. Ha sido responsable acad\u00e9mica del Master en Trabajo de<br \/>\nProcesos en Portland durante muchos a\u00f1os. Su pr\u00f3ximo libro, \u00abMake love better: How to Own Your Story, Connect with Your Partner and Deepen Your Relationship Practice\u00bb se basa en su propio viaje<br \/>\nmulticolor en el campo de las relaciones y en a\u00f1os de experiencia como terapeuta de pareja. El libro ofrece herramientas concretas para ayudar a las parejas a navegar los desaf\u00edos interseccionales en torno a la raza, el g\u00e9nero, la clase, la orientaci\u00f3n sexual, la din\u00e1mica de poder, el sexo, la comunicaci\u00f3n y los sue\u00f1os. Ella entiende las relaciones interpersonales como un veh\u00edculo para abordar las complejidades derivadas de los problemas sociales y, por lo tanto, para transformar el mundo.<\/p>\n<p>Publicado por Bellysong Press, saldr\u00e1 en oto\u00f1o de<\/p>\n<p><strong>Neus Andreu Monsech,<\/strong> es facilitadora de grupos, formadora y consultora organizacional, tambi\u00e9n acompa\u00f1a a personas y parejas en su camino. Su pasi\u00f3n es apoyar a las organizaciones, comunidades, grupos y personas en tiempos de cambio o crisis. Cree en los momentos dif\u00edciles y conf\u00eda en que, con<br \/>\nel apoyo necesario, puedan convertirse en fuentes de aprendizaje y desarrollo \u00fanicos. Es Diplomado en Trabajo de Proceso y ha estudiado en el Reino Unido (Processworkuk.org)<\/p>\n<p><strong>Fechas:<\/strong><br \/>\nSeminario:<br \/>\nViernes 18 de octubre de 16:00 a 19:30 (aprox)<br \/>\nSabado 19 de octubre de 10:00 a 14:00 y de 15h30 a 19:00<br \/>\nDomingo 20 de octubre de 10 a 14:00 y de 15h30 a 18:30<br \/>\n<strong>D\u00eda de Training:\u00a0<\/strong>para estudiantes de Trabajo de Procesos<br \/>\nLunes 21 de octubre de 10:00 a 14:00 y de 15:30 a 18:30<br \/>\n<strong>Lugar:<\/strong><br \/>\nLLEIALTAT SANTSENCA, Calle d\u2019Olzinelles, 31, 08014 Barcelona<br \/>\nMetro L5 Parada: Pla\u00e7a de Sants<\/p>\n<h2>Coste del seminario: 300\u20ac<\/h2>\n<p>(*) PRECIO EARLY BIRD 265 \u20ac para estudiantes formales de la Escuela y de cualquier escuela de trabajo de procesos asociada a IAPOP- para inscripciones antes del 27 de septiembre de 2019)<br \/>\n(*) PRECIO EARLY BIRD 265 \u20ac para estudiantes del Curso Trianual de Facilitaci\u00f3n coorganizado con Fil a l&#8217;Agulla para inscripciones antes del 27 de septiembre de 2019)<\/p>\n<p>Bonificable 100% <a href=\"http:\/\/www.fundae.es\">Fundae<\/a> (contactar con <a href=\"http:\/\/www.trabajodeprocesos.net\/wp-content\/uploads\/2018\/06\/2019_FUNDAE-info_Doc-explicativo-web-1.pdf\">Nuria Ran<\/a>)<\/p>\n<p>&nbsp;<\/p>\n<p>Pago al hacer la inscripci\u00f3n para reservar la plaza.<br \/>\nFormaci\u00f3n bonificada Fundaci\u00f3n Tripartita, FUNDAE https:\/\/www.fundae.es\/<br \/>\nEARLY BIRD para estudiantes formales de Trabajo de Procesos y del Curso de<br \/>\nFacilitaci\u00f3n Trianual 265\u20ac antes del 27 de septiembre de 2019<br \/>\nDespu\u00e9s de esta fecha y para p\u00fablico en general el precio es de 300\u20ac, pago al<br \/>\nhacer la inscripci\u00f3n para reservar la plaza.<br \/>\nCosto de d\u00edas de Training: 80 \u20ac (SOLO PARA ESTUDIANTES DE LA ESCUELA)<\/p>\n<p>Idioma: el seminario sera en castellano e ingl\u00e9s con traducci\u00f3n.<\/p>\n<p>&nbsp;<\/p>\n<h2><strong><a href=\"https:\/\/forms.gle\/YniCeVEs3S2cTAQ16\">Inscripciones Abiertas-registrarse aqu\u00ed<\/a><\/strong><\/h2>\n<p><a href=\"http:\/\/www.trabajodeprocesos.net\/wp-content\/uploads\/2019\/01\/flyer_JanNeus_2010-Spanish-vesion.pdf\">Descargar folleto en pdf<\/a><\/p>\n<p>M\u00e1s informaci\u00f3n info@trabajodeprocesos.org<\/p>\n<p>Actualizado: Julio 2019<\/p>\n","protected":false},"excerpt":{"rendered":"<p>Seminario \u00abDa\u00f1o y responsabilidad: La reparaci\u00f3n en las relaciones, una mirada orientada a procesos\u00bb (Jan Dworkin, Neus Andreu &#8211; assisting) 18-20 octubre en Barcelona LLEIALTAT SANTSENCA (Carrer d&#8217;Olzinelles, 31, 08014 Barcelona) * SEMINARIO ABIERTO AL P\u00daBLICO\u00a0 (plazas limitadas) Es muy com\u00fan sentirse herido en las relaciones. Es igualmente com\u00fan ser acusada de causar da\u00f1o a [&hellip;]<\/p>\n","protected":false},"author":6,"featured_media":5560,"comment_status":"closed","ping_status":"open","sticky":false,"template":"","format":"standard","meta":{"footnotes":""},"categories":[29,36],"tags":[],"class_list":["post-5568","post","type-post","status-publish","format-standard","has-post-thumbnail","hentry","category-blog","category-noticias"],"yoast_head":"<!-- This site is optimized with the Yoast SEO plugin v15.4 - https:\/\/yoast.com\/wordpress\/plugins\/seo\/ -->\n<title>Inscripciones abiertas para el Seminario &quot;Da\u00f1o y responsabilidad: La reparaci\u00f3n en las relaciones, una mirada orientada a procesos&quot; 18 al 20 de octubre 2019, Barcelona - Trabajo de Procesos<\/title>\n<meta name=\"robots\" content=\"index, follow, max-snippet:-1, max-image-preview:large, max-video-preview:-1\" \/>\n<link rel=\"canonical\" href=\"https:\/\/www.trabajodeprocesos.net\/es\/inscripciones-abiertas-para-el-seminario-dano-y-responsabilidad-18-al-20-de-octubre-2019-barcelona\/\" \/>\n<meta property=\"og:locale\" content=\"es_ES\" \/>\n<meta property=\"og:type\" content=\"article\" \/>\n<meta property=\"og:title\" content=\"Inscripciones abiertas para el Seminario &quot;Da\u00f1o y responsabilidad: La reparaci\u00f3n en las relaciones, una mirada orientada a procesos&quot; 18 al 20 de octubre 2019, Barcelona - Trabajo de Procesos\" \/>\n<meta property=\"og:description\" content=\"Seminario \u00abDa\u00f1o y responsabilidad: La reparaci\u00f3n en las relaciones, una mirada orientada a procesos\u00bb (Jan Dworkin, Neus Andreu &#8211; assisting) 18-20 octubre en Barcelona LLEIALTAT SANTSENCA (Carrer d&#8217;Olzinelles, 31, 08014 Barcelona) * SEMINARIO ABIERTO AL P\u00daBLICO\u00a0 (plazas limitadas) Es muy com\u00fan sentirse herido en las relaciones. Es igualmente com\u00fan ser acusada de causar da\u00f1o a [&hellip;]\" \/>\n<meta property=\"og:url\" content=\"https:\/\/www.trabajodeprocesos.net\/es\/inscripciones-abiertas-para-el-seminario-dano-y-responsabilidad-18-al-20-de-octubre-2019-barcelona\/\" \/>\n<meta property=\"og:site_name\" content=\"Trabajo de Procesos\" \/>\n<meta property=\"article:published_time\" content=\"2019-07-30T07:37:09+00:00\" \/>\n<meta property=\"article:modified_time\" content=\"2026-01-13T08:19:49+00:00\" \/>\n<meta property=\"og:image\" content=\"https:\/\/www.trabajodeprocesos.net\/wp-content\/uploads\/2019\/01\/Ex\u00e1menesFase-1-14.png\" \/>\n\t<meta property=\"og:image:width\" content=\"900\" \/>\n\t<meta property=\"og:image:height\" content=\"600\" \/>\n<meta name=\"twitter:card\" content=\"summary_large_image\" \/>\n<meta name=\"twitter:label1\" content=\"Escrito por\">\n\t<meta name=\"twitter:data1\" content=\"Admin\">\n\t<meta name=\"twitter:label2\" content=\"Tiempo de lectura\">\n\t<meta name=\"twitter:data2\" content=\"4 minutos\">\n<script type=\"application\/ld+json\" class=\"yoast-schema-graph\">{\"@context\":\"https:\/\/schema.org\",\"@graph\":[{\"@type\":\"WebSite\",\"@id\":\"https:\/\/www.trabajodeprocesos.net\/es\/#website\",\"url\":\"https:\/\/www.trabajodeprocesos.net\/es\/\",\"name\":\"Trabajo de Procesos\",\"description\":\"\",\"potentialAction\":[{\"@type\":\"SearchAction\",\"target\":\"https:\/\/www.trabajodeprocesos.net\/es\/?s={search_term_string}\",\"query-input\":\"required name=search_term_string\"}],\"inLanguage\":\"es\"},{\"@type\":\"ImageObject\",\"@id\":\"https:\/\/www.trabajodeprocesos.net\/es\/inscripciones-abiertas-para-el-seminario-dano-y-responsabilidad-18-al-20-de-octubre-2019-barcelona\/#primaryimage\",\"inLanguage\":\"es\",\"url\":\"https:\/\/www.trabajodeprocesos.net\/wp-content\/uploads\/2019\/01\/Ex\\u00e1menesFase-1-14.png\",\"width\":900,\"height\":600},{\"@type\":\"WebPage\",\"@id\":\"https:\/\/www.trabajodeprocesos.net\/es\/inscripciones-abiertas-para-el-seminario-dano-y-responsabilidad-18-al-20-de-octubre-2019-barcelona\/#webpage\",\"url\":\"https:\/\/www.trabajodeprocesos.net\/es\/inscripciones-abiertas-para-el-seminario-dano-y-responsabilidad-18-al-20-de-octubre-2019-barcelona\/\",\"name\":\"Inscripciones abiertas para el Seminario \\\"Da\\u00f1o y responsabilidad: La reparaci\\u00f3n en las relaciones, una mirada orientada a procesos\\\" 18 al 20 de octubre 2019, Barcelona - Trabajo de Procesos\",\"isPartOf\":{\"@id\":\"https:\/\/www.trabajodeprocesos.net\/es\/#website\"},\"primaryImageOfPage\":{\"@id\":\"https:\/\/www.trabajodeprocesos.net\/es\/inscripciones-abiertas-para-el-seminario-dano-y-responsabilidad-18-al-20-de-octubre-2019-barcelona\/#primaryimage\"},\"datePublished\":\"2019-07-30T07:37:09+00:00\",\"dateModified\":\"2026-01-13T08:19:49+00:00\",\"author\":{\"@id\":\"https:\/\/www.trabajodeprocesos.net\/es\/#\/schema\/person\/f94150c60776078d5e5dff2343cf5d3c\"},\"inLanguage\":\"es\",\"potentialAction\":[{\"@type\":\"ReadAction\",\"target\":[\"https:\/\/www.trabajodeprocesos.net\/es\/inscripciones-abiertas-para-el-seminario-dano-y-responsabilidad-18-al-20-de-octubre-2019-barcelona\/\"]}]},{\"@type\":\"Person\",\"@id\":\"https:\/\/www.trabajodeprocesos.net\/es\/#\/schema\/person\/f94150c60776078d5e5dff2343cf5d3c\",\"name\":\"Admin\",\"image\":{\"@type\":\"ImageObject\",\"@id\":\"https:\/\/www.trabajodeprocesos.net\/es\/#personlogo\",\"inLanguage\":\"es\",\"url\":\"https:\/\/secure.gravatar.com\/avatar\/f1444f2c291341a5e91ff3d721bde7263603974dd051d1bc9f64e3a3ba862485?s=96&d=mm&r=g\",\"caption\":\"Admin\"}}]}<\/script>\n<!-- \/ Yoast SEO plugin. -->","_links":{"self":[{"href":"https:\/\/www.trabajodeprocesos.net\/es\/wp-json\/wp\/v2\/posts\/5568","targetHints":{"allow":["GET"]}}],"collection":[{"href":"https:\/\/www.trabajodeprocesos.net\/es\/wp-json\/wp\/v2\/posts"}],"about":[{"href":"https:\/\/www.trabajodeprocesos.net\/es\/wp-json\/wp\/v2\/types\/post"}],"author":[{"embeddable":true,"href":"https:\/\/www.trabajodeprocesos.net\/es\/wp-json\/wp\/v2\/users\/6"}],"replies":[{"embeddable":true,"href":"https:\/\/www.trabajodeprocesos.net\/es\/wp-json\/wp\/v2\/comments?post=5568"}],"version-history":[{"count":1,"href":"https:\/\/www.trabajodeprocesos.net\/es\/wp-json\/wp\/v2\/posts\/5568\/revisions"}],"predecessor-version":[{"id":23306,"href":"https:\/\/www.trabajodeprocesos.net\/es\/wp-json\/wp\/v2\/posts\/5568\/revisions\/23306"}],"wp:featuredmedia":[{"embeddable":true,"href":"https:\/\/www.trabajodeprocesos.net\/es\/wp-json\/wp\/v2\/media\/5560"}],"wp:attachment":[{"href":"https:\/\/www.trabajodeprocesos.net\/es\/wp-json\/wp\/v2\/media?parent=5568"}],"wp:term":[{"taxonomy":"category","embeddable":true,"href":"https:\/\/www.trabajodeprocesos.net\/es\/wp-json\/wp\/v2\/categories?post=5568"},{"taxonomy":"post_tag","embeddable":true,"href":"https:\/\/www.trabajodeprocesos.net\/es\/wp-json\/wp\/v2\/tags?post=5568"}],"curies":[{"name":"wp","href":"https:\/\/api.w.org\/{rel}","templated":true}]}}