{"id":5442,"date":"2019-06-21T10:35:08","date_gmt":"2019-06-21T08:35:08","guid":{"rendered":"http:\/\/www.trabajodeprocesos.net\/?p=5442"},"modified":"2026-01-13T10:20:00","modified_gmt":"2026-01-13T08:20:00","slug":"calendario-escuela-2020","status":"publish","type":"post","link":"https:\/\/www.trabajodeprocesos.net\/es\/calendario-escuela-2020\/","title":{"rendered":"Calendario Escuela 2020"},"content":{"rendered":"<p>&nbsp;<\/p>\n<h2 style=\"text-align: center;\">Calendario 2020<\/h2>\n<p>&nbsp;<\/p>\n<p><strong>Enero<\/strong><\/p>\n<p>10-12 enero 2020 <strong>Fundamentos<\/strong> (Boris Sopko + Neus Andreu)<\/p>\n<p>&nbsp;<\/p>\n<p><strong>Febrero Marzo<\/strong><\/p>\n<p>28 feb. &#8211; 1 marzo 2020 <a href=\"http:\/\/www.trabajodeprocesos.net\/seminario-suenos-y-recuerdos-28-de-febrero-al-1-de-marzo-de-2020-barcelona\/\"><strong>Seminario: Sue\u00f1os y recuerdos<\/strong><\/a> (Boris Sopko + Neus Andreu Monsech) <strong>* ABIERTO AL P\u00daBLICO<\/strong><\/p>\n<p>2-3 marzo 2020 <strong>D\u00edas de entrenamiento<\/strong> Boris Sopko + Neus Andreu Monsech<\/p>\n<p>&nbsp;<\/p>\n<p>25.-26 marzo 2020 Ex\u00e1menes midpoint<\/p>\n<p>27.-29 marzo 2020 Ex\u00e1menes Fase 1<\/p>\n<p>&nbsp;<\/p>\n<p><strong>Mayo<\/strong><\/p>\n<p>8-10 mayo 2020 <strong>Seminario: Ver un proceso en desarrollo<\/strong> (Gill Emslie + Boris Sopko)\u00a0<strong>* ABIERTO AL P\u00daBLICO<\/strong><\/p>\n<p>11-12 mayo 2020 D\u00edas de entrenamiento, Gill Emslie + Boris Sopko<\/p>\n<p>&nbsp;<\/p>\n<p><strong>Juliol<\/strong><\/p>\n<p>2 julio 2020 D\u00eda de la \u00e9tica<\/p>\n<p>3-5 julio 2020 Supervisi\u00f3n Intensiva<\/p>\n<p>&nbsp;<\/p>\n<p><strong>Septiembre<\/strong><\/p>\n<p>25-27 septiembre 2020 <strong>Seminario: Coma y trabajo profundo (<\/strong>Lilly Vassiliou + Andy Smith)\u00a0<strong>* ABIERTO AL P\u00daBLICO<\/strong><\/p>\n<p>28-29 septiembre 2020 D\u00edas de entrenamiento, Lily Vassiliou + Andy Smith<\/p>\n<p>&nbsp;<\/p>\n<p><strong>Octubre<\/strong><\/p>\n<p>21-22 octubre 2020 Ex\u00e1menes de midpoint review<\/p>\n<p>23-24 octubre 2020 Ex\u00e1menes Fase 1<\/p>\n<p>25\u00a0 octubre 2020 D\u00eda de la comunidad<\/p>\n<p>&nbsp;<\/p>\n<p><strong>Noviembre<\/strong><\/p>\n<p>24-25 noviembre 2020 Ex\u00e1menes de progreso.<\/p>\n<p>26-27 noviembre 2020 Ex\u00e1menes finales.<\/p>\n<p>&nbsp;<\/p>\n<p><strong>Diciembre<\/strong><\/p>\n<p>4-6 diciembre 2020 <strong>Seminario: Trabajo en grupo y ASES -estados alterados y extremos-<\/strong> (Lily Vassiliou + Gill Emslie)\u00a0<strong>* ABIERTO AL P\u00daBLICO<\/strong><\/p>\n<p>7-8 diciembre 2020 D\u00edas de entrenamiento, Lily Vassiliou + Gill Emslie<\/p>\n","protected":false},"excerpt":{"rendered":"<p>&nbsp; Calendario 2020 &nbsp; Enero 10-12 enero 2020 Fundamentos (Boris Sopko + Neus Andreu) &nbsp; Febrero Marzo 28 feb. &#8211; 1 marzo 2020 Seminario: Sue\u00f1os y recuerdos (Boris Sopko + Neus Andreu Monsech) * ABIERTO AL P\u00daBLICO 2-3 marzo 2020 D\u00edas de entrenamiento Boris Sopko + Neus Andreu Monsech &nbsp; 25.-26 marzo 2020 Ex\u00e1menes midpoint [&hellip;]<\/p>\n","protected":false},"author":6,"featured_media":5445,"comment_status":"closed","ping_status":"open","sticky":false,"template":"","format":"standard","meta":{"footnotes":""},"categories":[29,74,36],"tags":[],"class_list":["post-5442","post","type-post","status-publish","format-standard","has-post-thumbnail","hentry","category-blog","category-ev-estudiante","category-noticias"],"yoast_head":"<!-- This site is optimized with the Yoast SEO plugin v15.4 - https:\/\/yoast.com\/wordpress\/plugins\/seo\/ -->\n<title>Calendario Escuela 2020 - Trabajo de Procesos<\/title>\n<meta name=\"robots\" content=\"index, follow, max-snippet:-1, max-image-preview:large, max-video-preview:-1\" \/>\n<link rel=\"canonical\" href=\"https:\/\/www.trabajodeprocesos.net\/es\/calendario-escuela-2020\/\" \/>\n<meta property=\"og:locale\" content=\"es_ES\" \/>\n<meta property=\"og:type\" content=\"article\" \/>\n<meta property=\"og:title\" content=\"Calendario Escuela 2020 - Trabajo de Procesos\" \/>\n<meta property=\"og:description\" content=\"&nbsp; Calendario 2020 &nbsp; Enero 10-12 enero 2020 Fundamentos (Boris Sopko + Neus Andreu) &nbsp; Febrero Marzo 28 feb. &#8211; 1 marzo 2020 Seminario: Sue\u00f1os y recuerdos (Boris Sopko + Neus Andreu Monsech) * ABIERTO AL P\u00daBLICO 2-3 marzo 2020 D\u00edas de entrenamiento Boris Sopko + Neus Andreu Monsech &nbsp; 25.-26 marzo 2020 Ex\u00e1menes midpoint [&hellip;]\" \/>\n<meta property=\"og:url\" content=\"https:\/\/www.trabajodeprocesos.net\/es\/calendario-escuela-2020\/\" \/>\n<meta property=\"og:site_name\" content=\"Trabajo de Procesos\" \/>\n<meta property=\"article:published_time\" content=\"2019-06-21T08:35:08+00:00\" \/>\n<meta property=\"article:modified_time\" content=\"2026-01-13T08:20:00+00:00\" \/>\n<meta property=\"og:image\" content=\"https:\/\/www.trabajodeprocesos.net\/wp-content\/uploads\/2019\/06\/Ex\u00e1menesFase-1-9.png\" \/>\n\t<meta property=\"og:image:width\" content=\"900\" \/>\n\t<meta property=\"og:image:height\" content=\"600\" \/>\n<meta name=\"twitter:card\" content=\"summary_large_image\" \/>\n<meta name=\"twitter:label1\" content=\"Escrito por\">\n\t<meta name=\"twitter:data1\" content=\"Admin\">\n\t<meta name=\"twitter:label2\" content=\"Tiempo de lectura\">\n\t<meta name=\"twitter:data2\" content=\"1 minuto\">\n<script type=\"application\/ld+json\" class=\"yoast-schema-graph\">{\"@context\":\"https:\/\/schema.org\",\"@graph\":[{\"@type\":\"WebSite\",\"@id\":\"https:\/\/www.trabajodeprocesos.net\/es\/#website\",\"url\":\"https:\/\/www.trabajodeprocesos.net\/es\/\",\"name\":\"Trabajo de Procesos\",\"description\":\"\",\"potentialAction\":[{\"@type\":\"SearchAction\",\"target\":\"https:\/\/www.trabajodeprocesos.net\/es\/?s={search_term_string}\",\"query-input\":\"required name=search_term_string\"}],\"inLanguage\":\"es\"},{\"@type\":\"ImageObject\",\"@id\":\"https:\/\/www.trabajodeprocesos.net\/es\/calendario-escuela-2020\/#primaryimage\",\"inLanguage\":\"es\",\"url\":\"https:\/\/www.trabajodeprocesos.net\/wp-content\/uploads\/2019\/06\/Ex\\u00e1menesFase-1-9.png\",\"width\":900,\"height\":600},{\"@type\":\"WebPage\",\"@id\":\"https:\/\/www.trabajodeprocesos.net\/es\/calendario-escuela-2020\/#webpage\",\"url\":\"https:\/\/www.trabajodeprocesos.net\/es\/calendario-escuela-2020\/\",\"name\":\"Calendario Escuela 2020 - Trabajo de Procesos\",\"isPartOf\":{\"@id\":\"https:\/\/www.trabajodeprocesos.net\/es\/#website\"},\"primaryImageOfPage\":{\"@id\":\"https:\/\/www.trabajodeprocesos.net\/es\/calendario-escuela-2020\/#primaryimage\"},\"datePublished\":\"2019-06-21T08:35:08+00:00\",\"dateModified\":\"2026-01-13T08:20:00+00:00\",\"author\":{\"@id\":\"https:\/\/www.trabajodeprocesos.net\/es\/#\/schema\/person\/f94150c60776078d5e5dff2343cf5d3c\"},\"inLanguage\":\"es\",\"potentialAction\":[{\"@type\":\"ReadAction\",\"target\":[\"https:\/\/www.trabajodeprocesos.net\/es\/calendario-escuela-2020\/\"]}]},{\"@type\":\"Person\",\"@id\":\"https:\/\/www.trabajodeprocesos.net\/es\/#\/schema\/person\/f94150c60776078d5e5dff2343cf5d3c\",\"name\":\"Admin\",\"image\":{\"@type\":\"ImageObject\",\"@id\":\"https:\/\/www.trabajodeprocesos.net\/es\/#personlogo\",\"inLanguage\":\"es\",\"url\":\"https:\/\/secure.gravatar.com\/avatar\/f1444f2c291341a5e91ff3d721bde7263603974dd051d1bc9f64e3a3ba862485?s=96&d=mm&r=g\",\"caption\":\"Admin\"}}]}<\/script>\n<!-- \/ Yoast SEO plugin. -->","_links":{"self":[{"href":"https:\/\/www.trabajodeprocesos.net\/es\/wp-json\/wp\/v2\/posts\/5442","targetHints":{"allow":["GET"]}}],"collection":[{"href":"https:\/\/www.trabajodeprocesos.net\/es\/wp-json\/wp\/v2\/posts"}],"about":[{"href":"https:\/\/www.trabajodeprocesos.net\/es\/wp-json\/wp\/v2\/types\/post"}],"author":[{"embeddable":true,"href":"https:\/\/www.trabajodeprocesos.net\/es\/wp-json\/wp\/v2\/users\/6"}],"replies":[{"embeddable":true,"href":"https:\/\/www.trabajodeprocesos.net\/es\/wp-json\/wp\/v2\/comments?post=5442"}],"version-history":[{"count":1,"href":"https:\/\/www.trabajodeprocesos.net\/es\/wp-json\/wp\/v2\/posts\/5442\/revisions"}],"predecessor-version":[{"id":23311,"href":"https:\/\/www.trabajodeprocesos.net\/es\/wp-json\/wp\/v2\/posts\/5442\/revisions\/23311"}],"wp:featuredmedia":[{"embeddable":true,"href":"https:\/\/www.trabajodeprocesos.net\/es\/wp-json\/wp\/v2\/media\/5445"}],"wp:attachment":[{"href":"https:\/\/www.trabajodeprocesos.net\/es\/wp-json\/wp\/v2\/media?parent=5442"}],"wp:term":[{"taxonomy":"category","embeddable":true,"href":"https:\/\/www.trabajodeprocesos.net\/es\/wp-json\/wp\/v2\/categories?post=5442"},{"taxonomy":"post_tag","embeddable":true,"href":"https:\/\/www.trabajodeprocesos.net\/es\/wp-json\/wp\/v2\/tags?post=5442"}],"curies":[{"name":"wp","href":"https:\/\/api.w.org\/{rel}","templated":true}]}}