{"id":5351,"date":"2020-01-08T12:01:14","date_gmt":"2020-01-08T11:01:14","guid":{"rendered":"http:\/\/www.trabajodeprocesos.net\/?p=5351"},"modified":"2026-01-13T10:19:48","modified_gmt":"2026-01-13T08:19:48","slug":"seminario-suenos-y-recuerdos-28-de-febrero-al-1-de-marzo-de-2020-barcelona","status":"publish","type":"post","link":"https:\/\/www.trabajodeprocesos.net\/es\/seminario-suenos-y-recuerdos-28-de-febrero-al-1-de-marzo-de-2020-barcelona\/","title":{"rendered":"Seminario:\u00bfQui\u00e9n me persigue? Sue\u00f1os, memorias y fantas\u00edas (28\/2-1\/3 del 2020) Barcelona"},"content":{"rendered":"<h3 style=\"text-align: center;\"><strong>Seminario: \u00bfQUI\u00c9N ME PERSIGUE? <\/strong><\/h3>\n<h3 style=\"text-align: center;\"><strong>Enfoque de Trabajo de Procesos para trabajar con sue\u00f1os, memorias y fantas\u00edas.<\/strong><\/h3>\n<p style=\"text-align: center;\">(28 de febrero al 1 de marzo de 2020)<\/p>\n<p style=\"text-align: center;\"><a href=\"http:\/\/www.trabajodeprocesos.net\/la-escuela\/profesorado\">Con Boris Sopko y Neus Andreu<\/a><\/p>\n<p style=\"text-align: center;\">Barcelona, <a href=\"http:\/\/espaibes.cat\/\">ESPAI BES<\/a><\/p>\n<p>&nbsp;<\/p>\n<p><em>\u201c\u00c9rase una vez, yo, Zhuangzi, so\u00f1\u00e9 que era una mariposa, revoloteando de aqu\u00ed para all\u00e1, a todos los efectos una mariposa. S\u00f3lo era consciente de mi felicidad como una mariposa, sin saber que era Zhuangzi. Pronto desper\u00e9, y all\u00ed estaba yo mismo de nuevo. Ahora no s\u00e9\u00a0si yo era entonces un hombre so\u00f1ando que era una mariposa, o si ahora soy una mariposa, so\u00c3\u00b1ando que soy un hombre.\u201d<\/em><br \/>\n<em>Par\u00e1bola Sue\u00f1o de la Mariposa de Chuang-Tzu<\/em><\/p>\n<p>Los sue\u00f1os, las memorias y las fantas\u00edas son fuentes de\u00a0informaci\u00f3n muy importantes para nuestro desarrollo.\u00a0Desde nuestro punto de vista, nos conectan con nuestra\u00a0totalidad y nos ayudan a ser m\u00e1s nosotros mismos de\u00a0formas sorprendentes e inesperadas.<\/p>\n<ul>\n<li>\u00bfQu\u00e9 significado hay detr\u00e1s de las pesadillas?<\/li>\n<li>\u00bfC\u00f3mo\u00a0podemos trabajar con memorias invasivas y repetitivas?<\/li>\n<li>\u00bfQu\u00e9 sentido tienen nuestras fantas\u00edas sexuales\u00a0\u00abinapropiadas\u00bb? \u00bfDe d\u00f3nde vienen?<\/li>\n<li>\u00bfQu\u00e9 mensajes nos\u00a0llevan a cada una de nosotros individualmente, en\u00a0nuestras relaciones y en nuestras comunidades?<\/li>\n<\/ul>\n<p>Te invitamos a hacer un viaje en el que explorar\u00e1s\u00a0espacios interiores excitantes y misteriosos. Ganar\u00e1s<br \/>\ncomprensi\u00f3n sobre la mirada del Trabajo de Procesos en\u00a0el trabajo con sue\u00f1os. Recibir\u00e1s herramientas creativas\u00a0para trabajar con pesadillas, memorias repetitivas y\u00a0fantas\u00edas perturbadoras que te ayudar\u00e1n en tu propio\u00a0camino y tambi\u00e9n en tu trabajo con otros.<\/p>\n<p>El seminario\u00a0tendr\u00e1 momentos de exposiciones te\u00f3ricas y tambi\u00e9n de\u00a0ejercicios vivenciales.<\/p>\n<p>El seminario te ser\u00e1 \u00fatil, si:<\/p>\n<p>\u2022 Te gustan los sue\u00f1os nocturnos y te fascinan su\u00a0lenguaje y significado oculto<br \/>\n\u2022 Quieres comprender la funci\u00f3n de las memorias\u00a0repetitivas e intrusivas<br \/>\n\u2022 Quieres saber m\u00e1s sobre el Trabajo de procesos<br \/>\n\u2022 Quieres profundizar en tu auto-conocimiento<br \/>\n\u2022 Est\u00e1s buscando inspiraci\u00f3n y herramientas para\u00a0trabajar con los sue\u00f1os de tus clientes<br \/>\n\u2022 Est\u00e1s buscando inspiraci\u00f3n y herramientas para\u00a0trabajar con las fantasias y memorias de tus<br \/>\nclientas<\/p>\n<p><strong>Lugar:\u00a0 Barcelona, <a href=\"http:\/\/espaibes.cat\">ESPAI BES<\/a> (Sardenya 229, 2n 4a &#8211;\u00a0 08013 Barcelona) METRO: Monumental \/ Sagrada Familia<\/strong><br \/>\n<strong>Precio: 300\u20ac<\/strong><\/p>\n<p>Pago al hacer la inscripci\u00f3n para reservar la plaza.<\/p>\n<h2 style=\"text-align: center;\"><strong><a href=\"https:\/\/forms.gle\/sLBDSEEdN6FtCAQe6\">INSCRIPCIONES:\u00a0<\/a><\/strong><\/h2>\n<h2 style=\"text-align: center;\"><strong><a href=\"https:\/\/forms.gle\/sLBDSEEdN6FtCAQe6\">https:\/\/forms.gle\/sLBDSEEdN6FtCAQe6<\/a><\/strong><\/h2>\n<p>Idioma: el seminario sera en castellano e ingl\u00e9s con traducci\u00f3n.<\/p>\n<p><strong>HORARIOS\u00a0Seminario:<\/strong><br \/>\nViernes 28 de febrero\u00a0de 16:00 a 19:30<br \/>\nSabado 29 de febrero\u00a0de 10:00 a 14:00 y\u00a0de 15h30 a 19:00<br \/>\nDomingo 1 de marzo\u00a0de 10 a 14:00 y\u00a0de 15h30 a 17:30<\/p>\n<p><strong>D\u00edas de Training:<\/strong><br \/>\nsolo para estudiantes de\u00a0Trabajo de Procesos<br \/>\nLunes 2 de marzo\u00a0de 10:00 a 14:00 y\u00a0de 15:30 a 17:30<br \/>\nMartes 3 de marzo\u00a0de 10:00 a 14:00 y\u00a0de 15:30 a 17:30<\/p>\n<p>(*) Los D\u00edas de Training tendr\u00e1n lugar en <a href=\"http:\/\/www.lleialtat.cat\" target=\"_blank\" rel=\"noopener noreferrer\" data-cke-saved-href=\"http:\/\/www.lleialtat.cat\">LLEIALTAT<\/a><\/p>\n<p>&nbsp;<\/p>\n<p>&nbsp;<\/p>\n<h2 style=\"text-align: center;\"><strong><a href=\"http:\/\/www.trabajodeprocesos.net\/wp-content\/uploads\/2020\/01\/flyer_Dreams2020_ES.pdf\">DESCARGAR FLYER _ES (pdf)<\/a><\/strong><\/h2>\n<p><strong>SOBRE LOS FORMADORES<\/strong><\/p>\n<ul>\n<li><strong>Neus Andreu Monsech,<\/strong> es facilitadora de grupos, formadora y consultora\u00a0organizacional, tambi\u00e9n acompa\u00f1a a personas y parejas en su camino. Su\u00a0pasi\u00f3n es apoyar a las organizaciones, comunidades, grupos y personas en\u00a0tiempos de cambio o crisis. Cree en los momentos dif\u00edciles y conf\u00eda en que, con<br \/>\nel apoyo necesario, puedan convertirse en fuentes de aprendizaje y desarrollo\u00a0\u00fanicos. Es Diplomada en Trabajo de Proceso y ha estudiado en el Reino Unido\u00a0(Processworkuk.org)<\/li>\n<li><strong>Boris Sopko,<\/strong> es psic\u00f3logo cl\u00ednico y psicoterapeuta trabaja con individuos,\u00a0parejas y grupos. Tambi\u00e9n es formador internacional en Trabajo de Procesos\u00a0miembro de las facultades de Espa\u00f1a y Eslovaquia. Naci\u00f3 y creci\u00f3 en el este de\u00a0Eslovaquia y desde hace 5 a\u00f1os vive con Neus y su familia en Barcelona. Le\u00a0gusta la naturaleza, especialmente las monta\u00f1as y el mar, le encanta hacer<br \/>\nfotos y cultivar vegetales en el jard\u00edn.<\/li>\n<li>Contacto:\u00a0Mar Ruiz\u00a0info@trabajodeprocesos.net<br \/>\n+658538388<\/li>\n<li><\/li>\n<\/ul>\n<p>Foto (c) Dom J de Pexels<\/p>\n<p>&nbsp;<\/p>\n<p>Early Bird para estudiantes de Trabajo de Procesos 265\u20ac hasta el 7 de febrero de 2020.<\/p>\n<p>Bonificable\u00a0 para trabajadores en activo por cuenta ajena a trav\u00e9s de la <a href=\"http:\/\/www.fundae.es\">Fundae.<\/a> Para gestionarlo contactar con <a href=\"http:\/\/www.trabajodeprocesos.net\/wp-content\/uploads\/2018\/09\/2019_FUNDAE-info_Doc-explicativo-web.pdf\">Nuria Ran.<\/a><\/p>\n<p>&nbsp;<\/p>\n<p>&nbsp;<\/p>\n<p>&nbsp;<\/p>\n<p>Actualizado: 4 de febrero de 2020<\/p>\n<p>&nbsp;<\/p>\n","protected":false},"excerpt":{"rendered":"<p>Seminario: \u00bfQUI\u00c9N ME PERSIGUE? Enfoque de Trabajo de Procesos para trabajar con sue\u00f1os, memorias y fantas\u00edas. (28 de febrero al 1 de marzo de 2020) Con Boris Sopko y Neus Andreu Barcelona, ESPAI BES &nbsp; \u201c\u00c9rase una vez, yo, Zhuangzi, so\u00f1\u00e9 que era una mariposa, revoloteando de aqu\u00ed para all\u00e1, a todos los efectos una [&hellip;]<\/p>\n","protected":false},"author":6,"featured_media":6000,"comment_status":"closed","ping_status":"open","sticky":false,"template":"","format":"standard","meta":{"footnotes":""},"categories":[29,36],"tags":[70,52,37,71],"class_list":["post-5351","post","type-post","status-publish","format-standard","has-post-thumbnail","hentry","category-blog","category-noticias","tag-abiero-al-publico","tag-escuela","tag-seminario-es","tag-trabajo-de-procesos-es"],"yoast_head":"<!-- This site is optimized with the Yoast SEO plugin v15.4 - https:\/\/yoast.com\/wordpress\/plugins\/seo\/ -->\n<title>Seminario:\u00bfQui\u00e9n me persigue? Sue\u00f1os, memorias y fantas\u00edas (28\/2-1\/3 del 2020) Barcelona - Trabajo de Procesos<\/title>\n<meta name=\"robots\" content=\"index, follow, max-snippet:-1, max-image-preview:large, max-video-preview:-1\" \/>\n<link rel=\"canonical\" href=\"https:\/\/www.trabajodeprocesos.net\/es\/seminario-suenos-y-recuerdos-28-de-febrero-al-1-de-marzo-de-2020-barcelona\/\" \/>\n<meta property=\"og:locale\" content=\"es_ES\" \/>\n<meta property=\"og:type\" content=\"article\" \/>\n<meta property=\"og:title\" content=\"Seminario:\u00bfQui\u00e9n me persigue? Sue\u00f1os, memorias y fantas\u00edas (28\/2-1\/3 del 2020) Barcelona - Trabajo de Procesos\" \/>\n<meta property=\"og:description\" content=\"Seminario: \u00bfQUI\u00c9N ME PERSIGUE? Enfoque de Trabajo de Procesos para trabajar con sue\u00f1os, memorias y fantas\u00edas. (28 de febrero al 1 de marzo de 2020) Con Boris Sopko y Neus Andreu Barcelona, ESPAI BES &nbsp; \u201c\u00c9rase una vez, yo, Zhuangzi, so\u00f1\u00e9 que era una mariposa, revoloteando de aqu\u00ed para all\u00e1, a todos los efectos una [&hellip;]\" \/>\n<meta property=\"og:url\" content=\"https:\/\/www.trabajodeprocesos.net\/es\/seminario-suenos-y-recuerdos-28-de-febrero-al-1-de-marzo-de-2020-barcelona\/\" \/>\n<meta property=\"og:site_name\" content=\"Trabajo de Procesos\" \/>\n<meta property=\"article:published_time\" content=\"2020-01-08T11:01:14+00:00\" \/>\n<meta property=\"article:modified_time\" content=\"2026-01-13T08:19:48+00:00\" \/>\n<meta property=\"og:image\" content=\"https:\/\/www.trabajodeprocesos.net\/wp-content\/uploads\/2020\/01\/dreams-sue\u00f1os-es.png\" \/>\n\t<meta property=\"og:image:width\" content=\"900\" \/>\n\t<meta property=\"og:image:height\" content=\"651\" \/>\n<meta name=\"twitter:card\" content=\"summary_large_image\" \/>\n<meta name=\"twitter:label1\" content=\"Escrito por\">\n\t<meta name=\"twitter:data1\" content=\"Admin\">\n\t<meta name=\"twitter:label2\" content=\"Tiempo de lectura\">\n\t<meta name=\"twitter:data2\" content=\"3 minutos\">\n<script type=\"application\/ld+json\" class=\"yoast-schema-graph\">{\"@context\":\"https:\/\/schema.org\",\"@graph\":[{\"@type\":\"WebSite\",\"@id\":\"https:\/\/www.trabajodeprocesos.net\/es\/#website\",\"url\":\"https:\/\/www.trabajodeprocesos.net\/es\/\",\"name\":\"Trabajo de Procesos\",\"description\":\"\",\"potentialAction\":[{\"@type\":\"SearchAction\",\"target\":\"https:\/\/www.trabajodeprocesos.net\/es\/?s={search_term_string}\",\"query-input\":\"required name=search_term_string\"}],\"inLanguage\":\"es\"},{\"@type\":\"ImageObject\",\"@id\":\"https:\/\/www.trabajodeprocesos.net\/es\/seminario-suenos-y-recuerdos-28-de-febrero-al-1-de-marzo-de-2020-barcelona\/#primaryimage\",\"inLanguage\":\"es\",\"url\":\"https:\/\/www.trabajodeprocesos.net\/wp-content\/uploads\/2020\/01\/dreams-sue\\u00f1os-es.png\",\"width\":900,\"height\":651},{\"@type\":\"WebPage\",\"@id\":\"https:\/\/www.trabajodeprocesos.net\/es\/seminario-suenos-y-recuerdos-28-de-febrero-al-1-de-marzo-de-2020-barcelona\/#webpage\",\"url\":\"https:\/\/www.trabajodeprocesos.net\/es\/seminario-suenos-y-recuerdos-28-de-febrero-al-1-de-marzo-de-2020-barcelona\/\",\"name\":\"Seminario:\\u00bfQui\\u00e9n me persigue? Sue\\u00f1os, memorias y fantas\\u00edas (28\/2-1\/3 del 2020) Barcelona - Trabajo de Procesos\",\"isPartOf\":{\"@id\":\"https:\/\/www.trabajodeprocesos.net\/es\/#website\"},\"primaryImageOfPage\":{\"@id\":\"https:\/\/www.trabajodeprocesos.net\/es\/seminario-suenos-y-recuerdos-28-de-febrero-al-1-de-marzo-de-2020-barcelona\/#primaryimage\"},\"datePublished\":\"2020-01-08T11:01:14+00:00\",\"dateModified\":\"2026-01-13T08:19:48+00:00\",\"author\":{\"@id\":\"https:\/\/www.trabajodeprocesos.net\/es\/#\/schema\/person\/f94150c60776078d5e5dff2343cf5d3c\"},\"inLanguage\":\"es\",\"potentialAction\":[{\"@type\":\"ReadAction\",\"target\":[\"https:\/\/www.trabajodeprocesos.net\/es\/seminario-suenos-y-recuerdos-28-de-febrero-al-1-de-marzo-de-2020-barcelona\/\"]}]},{\"@type\":\"Person\",\"@id\":\"https:\/\/www.trabajodeprocesos.net\/es\/#\/schema\/person\/f94150c60776078d5e5dff2343cf5d3c\",\"name\":\"Admin\",\"image\":{\"@type\":\"ImageObject\",\"@id\":\"https:\/\/www.trabajodeprocesos.net\/es\/#personlogo\",\"inLanguage\":\"es\",\"url\":\"https:\/\/secure.gravatar.com\/avatar\/f1444f2c291341a5e91ff3d721bde7263603974dd051d1bc9f64e3a3ba862485?s=96&d=mm&r=g\",\"caption\":\"Admin\"}}]}<\/script>\n<!-- \/ Yoast SEO plugin. -->","_links":{"self":[{"href":"https:\/\/www.trabajodeprocesos.net\/es\/wp-json\/wp\/v2\/posts\/5351","targetHints":{"allow":["GET"]}}],"collection":[{"href":"https:\/\/www.trabajodeprocesos.net\/es\/wp-json\/wp\/v2\/posts"}],"about":[{"href":"https:\/\/www.trabajodeprocesos.net\/es\/wp-json\/wp\/v2\/types\/post"}],"author":[{"embeddable":true,"href":"https:\/\/www.trabajodeprocesos.net\/es\/wp-json\/wp\/v2\/users\/6"}],"replies":[{"embeddable":true,"href":"https:\/\/www.trabajodeprocesos.net\/es\/wp-json\/wp\/v2\/comments?post=5351"}],"version-history":[{"count":1,"href":"https:\/\/www.trabajodeprocesos.net\/es\/wp-json\/wp\/v2\/posts\/5351\/revisions"}],"predecessor-version":[{"id":23294,"href":"https:\/\/www.trabajodeprocesos.net\/es\/wp-json\/wp\/v2\/posts\/5351\/revisions\/23294"}],"wp:featuredmedia":[{"embeddable":true,"href":"https:\/\/www.trabajodeprocesos.net\/es\/wp-json\/wp\/v2\/media\/6000"}],"wp:attachment":[{"href":"https:\/\/www.trabajodeprocesos.net\/es\/wp-json\/wp\/v2\/media?parent=5351"}],"wp:term":[{"taxonomy":"category","embeddable":true,"href":"https:\/\/www.trabajodeprocesos.net\/es\/wp-json\/wp\/v2\/categories?post=5351"},{"taxonomy":"post_tag","embeddable":true,"href":"https:\/\/www.trabajodeprocesos.net\/es\/wp-json\/wp\/v2\/tags?post=5351"}],"curies":[{"name":"wp","href":"https:\/\/api.w.org\/{rel}","templated":true}]}}