{"id":3962,"date":"2018-12-05T17:37:51","date_gmt":"2018-12-05T16:37:51","guid":{"rendered":"http:\/\/www.trabajodeprocesos.net\/?p=3962"},"modified":"2026-01-13T10:20:01","modified_gmt":"2026-01-13T08:20:01","slug":"seminario-shamans-gift-6-8-diciembre-2019-barcelona","status":"publish","type":"post","link":"https:\/\/www.trabajodeprocesos.net\/es\/seminario-shamans-gift-6-8-diciembre-2019-barcelona\/","title":{"rendered":"Seminario \u00abEl regalo del cham\u00e1n\u00bb (6-8 diciembre 2019) Barcelona"},"content":{"rendered":"<h2 style=\"text-align: center;\">Seminario \u00abEl regalo del cham\u00e1n:<br \/>\nConciencia, atenci\u00f3n y facilitaci\u00f3n que conecta mundos \u00bb<br \/>\n(6-8 de diciembre de 2019)<\/h2>\n<h2 style=\"text-align: center;\">Barcelona<br \/>\nAbierto a todo el mundo<br \/>\n\u00a1INSCRIPCIONES ABIERTAS!<\/h2>\n<p style=\"text-align: center;\">con <a href=\"http:\/\/www.trabajodeprocesos.net\/andy-smith-es\/\">Andy Smith<\/a>\u00a0y\u00a0<a href=\"http:\/\/www.trabajodeprocesos.net\/gill-emslie-es\/\">Gill Emslie<\/a><\/p>\n<p style=\"text-align: center;\">\u00a0(d\u00edas de entrenamiento: 9 y 10 de diciembre solo para estudiantes de LA ESCUELA)<\/p>\n<p>&nbsp;<\/p>\n<p>\u201c&#8230; la lucha por ser uno mismo contra las fuerzas internas y las reglas externas determina en parte la duraci\u00f3n de la vida personal. &#8230; Es un concurso de dudas y de la sociedad por caer en el tiempo de los sue\u00f1os. Es el precursor de una cultura en la que creamos y so\u00f1amos juntos \u201d. Arny Mindell, 2003<\/p>\n<p>Una capacitaci\u00f3n para facilitadores de Processwork: The Shamans Gift profundizar\u00e1 en la vocaci\u00f3n personal, aportando una comprensi\u00f3n m\u00e1s profunda de uno mismo y uniendo los mundos individuales y comunitarios.<\/p>\n<p>\u00bfPor qu\u00e9 venir al seminario?\u00a0 (ingl\u00e9s)<\/p>\n<p><iframe loading=\"lazy\" src=\"https:\/\/www.youtube.com\/embed\/A3DoIILfma4\" width=\"560\" height=\"315\" frameborder=\"0\" allowfullscreen=\"allowfullscreen\"><\/iframe><\/p>\n<p><iframe loading=\"lazy\" src=\"https:\/\/www.youtube.com\/embed\/gU9h7Mk7sEQ\" width=\"560\" height=\"315\" frameborder=\"0\" allowfullscreen=\"allowfullscreen\"><\/iframe><\/p>\n<p>\u00bfPor qu\u00e9 tal entrenamiento? A diferencia de la presi\u00f3n aceptada hoy en d\u00eda para adquirir solo conocimiento lineal y aprender bajo estr\u00e9s, este enfoque requiere la voluntad y la capacidad del individuo de seguir sus instintos corporales para sobrevivir y vivir en esta tierra. Requiere una conexi\u00f3n con la naturaleza, tu naturaleza interior, aunque sea irracional y no lineal, y c\u00f3mo amar y vivir esto en el mundo exterior. Desde este lugar de conexi\u00f3n profunda, aprenderemos a facilitarnos a nosotros mismos y a las comunidades en las que vivimos y trabajamos.<\/p>\n<p>Exploraremos la caminata de \u00abvida o muerte\u00bb, muriendo a nuestros apegos de quienes somos en el momento para descubrir el ser m\u00e1s creativo y esencial que est\u00e1 tratando de emerger. Aprenderemos sobre el camino del conocimiento, nuestro camino m\u00edtico, descubriremos las partes m\u00e1s profundas y qui\u00e9nes podemos ser, as\u00ed como sobre las diferentes formas de percibir e interactuar con nosotros mismos y con los dem\u00e1s, incluidos el \u00abcazador\u00bb, \u00abguerrero\u00bb y \u00bb aliado. \u00bb<\/p>\n<p><strong>Nos enfocaremos en:<\/strong><\/p>\n<ul>\n<li>El papel del facilitador que trabaja con los problemas mundiales como un cham\u00e1n moderno<\/li>\n<li>C\u00f3mo relacionarnos con nuestro propio mundo interior y usar esta conciencia para facilitar<\/li>\n<li>Tu llamado y la ventaja de la facilitaci\u00f3n<\/li>\n<li>Intervenciones no lineales con privilegio, rango y prejuicio.<\/li>\n<li>Conexi\u00f3n m\u00e1s profunda con el Camino del Conocimiento y el Camino del Coraz\u00f3n. Descubriendo lo que eso significa para ti.<\/li>\n<li>Conociendo al \u00abcazador\u00bb, que busca se\u00f1ales y desarrolla una \u00absegunda atenci\u00f3n\u00bb.<\/li>\n<li>Vivir \u00abel guerrero\u00bb que encuentra poder pero no es seducido por \u00e9l.<\/li>\n<li>Encontrar el \u00abaliado\u00bb dentro: las figuras internas y las posibilidades en las que podemos llegar a ser.<\/li>\n<\/ul>\n<p>\u00bfQu\u00e9 ejercicios haremos durante el seminario? (ingl\u00e9s)<\/p>\n<p><iframe loading=\"lazy\" src=\"https:\/\/www.youtube.com\/embed\/R0Tw7RyZRfI\" width=\"560\" height=\"315\" frameborder=\"0\" allowfullscreen=\"allowfullscreen\"><\/iframe><\/p>\n<p><strong>HORARIOS seminario:<\/strong><\/p>\n<p>Viernes 6 de diciembre: 16h &#8211; 19:30\/20Hh<\/p>\n<p>S\u00e1bado 7 de diciembre: 10h &#8211; 14h y de 16 a 19:30\/20h<\/p>\n<p>Domingo 8 de diciembre: 9h &#8211; 14h y de 15:30- 17:00h<\/p>\n<p>&nbsp;<\/p>\n<p><strong>Horarios D\u00edas entrenamiento<\/strong> (s\u00f3lo estudiantes formales ESCUELA):<\/p>\n<p>Lunes y martes 9 y 10 de diciembre, de 10 a 14h y de 15:30 a 18.30<\/p>\n<p>&nbsp;<\/p>\n<p><strong>\u00bfA QUI\u00c9N VA DIRIGIDO? <\/strong><\/p>\n<p>Este seminario es para entrenadores, facilitadores, psicoterapeutas, comunidades, consultores organizacionales y cualquier persona que desee desarrollar estas habilidades y actitudes. El cham\u00e1n opera con el conocimiento de que existen diferentes dimensiones de la realidad y formas de percibir; el cansancio, la enfermedad y el agotamiento nos ocurren cuando solo percibimos o trabajamos en una de estas dimensiones.<\/p>\n<p>Ya sea que facilite cambios sociales y culturales, en individuos, grupos y \/ u organizaciones todos necesitamos los dones del cham\u00e1n.<\/p>\n<p><strong>FORMADORES<\/strong><\/p>\n<p><strong>GILL EMSLIE PhD,<\/strong> Diploma de Procesos. trabaja con individuos, organizaciones y comunidades para descubrir qu\u00e9 nos mueve m\u00e1s profundamente y encontrar formas de avanzar en situaciones dif\u00edciles. Es cofundadora del centro de capacitaci\u00f3n Processwork en Barcelona, \u200b\u200by ense\u00f1a internacionalmente en diversos entornos, desde ONG y el sector de justicia social y ambiental, hasta empresas y gobiernos locales, en Europa, Am\u00e9rica Latina y el sudeste asi\u00e1tico. Gill tambi\u00e9n ha pasado varios a\u00f1os viviendo y trabajando con pueblos ind\u00edgenas en \u00e1reas remotas de la Tierra y esto ha despertado en ella un amor particular por la diversidad biocultural y la preocupaci\u00f3n por su situaci\u00f3n actual.<\/p>\n<p><strong>ANDY SMITH,<\/strong> Diploma de trabajo en proceso. Es facilitador, formador, entrenador y poeta. Con su socio Pat Black, fund\u00f3 \u00abDiversity Matters\u00bb, una organizaci\u00f3n que utiliza los principios de \u00abDemocracia profunda\u00bb para trabajar por un mundo m\u00e1s inclusivo, especialmente en las \u00e1reas de educaci\u00f3n, sistemas de salud y atenci\u00f3n social. Ha dise\u00f1ado muchas experiencias de aprendizaje y capacitaci\u00f3n inclusivas galardonadas, por ejemplo, Go Deep Game, que recientemente gan\u00f3 un premio a la innovaci\u00f3n mundial en educaci\u00f3n. A Andy le encanta c\u00f3mo podemos acceder y comprometernos con los llamados estados de conciencia no ordinarios como parte de este proceso de dise\u00f1o creativo.<\/p>\n<p>M\u00e1s reflexiones de Andy Smith sobre el seminario (ingl\u00e9s)<\/p>\n<p><iframe loading=\"lazy\" src=\"https:\/\/www.youtube.com\/embed\/kJXikC8p9nM\" width=\"560\" height=\"315\" frameborder=\"0\" allowfullscreen=\"allowfullscreen\"><\/iframe><\/p>\n<p>Tanto Andy como Gill son miembros de la facultad y las escuelas de Processwork de Espa\u00f1a y el Reino Unido.<\/p>\n<p><strong>Trabajo de procesos, la metodolog\u00eda<\/strong><\/p>\n<p>El trabajo en proceso es esencialmente una pr\u00e1ctica de conciencia, un enfoque multidisciplinario para facilitar que las personas y los grupos se descubran a s\u00ed mismos y encuentren significado y creatividad en las dificultades y alegr\u00edas que enfrentan.<\/p>\n<p>El trabajo en proceso integra ideas de f\u00edsica, psicolog\u00eda, antropolog\u00eda y espiritualidad y se ha aplicado en muchos campos. El trabajo de proceso (o psicolog\u00eda orientada al proceso) se usa en las artes, el teatro y la psicoterapia, trabajando con conflictos, cambios organizacionales, construcci\u00f3n de comunidades, coma y trabajos cerca de la muerte.<\/p>\n<p>Desarrollado por Arnold Mindell y sus colegas, el enfoque incluye \u00abDemocracia profunda\u00bb y \u00abTrabajo mundial\u00bb, que son m\u00e9todos para trabajar con las partes m\u00e1s marginadas de nosotros mismos y de la sociedad.<\/p>\n<p><strong>Precio: 300 \u20ac<\/strong><\/p>\n<p>EARLY BIRD: 265\u20ac antes del 15 de noviembre de 2019 (para estudiantes de la ESCUELA O DE ESCUELAS ASOCIADAS A IAPOP o estudiantes CURSO trianual en colaboraci\u00f3n con Filalagulla)<\/p>\n<p><strong>Lugar SEMINARIO:<\/strong> <a href=\"https:\/\/www.santcugat.cat\/directori\/casino-de-la-floresta\">CASINO LA FLORESTA &#8211; Vallvidrera Barcelona<\/a><\/p>\n<p>Metro: FFCC de la Generalitat &#8211; Parada La Floresta (5 minutos a pie hasta el casino)<\/p>\n<p><a href=\"http:\/\/ajuntament.barcelona.cat\/ccivics\/barceloneta\">(D\u00edas de entrenamiento en CC Barceloneta)<\/a><\/p>\n<p>Para m\u00e1s informaci\u00f3n escribe a info@trabajodeprocesos.net<\/p>\n<p>\u00bfTe apuntas?<\/p>\n<p><iframe loading=\"lazy\" src=\"https:\/\/www.youtube.com\/embed\/oIzeApHb1bI\" width=\"560\" height=\"315\" frameborder=\"0\" allowfullscreen=\"allowfullscreen\"><\/iframe><\/p>\n<p>ATENCI\u00d3N:<\/p>\n<p><strong>Bonificable<\/strong>\u00a0<a href=\"http:\/\/www.fundae.es\">Fundae<\/a> (m\u00e1s informaci\u00f3n contactar con\u00a0<a href=\"http:\/\/www.trabajodeprocesos.net\/wp-content\/uploads\/2018\/06\/2019_FUNDAE-info_Doc-explicativo-web-1.pdf\">Nuria Ran<\/a>)<\/p>\n<h2 style=\"text-align: center;\"><a href=\"https:\/\/forms.gle\/iMYaypQH8ohPo3sTA\">INSCRIPCIONES ABIERTAS<\/a><\/h2>\n<p>&nbsp;<\/p>\n<p>&nbsp;<\/p>\n<h4 style=\"text-align: center;\"><a href=\"http:\/\/www.trabajodeprocesos.net\/wp-content\/uploads\/2018\/12\/TRABAJO-SHAMANS-GIFT-2019-A5-spanish.pdf\">DESCARGAR FLYER EN PDF (spanish)<\/a><\/h4>\n","protected":false},"excerpt":{"rendered":"<p>Seminario \u00abEl regalo del cham\u00e1n: Conciencia, atenci\u00f3n y facilitaci\u00f3n que conecta mundos \u00bb (6-8 de diciembre de 2019) Barcelona Abierto a todo el mundo \u00a1INSCRIPCIONES ABIERTAS! con Andy Smith\u00a0y\u00a0Gill Emslie \u00a0(d\u00edas de entrenamiento: 9 y 10 de diciembre solo para estudiantes de LA ESCUELA) &nbsp; \u201c&#8230; la lucha por ser uno mismo contra las fuerzas [&hellip;]<\/p>\n","protected":false},"author":6,"featured_media":5784,"comment_status":"closed","ping_status":"open","sticky":false,"template":"","format":"standard","meta":{"footnotes":""},"categories":[29,36],"tags":[],"class_list":["post-3962","post","type-post","status-publish","format-standard","has-post-thumbnail","hentry","category-blog","category-noticias"],"yoast_head":"<!-- This site is optimized with the Yoast SEO plugin v15.4 - https:\/\/yoast.com\/wordpress\/plugins\/seo\/ -->\n<title>Seminario &quot;El regalo del cham\u00e1n&quot; (6-8 diciembre 2019) Barcelona - Trabajo de Procesos<\/title>\n<meta name=\"robots\" content=\"index, follow, max-snippet:-1, max-image-preview:large, max-video-preview:-1\" \/>\n<link rel=\"canonical\" href=\"https:\/\/www.trabajodeprocesos.net\/es\/seminario-shamans-gift-6-8-diciembre-2019-barcelona\/\" \/>\n<meta property=\"og:locale\" content=\"es_ES\" \/>\n<meta property=\"og:type\" content=\"article\" \/>\n<meta property=\"og:title\" content=\"Seminario &quot;El regalo del cham\u00e1n&quot; (6-8 diciembre 2019) Barcelona - Trabajo de Procesos\" \/>\n<meta property=\"og:description\" content=\"Seminario \u00abEl regalo del cham\u00e1n: Conciencia, atenci\u00f3n y facilitaci\u00f3n que conecta mundos \u00bb (6-8 de diciembre de 2019) Barcelona Abierto a todo el mundo \u00a1INSCRIPCIONES ABIERTAS! con Andy Smith\u00a0y\u00a0Gill Emslie \u00a0(d\u00edas de entrenamiento: 9 y 10 de diciembre solo para estudiantes de LA ESCUELA) &nbsp; \u201c&#8230; la lucha por ser uno mismo contra las fuerzas [&hellip;]\" \/>\n<meta property=\"og:url\" content=\"https:\/\/www.trabajodeprocesos.net\/es\/seminario-shamans-gift-6-8-diciembre-2019-barcelona\/\" \/>\n<meta property=\"og:site_name\" content=\"Trabajo de Procesos\" \/>\n<meta property=\"article:published_time\" content=\"2018-12-05T16:37:51+00:00\" \/>\n<meta property=\"article:modified_time\" content=\"2026-01-13T08:20:01+00:00\" \/>\n<meta property=\"og:image\" content=\"https:\/\/www.trabajodeprocesos.net\/wp-content\/uploads\/2018\/12\/Ex\u00e1menesFase-1-20.png\" \/>\n\t<meta property=\"og:image:width\" content=\"900\" \/>\n\t<meta property=\"og:image:height\" content=\"600\" \/>\n<meta name=\"twitter:card\" content=\"summary_large_image\" \/>\n<meta name=\"twitter:label1\" content=\"Escrito por\">\n\t<meta name=\"twitter:data1\" content=\"Admin\">\n\t<meta name=\"twitter:label2\" content=\"Tiempo de lectura\">\n\t<meta name=\"twitter:data2\" content=\"4 minutos\">\n<script type=\"application\/ld+json\" class=\"yoast-schema-graph\">{\"@context\":\"https:\/\/schema.org\",\"@graph\":[{\"@type\":\"WebSite\",\"@id\":\"https:\/\/www.trabajodeprocesos.net\/es\/#website\",\"url\":\"https:\/\/www.trabajodeprocesos.net\/es\/\",\"name\":\"Trabajo de Procesos\",\"description\":\"\",\"potentialAction\":[{\"@type\":\"SearchAction\",\"target\":\"https:\/\/www.trabajodeprocesos.net\/es\/?s={search_term_string}\",\"query-input\":\"required name=search_term_string\"}],\"inLanguage\":\"es\"},{\"@type\":\"ImageObject\",\"@id\":\"https:\/\/www.trabajodeprocesos.net\/es\/seminario-shamans-gift-6-8-diciembre-2019-barcelona\/#primaryimage\",\"inLanguage\":\"es\",\"url\":\"https:\/\/www.trabajodeprocesos.net\/wp-content\/uploads\/2018\/12\/Ex\\u00e1menesFase-1-20.png\",\"width\":900,\"height\":600},{\"@type\":\"WebPage\",\"@id\":\"https:\/\/www.trabajodeprocesos.net\/es\/seminario-shamans-gift-6-8-diciembre-2019-barcelona\/#webpage\",\"url\":\"https:\/\/www.trabajodeprocesos.net\/es\/seminario-shamans-gift-6-8-diciembre-2019-barcelona\/\",\"name\":\"Seminario \\\"El regalo del cham\\u00e1n\\\" (6-8 diciembre 2019) Barcelona - Trabajo de Procesos\",\"isPartOf\":{\"@id\":\"https:\/\/www.trabajodeprocesos.net\/es\/#website\"},\"primaryImageOfPage\":{\"@id\":\"https:\/\/www.trabajodeprocesos.net\/es\/seminario-shamans-gift-6-8-diciembre-2019-barcelona\/#primaryimage\"},\"datePublished\":\"2018-12-05T16:37:51+00:00\",\"dateModified\":\"2026-01-13T08:20:01+00:00\",\"author\":{\"@id\":\"https:\/\/www.trabajodeprocesos.net\/es\/#\/schema\/person\/f94150c60776078d5e5dff2343cf5d3c\"},\"inLanguage\":\"es\",\"potentialAction\":[{\"@type\":\"ReadAction\",\"target\":[\"https:\/\/www.trabajodeprocesos.net\/es\/seminario-shamans-gift-6-8-diciembre-2019-barcelona\/\"]}]},{\"@type\":\"Person\",\"@id\":\"https:\/\/www.trabajodeprocesos.net\/es\/#\/schema\/person\/f94150c60776078d5e5dff2343cf5d3c\",\"name\":\"Admin\",\"image\":{\"@type\":\"ImageObject\",\"@id\":\"https:\/\/www.trabajodeprocesos.net\/es\/#personlogo\",\"inLanguage\":\"es\",\"url\":\"https:\/\/secure.gravatar.com\/avatar\/f1444f2c291341a5e91ff3d721bde7263603974dd051d1bc9f64e3a3ba862485?s=96&d=mm&r=g\",\"caption\":\"Admin\"}}]}<\/script>\n<!-- \/ Yoast SEO plugin. -->","_links":{"self":[{"href":"https:\/\/www.trabajodeprocesos.net\/es\/wp-json\/wp\/v2\/posts\/3962","targetHints":{"allow":["GET"]}}],"collection":[{"href":"https:\/\/www.trabajodeprocesos.net\/es\/wp-json\/wp\/v2\/posts"}],"about":[{"href":"https:\/\/www.trabajodeprocesos.net\/es\/wp-json\/wp\/v2\/types\/post"}],"author":[{"embeddable":true,"href":"https:\/\/www.trabajodeprocesos.net\/es\/wp-json\/wp\/v2\/users\/6"}],"replies":[{"embeddable":true,"href":"https:\/\/www.trabajodeprocesos.net\/es\/wp-json\/wp\/v2\/comments?post=3962"}],"version-history":[{"count":1,"href":"https:\/\/www.trabajodeprocesos.net\/es\/wp-json\/wp\/v2\/posts\/3962\/revisions"}],"predecessor-version":[{"id":23323,"href":"https:\/\/www.trabajodeprocesos.net\/es\/wp-json\/wp\/v2\/posts\/3962\/revisions\/23323"}],"wp:featuredmedia":[{"embeddable":true,"href":"https:\/\/www.trabajodeprocesos.net\/es\/wp-json\/wp\/v2\/media\/5784"}],"wp:attachment":[{"href":"https:\/\/www.trabajodeprocesos.net\/es\/wp-json\/wp\/v2\/media?parent=3962"}],"wp:term":[{"taxonomy":"category","embeddable":true,"href":"https:\/\/www.trabajodeprocesos.net\/es\/wp-json\/wp\/v2\/categories?post=3962"},{"taxonomy":"post_tag","embeddable":true,"href":"https:\/\/www.trabajodeprocesos.net\/es\/wp-json\/wp\/v2\/tags?post=3962"}],"curies":[{"name":"wp","href":"https:\/\/api.w.org\/{rel}","templated":true}]}}