{"id":3530,"date":"2019-03-10T12:01:02","date_gmt":"2019-03-10T11:01:02","guid":{"rendered":"http:\/\/www.trabajodeprocesos.net\/?p=3530"},"modified":"2026-01-13T10:20:01","modified_gmt":"2026-01-13T08:20:01","slug":"seminario-estados-alterados-y-movimiento","status":"publish","type":"post","link":"https:\/\/www.trabajodeprocesos.net\/es\/seminario-estados-alterados-y-movimiento\/","title":{"rendered":"Seminario \u00abBailando en mundos paralelos. Estados alterados con movimiento\u00bb (31 de mayo al 2 de junio de 2019) Barcelona"},"content":{"rendered":"<h2><a href=\"https:\/\/goo.gl\/forms\/iiurtBP1Tmw1xRcv2\">Seminario \u00abBailando en mundos paralelos. Estados alterados con movimiento\u00bb <\/a><\/h2>\n<p>Este nuevo seminario organizado por la ESCUELA de Trabajo de Proceosos es\u00a0<strong>abierto al p\u00fablico<\/strong> ir\u00e1 a cargo deformadores de prestigio internacional e ir\u00e1 a cargo de <a href=\"http:\/\/www.trabajodeprocesos.net\/gill-emslie-es\/\">Gill Emslie<\/a> y <a href=\"http:\/\/www.trabajodeprocesos.net\/kate-jobe-es\/\">Kate Jobe<\/a>.<\/p>\n<p><strong><a href=\"https:\/\/goo.gl\/forms\/iiurtBP1Tmw1xRcv2\">INSCRIPCIONES CERRADAS<\/a><\/strong><\/p>\n<p>&nbsp;<\/p>\n<p>SOBRE EL SEMINARIO<\/p>\n<p>En este seminario de formaci\u00f3n aprenderemos:<\/p>\n<p>&#8211; m\u00e9todos para reconocer e interactuar con personas que experimentan \u201cmundos paralelos\u201d o estados alterados de conciencia (ASC)<\/p>\n<p>&#8211; Desarrollar y profundizar habilidades para facilitar nuestros propios estados alterados y los de otras personas, y los l\u00edmites de estos estados.<\/p>\n<p>&#8211; C\u00f3mo usar el movimiento para trabajar con estados alterados.<\/p>\n<p>&#8211; C\u00f3mo identificar se\u00f1ales en aquellos que est\u00e1n al borde de estados extremos de conciencia.<\/p>\n<p>&#8211; C\u00f3mo comunicarse con las personas en estados retirados de la conciencia (coma, demencia)<\/p>\n<p>&#8230;\u00a0 \u00a0y mucho m\u00e1s.<\/p>\n<p><strong><a href=\"https:\/\/goo.gl\/forms\/iiurtBP1Tmw1xRcv2\">INSCRIPCIONES CERRADAS<\/a><\/strong><\/p>\n<p><strong>Horarios seminario:\u00a0<\/strong><\/p>\n<p>Viernes 31 mayo: 16.00-19.30<\/p>\n<p>S\u00e1bado 1 junio: 10-14.00 y 16.00-19.30<\/p>\n<p>Domingo 2 junio: 11-14.00 y 15.30-18.30<\/p>\n<p>Lugar:\u00a0 <a href=\"http:\/\/fabraicoats.bcn.cat\">Recinte Fabra i Coats, Barcelona<\/a><\/p>\n<p>(Metro Sant Andreu &#8211; L\u00ednea Roja)<\/p>\n<p><a href=\"http:\/\/www.trabajodeprocesos.net\/wp-content\/uploads\/2019\/03\/20190108_141329.jpg\"><img loading=\"lazy\" decoding=\"async\" class=\"alignnone wp-image-5103\" src=\"http:\/\/www.trabajodeprocesos.net\/wp-content\/uploads\/2019\/03\/20190108_141329.jpg\" alt=\"\" width=\"398\" height=\"223\" \/><\/a> <a href=\"http:\/\/www.trabajodeprocesos.net\/wp-content\/uploads\/2019\/03\/20190108_1415020.jpg\"><img loading=\"lazy\" decoding=\"async\" class=\"alignnone wp-image-5105\" src=\"http:\/\/www.trabajodeprocesos.net\/wp-content\/uploads\/2019\/03\/20190108_1415020.jpg\" alt=\"\" width=\"400\" height=\"224\" \/><\/a><\/p>\n<p><a href=\"http:\/\/www.trabajodeprocesos.net\/wp-content\/uploads\/2019\/03\/fc3.jpg\"><img loading=\"lazy\" decoding=\"async\" class=\"alignnone wp-image-5110\" src=\"http:\/\/www.trabajodeprocesos.net\/wp-content\/uploads\/2019\/03\/fc3.jpg\" alt=\"\" width=\"403\" height=\"268\" \/><\/a><a href=\"http:\/\/www.trabajodeprocesos.net\/wp-content\/uploads\/2019\/03\/fc2.jpg\"><img loading=\"lazy\" decoding=\"async\" class=\"alignnone wp-image-5109\" src=\"http:\/\/www.trabajodeprocesos.net\/wp-content\/uploads\/2019\/03\/fc2.jpg\" alt=\"\" width=\"403\" height=\"268\" \/><\/a><\/p>\n<p>&nbsp;<\/p>\n<p>&nbsp;<\/p>\n<h2><strong>Precio: 300\u20ac<\/strong><\/h2>\n<p>(EARLY BIRD para estudiantes de LA ESCUELA: 265\u20ac para inscripciones antes del 10 de mayo de 2019)<\/p>\n<p>(EARLY BIRD para estudiantes del Curso TRIANUAL de Facilitaci\u00f3n coorganizado con Fil a l&#8217;agulla: 265\u20ac para inscripciones antes del 10 de mayo de 2019)<\/p>\n<p><strong><a href=\"https:\/\/goo.gl\/forms\/iiurtBP1Tmw1xRcv2\">INSCRIPCIONES ABIERTAS<\/a><\/strong><\/p>\n<p>Bonificable FUNDAE para trabajadores en activo por cuenta ajena: <a href=\"http:\/\/www.trabajodeprocesos.net\/wp-content\/uploads\/2018\/09\/2019_FUNDAE-info_Doc-explicativo-web.pdf\">M\u00e1s informaci\u00f3n FUNDAE<\/a><\/p>\n<p><strong>D\u00edas de entrenamiento &#8211; solo para estudiantes de LA ESCUELA:<\/strong><\/p>\n<p><a href=\"http:\/\/ajuntament.barcelona.cat\/ccivics\/barceloneta\">Centre C\u00edvic Barceloneta\u00a0<\/a><\/p>\n<p>Lunes y Martes 3 y 4 de junio,\u00a0 de 10a 14h y de 15:30 a 18.30<\/p>\n<p>&nbsp;<\/p>\n<p><a href=\"http:\/\/www.trabajodeprocesos.net\/wp-content\/uploads\/2018\/09\/TRABAJO-SEMINARS-2019-A5-Spanish.pdf\">Descargar pdf<\/a><\/p>\n","protected":false},"excerpt":{"rendered":"<p>Seminario \u00abBailando en mundos paralelos. Estados alterados con movimiento\u00bb Este nuevo seminario organizado por la ESCUELA de Trabajo de Proceosos es\u00a0abierto al p\u00fablico ir\u00e1 a cargo deformadores de prestigio internacional e ir\u00e1 a cargo de Gill Emslie y Kate Jobe. INSCRIPCIONES CERRADAS &nbsp; SOBRE EL SEMINARIO En este seminario de formaci\u00f3n aprenderemos: &#8211; m\u00e9todos para [&hellip;]<\/p>\n","protected":false},"author":6,"featured_media":4849,"comment_status":"closed","ping_status":"open","sticky":false,"template":"","format":"standard","meta":{"footnotes":""},"categories":[29],"tags":[],"class_list":["post-3530","post","type-post","status-publish","format-standard","has-post-thumbnail","hentry","category-blog"],"yoast_head":"<!-- This site is optimized with the Yoast SEO plugin v15.4 - https:\/\/yoast.com\/wordpress\/plugins\/seo\/ -->\n<title>Seminario &quot;Bailando en mundos paralelos. Estados alterados con movimiento&quot; (31 de mayo al 2 de junio de 2019) Barcelona - Trabajo de Procesos<\/title>\n<meta name=\"robots\" content=\"index, follow, max-snippet:-1, max-image-preview:large, max-video-preview:-1\" \/>\n<link rel=\"canonical\" href=\"https:\/\/www.trabajodeprocesos.net\/es\/seminario-estados-alterados-y-movimiento\/\" \/>\n<meta property=\"og:locale\" content=\"es_ES\" \/>\n<meta property=\"og:type\" content=\"article\" \/>\n<meta property=\"og:title\" content=\"Seminario &quot;Bailando en mundos paralelos. Estados alterados con movimiento&quot; (31 de mayo al 2 de junio de 2019) Barcelona - Trabajo de Procesos\" \/>\n<meta property=\"og:description\" content=\"Seminario \u00abBailando en mundos paralelos. Estados alterados con movimiento\u00bb Este nuevo seminario organizado por la ESCUELA de Trabajo de Proceosos es\u00a0abierto al p\u00fablico ir\u00e1 a cargo deformadores de prestigio internacional e ir\u00e1 a cargo de Gill Emslie y Kate Jobe. INSCRIPCIONES CERRADAS &nbsp; SOBRE EL SEMINARIO En este seminario de formaci\u00f3n aprenderemos: &#8211; m\u00e9todos para [&hellip;]\" \/>\n<meta property=\"og:url\" content=\"https:\/\/www.trabajodeprocesos.net\/es\/seminario-estados-alterados-y-movimiento\/\" \/>\n<meta property=\"og:site_name\" content=\"Trabajo de Procesos\" \/>\n<meta property=\"article:published_time\" content=\"2019-03-10T11:01:02+00:00\" \/>\n<meta property=\"article:modified_time\" content=\"2026-01-13T08:20:01+00:00\" \/>\n<meta property=\"og:image\" content=\"https:\/\/www.trabajodeprocesos.net\/wp-content\/uploads\/2019\/03\/Ex\u00e1menesFase-1-1.png\" \/>\n\t<meta property=\"og:image:width\" content=\"900\" \/>\n\t<meta property=\"og:image:height\" content=\"600\" \/>\n<meta name=\"twitter:card\" content=\"summary_large_image\" \/>\n<meta name=\"twitter:label1\" content=\"Escrito por\">\n\t<meta name=\"twitter:data1\" content=\"Admin\">\n\t<meta name=\"twitter:label2\" content=\"Tiempo de lectura\">\n\t<meta name=\"twitter:data2\" content=\"1 minuto\">\n<script type=\"application\/ld+json\" class=\"yoast-schema-graph\">{\"@context\":\"https:\/\/schema.org\",\"@graph\":[{\"@type\":\"WebSite\",\"@id\":\"https:\/\/www.trabajodeprocesos.net\/es\/#website\",\"url\":\"https:\/\/www.trabajodeprocesos.net\/es\/\",\"name\":\"Trabajo de Procesos\",\"description\":\"\",\"potentialAction\":[{\"@type\":\"SearchAction\",\"target\":\"https:\/\/www.trabajodeprocesos.net\/es\/?s={search_term_string}\",\"query-input\":\"required name=search_term_string\"}],\"inLanguage\":\"es\"},{\"@type\":\"ImageObject\",\"@id\":\"https:\/\/www.trabajodeprocesos.net\/es\/seminario-estados-alterados-y-movimiento\/#primaryimage\",\"inLanguage\":\"es\",\"url\":\"https:\/\/www.trabajodeprocesos.net\/wp-content\/uploads\/2019\/03\/Ex\\u00e1menesFase-1-1.png\",\"width\":900,\"height\":600},{\"@type\":\"WebPage\",\"@id\":\"https:\/\/www.trabajodeprocesos.net\/es\/seminario-estados-alterados-y-movimiento\/#webpage\",\"url\":\"https:\/\/www.trabajodeprocesos.net\/es\/seminario-estados-alterados-y-movimiento\/\",\"name\":\"Seminario \\\"Bailando en mundos paralelos. Estados alterados con movimiento\\\" (31 de mayo al 2 de junio de 2019) Barcelona - Trabajo de Procesos\",\"isPartOf\":{\"@id\":\"https:\/\/www.trabajodeprocesos.net\/es\/#website\"},\"primaryImageOfPage\":{\"@id\":\"https:\/\/www.trabajodeprocesos.net\/es\/seminario-estados-alterados-y-movimiento\/#primaryimage\"},\"datePublished\":\"2019-03-10T11:01:02+00:00\",\"dateModified\":\"2026-01-13T08:20:01+00:00\",\"author\":{\"@id\":\"https:\/\/www.trabajodeprocesos.net\/es\/#\/schema\/person\/f94150c60776078d5e5dff2343cf5d3c\"},\"inLanguage\":\"es\",\"potentialAction\":[{\"@type\":\"ReadAction\",\"target\":[\"https:\/\/www.trabajodeprocesos.net\/es\/seminario-estados-alterados-y-movimiento\/\"]}]},{\"@type\":\"Person\",\"@id\":\"https:\/\/www.trabajodeprocesos.net\/es\/#\/schema\/person\/f94150c60776078d5e5dff2343cf5d3c\",\"name\":\"Admin\",\"image\":{\"@type\":\"ImageObject\",\"@id\":\"https:\/\/www.trabajodeprocesos.net\/es\/#personlogo\",\"inLanguage\":\"es\",\"url\":\"https:\/\/secure.gravatar.com\/avatar\/f1444f2c291341a5e91ff3d721bde7263603974dd051d1bc9f64e3a3ba862485?s=96&d=mm&r=g\",\"caption\":\"Admin\"}}]}<\/script>\n<!-- \/ Yoast SEO plugin. -->","_links":{"self":[{"href":"https:\/\/www.trabajodeprocesos.net\/es\/wp-json\/wp\/v2\/posts\/3530","targetHints":{"allow":["GET"]}}],"collection":[{"href":"https:\/\/www.trabajodeprocesos.net\/es\/wp-json\/wp\/v2\/posts"}],"about":[{"href":"https:\/\/www.trabajodeprocesos.net\/es\/wp-json\/wp\/v2\/types\/post"}],"author":[{"embeddable":true,"href":"https:\/\/www.trabajodeprocesos.net\/es\/wp-json\/wp\/v2\/users\/6"}],"replies":[{"embeddable":true,"href":"https:\/\/www.trabajodeprocesos.net\/es\/wp-json\/wp\/v2\/comments?post=3530"}],"version-history":[{"count":1,"href":"https:\/\/www.trabajodeprocesos.net\/es\/wp-json\/wp\/v2\/posts\/3530\/revisions"}],"predecessor-version":[{"id":23318,"href":"https:\/\/www.trabajodeprocesos.net\/es\/wp-json\/wp\/v2\/posts\/3530\/revisions\/23318"}],"wp:featuredmedia":[{"embeddable":true,"href":"https:\/\/www.trabajodeprocesos.net\/es\/wp-json\/wp\/v2\/media\/4849"}],"wp:attachment":[{"href":"https:\/\/www.trabajodeprocesos.net\/es\/wp-json\/wp\/v2\/media?parent=3530"}],"wp:term":[{"taxonomy":"category","embeddable":true,"href":"https:\/\/www.trabajodeprocesos.net\/es\/wp-json\/wp\/v2\/categories?post=3530"},{"taxonomy":"post_tag","embeddable":true,"href":"https:\/\/www.trabajodeprocesos.net\/es\/wp-json\/wp\/v2\/tags?post=3530"}],"curies":[{"name":"wp","href":"https:\/\/api.w.org\/{rel}","templated":true}]}}