{"id":3459,"date":"2018-09-25T16:37:53","date_gmt":"2018-09-25T14:37:53","guid":{"rendered":"http:\/\/www.trabajodeprocesos.net\/?p=3459"},"modified":"2026-01-13T10:20:18","modified_gmt":"2026-01-13T08:20:18","slug":"curso-de-facilitacion-trianual-con-fil-a-lagulla","status":"publish","type":"post","link":"https:\/\/www.trabajodeprocesos.net\/es\/curso-de-facilitacion-trianual-con-fil-a-lagulla\/","title":{"rendered":"Curso de Facilitaci\u00f3n TRIENAL con Fil a l&#8217;Agulla (Enero 2020)"},"content":{"rendered":"<p>&nbsp;<\/p>\n<section>\n<section class=\"quote\">\n<div class=\"row\">\n<div class=\"column\" style=\"text-align: center;\">\n<h2 class=\"quote__text\">Facilitaci\u00f3n de grupos. Aportando conciencia y creciendo con la\u00a0diversidad<\/h2>\n<\/div>\n<\/div>\n<\/section>\n<section class=\"image-intro image-intro--gris\">\n<div class=\"row\">\n<div class=\"small-12 medium-6 columns align-middle show-for-large\"><img decoding=\"async\" class=\"image-intro__image aligncenter\" src=\"http:\/\/filalagulla.org\/wp-content\/uploads\/2018\/07\/P1260558-e1532986718729-800x0-c-default.jpg\" \/><\/div>\n<div class=\"small-12 large-6 columns\">\n<div class=\"image-intro__content\">\n<h4>Introducci\u00f3n<\/h4>\n<p><strong>Se trata de una formaci\u00f3n de tres a\u00f1os que ofrecer\u00e1 un conocimiento profundo y completo de la facilitaci\u00f3n orientada a procesos, tambi\u00e9n llamada\u00a0<em>WorldWork.\u00a0<\/em>Estar\u00e1 orientada a la pr\u00e1ctica y en contacto con la realidad actual para facilitar la aplicaci\u00f3n de todo aquello que vayamos aprendiendo<\/strong>.<\/p>\n<p>Para formalizar la matr\u00edcula para enero 2020, ten\u00e9is que rellenar\u00a0<a class=\"gtrackexternal\" href=\"https:\/\/docs.google.com\/forms\/d\/e\/1FAIpQLSfiBj3dHlKjE7jdR77WtoEWb-9nMbSRHuU6bw_EsBfBsOpEiQ\/viewform\" target=\"_blank\" rel=\"noopener noreferrer\">este formulario antes del 10 de diciembre de 2020<\/a>.<\/p>\n<p>Si necesitas m\u00e1s informaci\u00f3n, nos puedes escribir un correo a\u00a0<a class=\"gtrackexternal\" href=\"mailto:info@filalagulla.org\" target=\"_blank\" rel=\"noopener noreferrer\">info@filalagulla.org<\/a>\u00a0o a <a href=\"mailto:info@trabajodeprocesos.net\">info@trabajodeprocesos.net<\/a><\/p>\n<\/div>\n<\/div>\n<\/div>\n<\/section>\n<section class=\"text-column\">\n<div class=\"row\">\n<div class=\"small-12 columns\">\n<p><strong>CURSO DE FACILITACI\u00d3N TRIANUAL<\/strong><\/p>\n<p>Desde hace a\u00f1os, Fil a l\u2019agulla hemos impartido cursos de introducci\u00f3n a la facilitaci\u00f3n as\u00ed como el curso de facilitaci\u00f3n anual de grupos que el pr\u00f3ximo curso llega ya a su s\u00e9ptima edici\u00f3n. La gran respuesta y entusiasmo que han recibido estas formaciones, la demanda de profundizar m\u00e1s de muchas personas participantes, as\u00ed como la necesidad que vemos en la situaci\u00f3n pol\u00edtica y social actual de ofrecer herramientas que ayuden a promover soluciones que vayan a la ra\u00edz de los problemas y capaces de trabajar en un ambiente altamente polarizado, es el que nos ha motivado a ofrecer esta formaci\u00f3n.<\/p>\n<p>Estos estudios de tres a\u00f1os que lanzamos es una coproducci\u00f3n de Fil a l\u2019agulla y la escuela del\u00a0<a class=\"gtrackexternal\" href=\"http:\/\/www.trabajodeprocesos.net\/linstitut\/\" target=\"_blank\" rel=\"noopener noreferrer\">Instituto de Trabajo de Procesos y Democracia Profunda<\/a>, instituci\u00f3n pionera en la formaci\u00f3n en Trabajo de Procesos y que cuenta con profesorado internacional con larga experiencia en la docencia y en la pr\u00e1ctica de la facilitaci\u00f3n en toda clase de contextos. Se trata pues de una formaci\u00f3n arraigada al territorio, enriquecida con visiones y experiencias otras realidades y con un equipo docente internacional con larga trayectoria y experiencia.\u00a0<a href=\"http:\/\/filalagulla.org\/wp-content\/uploads\/2019\/09\/Guia-per-lestudiant-curs-triennal-2020-Equip-Docent.pdf\" target=\"_blank\" rel=\"noopener noreferrer\"><strong>Pod\u00e9is consultar la informaci\u00f3n sobre el equipo docente en este documento.<\/strong><\/a><\/p>\n<p>Queremos que contribuya a la necesidad creciente de alimentar y complementar las diversas metodolog\u00edas y planteamientos de la participaci\u00f3n ciudadana, el desarrollo organizacional y la gesti\u00f3n de conflictos con un nuevo paradigma que, m\u00e1s all\u00e1 de la busca de soluciones inmediatas, pueda tambi\u00e9n facilitar la presa de conciencia y con ella, promover salidas sostenibles y de largo plazo a los problemas y retos de las organizaciones, comunidades, grupos y la sociedad.<\/p>\n<p><strong>A qui\u00e9n va dirigida y requisitos de entrada<\/strong><\/p>\n<p>Esta formaci\u00f3n va dirigida a personas que trabajan en la facilitaci\u00f3n de grupos, la gesti\u00f3n de conflictos, el \u00e1mbito comunitario, la participaci\u00f3n ciudadana, la educaci\u00f3n, el desarrollo organizacional, el cambio social\u2026<\/p>\n<p>Dado que la formaci\u00f3n quiere apoyar al desarrollo de la pr\u00e1ctica\u00a0interventiva, la formaci\u00f3n va dirigida a personas que ya est\u00e9n facilitando o haciendo intervenci\u00f3n social, comunitaria o en el mundo organizativo. Adem\u00e1s, tambi\u00e9n requerimos que las personas hayan tenido un contacto y conocimiento previo con el Trabajo de Procesos.<\/p>\n<p>El proceso de admisi\u00f3n consta de un primer momento en que la persona interesada llena un formulario y se hace una entrevista con alguien del equipo docente. A partir de aqu\u00ed, el equipo docente toma una decisi\u00f3n sobre la admisi\u00f3n de la persona al curso. \u00a0Esta entrevista tiene un coste de 60 euros.<\/p>\n<p>&nbsp;<\/p>\n<p><strong>Formaci\u00f3n de nueva creaci\u00f3n<\/strong><\/p>\n<p>La formaci\u00f3n que os estamos presentando ha iniciado en enero de 2019 y hay algunos aspectos que estamos acabando de definir en relaci\u00f3n a la parte final de la formaci\u00f3n. La previsi\u00f3n es que antes de que empiece el pr\u00f3ximo grupo, en enero de 2020, todo esto ya est\u00e9 m\u00e1s definido y claro. \u00a0Hay que tener en cuenta el componente pionero de esta formaci\u00f3n.<\/p>\n<p><strong>Contenidos<\/strong><\/p>\n<p>Se trata de una formaci\u00f3n de tres a\u00f1os que ofrecer\u00e1 un conocimiento profundo y cumplido de la facilitaci\u00f3n orientada a procesos, tambi\u00e9n llamada\u00a0Worldwork. La formaci\u00f3n estar\u00e1 orientada a la pr\u00e1ctica, y en contacto con la realidad actual para facilitar la aplicaci\u00f3n de todo el que vayamos aprendiz.<\/p>\n<p><strong>\u00bfQu\u00e9 es el\u00a0<em>Worldwork<\/em>?<\/strong><\/p>\n<p>Es el Trabajo de Procesos o la Psicolog\u00eda Orientada a Procesos aplicada a grupos peque\u00f1os y\u00a0grandes, comunidades y organizaciones, participaci\u00f3n ciudadana, acontecimientos internacionales y\u00a0problemas relacionados con la tierra.<\/p>\n<p>Se trata de un nuevo paradigma para comprender la vida colectiva a la vez que un cuerpo de teor\u00eda\u00a0y un m\u00e9todo pr\u00e1ctico y eficaz para hacer frente a todo tipo de situaciones y \u00e1mbitos, como por ejemplo conflictos,\u00a0toma de decisiones, din\u00e1micas de poder, relaciones, visi\u00f3n, creatividad y facilitaci\u00f3n de reuniones.\u00a0El principio b\u00e1sico y subyacente del\u00a0<em>Worldwork<\/em>\u00a0es la democracia profunda. La democracia\u00a0profunda parte de la idea que cualquier situaci\u00f3n dada necesita todas las partes, todas las\u00a0personas, todos los temas y todos los niveles de realidad para desarrollar todo su potencial y\u00a0apoyar al desarrollo del grupo.<\/p>\n<p>En otras palabras, uno de los aspectos cruciales del\u00a0<em>Worldwork<\/em>\u00a0es poner el foco y traer a la\u00a0conciencia tanto la parte m\u00e1s lineal y factual de una conversaci\u00f3n o situaci\u00f3n como su parte\u00a0no-lineal, invisible y emocional.<\/p>\n<p><strong>\u00bfQu\u00e9 temas se tratar\u00e1n?<\/strong><\/p>\n<p><strong>\u00bfQu\u00e9 temas se tratar\u00e1n?<\/strong><\/p>\n<p>La formaci\u00f3n constar\u00e1 de seis semestres, cada uno girar\u00e1 alrededor de un eje tem\u00e1tico. De forma transversal trabajaremos el desarrollo de la facilitadora a trav\u00e9s del trabajo interior, trabajo personal, las habilidades y\u00a0metahabilitats, la conexi\u00f3n con el estilo propio y tambi\u00e9n el\u00a0antiestil, la conciencia de los sistemas de creencia y valores del facilitador\/a, entre otros.<\/p>\n<p><strong>Semestre 1. La conciencia en acci\u00f3n: \u00bfqu\u00e9 es facilitar?<\/strong><\/p>\n<p>Trabajaremos la distinci\u00f3n entre la facilitaci\u00f3n orientada a objetivos concretos hacia la facilitaci\u00f3n de conciencia y el trabajo momento a momento esto como la conciencia de los sue\u00f1os altos y su relaci\u00f3n con los sue\u00f1os bajos y la desesperanza. Introduciremos la idea de \u201cdreaming\u00a0field\u201d, procesos m\u00edticos y su importancia en la hora de acompa\u00f1ar a los grupos. Finalmente tambi\u00e9n la relaci\u00f3n entre el mundo interior y el mundo exterior, y como esta relaci\u00f3n es fundamental para poder facilitar.<\/p>\n<p><strong>Semestre 2. Desarrollo organizacional y patrones<\/strong><\/p>\n<p>Daremos herramientas y marcos \u00fatiles para trabajar con organizaciones de todo tipo (ONG, administraciones, entidades, empresas\u2026) alrededor de diferentes temas: trabajo en equipo, roles m\u00faltiples, sue\u00f1os y mitos de la organizaci\u00f3n\u2026<\/p>\n<p><strong>Semestre 3. Construcci\u00f3n de comunidades y participaci\u00f3n<\/strong><\/p>\n<p>Aportaremos una mirada y herramientas que facilitan que los procesos participativos y los espacios de creaci\u00f3n de comunidad ganen en profundidad, como por ejemplo los Foros Abiertos. Presentaremos modelos de intervenci\u00f3n como el Oasis y lo\u00a0Go\u00a0Deep\u00a0que m\u00e1s all\u00e1 de tener objetivos concretos est\u00e1n basados en el feedback del sistema. Posaremos la mirada tambi\u00e9n en el impacto del pasado y el trauma colectivo, en las din\u00e1micas actuales de la comunidad, as\u00ed como en los mitos de la comunidad y \u201cel espacio de sue\u00f1o\u201d o lo\u00a0dreaming\u00a0de la tierra de la cual formamos parte.<\/p>\n<p><strong>Semestre 4. Conflicto transformador<\/strong><\/p>\n<p>Aprenderemos conceptos y nuevas maneras de mirar el conflicto que nos ayudar\u00e1n a poder confiar en su potencial creativo y transformador y a saber estar en el fuego de la tensi\u00f3n sin quemarnos. Ganaremos comprensi\u00f3n sobre los Estados Alterados de conciencia, las din\u00e1micas de escalada y de-escalada del conflicto, los ciclos de la violencia y las din\u00e1micas de venganza y luto. Por otro lado, posaremos el foco en la relaci\u00f3n entre los conflictos y los estados relacionados con las opresiones internalizadas, los cr\u00edticos internos y sus tipolog\u00edas, las din\u00e1micas de\u00a0<em>\u201cdreaming\u00a0up\u201d<\/em>en los conflictos, las dobles se\u00f1ales, los cambios de rol, las cuatro fases del conflicto y las din\u00e1micas intergeneracionales del trauma colectivo.<\/p>\n<p><strong>Semestre 5. Diversidad<\/strong><\/p>\n<p>Trabajaremos la diversidad incluyendo el an\u00e1lisis\u00a0interseccional, las din\u00e1micas de rango, las din\u00e1micas culturales, historias de opresi\u00f3n, la opresi\u00f3n internalizada\u2026 Tambi\u00e9n las micro agresiones, la diversidad de cosmolog\u00edas (racional versus cham\u00e1nica) y mucho m\u00e1s. Tomaremos conciencia sobre como los privilegios sociales entes\u00a0ceguen\u00a0ante la discriminaci\u00f3n y trabajaremos la diversidad relacionada con cuestiones como por ejemplo el g\u00e9nero, la orientaci\u00f3n del deseo, la raza, la identidad nacional, la diversidad funcional, entre otros.<\/p>\n<p><strong>Semestre 6. Poder y liderazgo<\/strong><\/p>\n<p>Daremos la bienvenida y posaremos conciencia sobre los diferentes estilos de liderazgo, procesos arquet\u00edpicos en el liderazgo, como por ejemplo los superh\u00e9roes y las superhero\u00ednas y otros aliados que nos pueden ayudar. Veremos la relaci\u00f3n y la importancia que tiene la gesti\u00f3n de las din\u00e1micas de poder y la conexi\u00f3n con el poder personal propio para poder ejercer liderazgos enriquecedores y que est\u00e9n al servicio de los grupos y comunidades. Trabajaremos las complejidades del poder y las din\u00e1micas de marginaci\u00f3n. Tambi\u00e9n aprenderemos a dar y recibir retroalimentaci\u00f3n dentro de las estructuras jer\u00e1rquicas y aportaremos conciencia en relaci\u00f3n a la diversidad interna, el sesgo y el prejuicio cuando estamos en el rol de facilitar. Descubriremos el estilo de liderazgo y el poder \u00fanico que tenemos cada una de nosotros.<\/p>\n<p><strong>ESTRUCTURA Y D\u00cdA A D\u00cdA DE LA FORMACI\u00d3N<\/strong><\/p>\n<p>Los contenidos de cada semestre se tratar\u00e1n en varios espacios de aprendizaje:<\/p>\n<ul>\n<li><strong>M\u00f3dulos de formaci\u00f3n:<\/strong>\u00a0se trata de formaciones de dos d\u00edas y medio seguidos empezando jueves al atardecer y hasta s\u00e1bado por la tarde. El semestre de enero a junio tendr\u00e1 tres m\u00f3dulos y el de septiembre a diciembre tendr\u00e1 dos. Durante estos m\u00f3dulos se presentar\u00e1n contenidos te\u00f3ricos, se har\u00e1n ejercicios pr\u00e1cticos en parejas, individualmente y en grupo. Ser\u00e1n siempre facilitados por dos personas y se llevar\u00e1n a cabo en la ciudad de Barcelona o cercan\u00edas.<\/li>\n<li><strong>D\u00edas de formaci\u00f3n:<\/strong>\u00a0son jornadas de un d\u00eda en la que b\u00e1sicamente se practica el que se va aprendiendo en los m\u00f3dulos. Son espacios \u00fanicos para practicar y recibir feedback sobre el proceso de aprendizaje. El semestre de enero a junio tendr\u00e1 tres d\u00edas y el de junio a diciembre tendr\u00e1 dos.<\/li>\n<li><strong>Sesiones de\u00a0mentoria:<\/strong>\u00a0las sesiones de\u00a0mentoriaser\u00e1n individuales y tambi\u00e9n en peque\u00f1o grupo, con el grupo de iguales. En todos los casos, las\u00a0mentories\u00a0son un espacio en que se apoya a la persona en la integraci\u00f3n y aplicaci\u00f3n de los contenidos y herramientas aprendidas y en el conocimiento del proceso de aprendizaje como estudiante. Este espacio es fundamental, es donde cada persona podr\u00e1 individualizar la formaci\u00f3n en funci\u00f3n de sus necesidades y seguir su camino propio y \u00fanico. Se har\u00e1n 1 mentoria\u00a0individual y 2 grupales por semestre.<\/li>\n<li><strong>Sesiones individuales:<\/strong>\u00a0es el espacio dedicado al crecimiento personal y al trabajo con los l\u00edmites propios y retos personales ante los nuevos aprendizajes. Es una pieza fundamental de la formaci\u00f3n dada la importancia que tiene por el\u00a0Worldwork\u00a0la misma actitud y presencia del facilitador\/a a la hora de desarrollar su tarea. Se har\u00e1n seis sesiones individuales por semestre.<\/li>\n<li><strong>Grupo de iguales:<\/strong>\u00a0otro aspecto muy importante de la formaci\u00f3n es el grupo de iguales. Se trata de un grupo de entre 3 y 5 persones estudiantes que se encuentra mensualmente para apoyarse y profundizar en los aprendizajes.<\/li>\n<li><strong>Sesiones con personas expertas:<\/strong>\u00a0ser\u00e1n sesiones de dos horas en la que diferentes expertos nos compartir\u00e1n sus experiencias, saberes y reflexiones. El semestre de enero a junio tendr\u00e1 3 sesiones con expertos y el de junio a diciembre tendr\u00e1 2. Estas se programar\u00e1n seg\u00fan el inter\u00e9s y disponibilidades del grupo.<\/li>\n<li><strong>Supervisi\u00f3n y pr\u00e1cticas:<\/strong>\u00a0en el segundo a\u00f1o, si no ha empezado antes, la persona tendr\u00e1 que empezar a hacer pr\u00e1cticas supervisadas. Para poder finalizar la formaci\u00f3n habr\u00e1 que hacer alrededor de 12 sesiones de pr\u00e1cticas con grupos, comunidades u organizaciones y 15 sesiones de supervisi\u00f3n y algunas horas (todav\u00eda para determinar) de pr\u00e1cticas en un \u00e1mbito fuera del que suele trabajar la persona.<\/li>\n<li><strong>Proyecto final:<\/strong>\u00a0al final de la formaci\u00f3n se presentar\u00e1 un proyecto de aplicaci\u00f3n pr\u00e1ctica o de investigaci\u00f3n, los detalles est\u00e1n todav\u00eda para determinar.<\/li>\n<li><strong>Ex\u00e1menes y sistemas de evaluaci\u00f3n:<\/strong>\u00a0al final de la formaci\u00f3n se realizar\u00e1n ex\u00e1menes pr\u00e1cticos para evaluar los conocimientos, habilidades y meta-habilitados de las personas. Las \u00e1reas de examen est\u00e1n todav\u00eda en proceso de determinar, seguramente ser\u00e1n 6 ex\u00e1menes pr\u00e1cticos.<\/li>\n<\/ul>\n<p>El curso tiene una duraci\u00f3n m\u00ednima de 3 a\u00f1os, que estar\u00e1 condicionada al cumplimiento de los requisitos.\u00a0El grupo que se incorpore en esta nueva edici\u00f3n, se sumar\u00e1 al grupo actual, asistiendo en los mismos espacios de aprendizaje, con espacios propios cuando se crea conveniente. \u00a0El grupo nuevo empezar\u00e1 por el contenido del semestre 3 y 4, y acabar\u00e1 el \u00faltimo a\u00f1o con el contenido del semestre 1 y 2.<\/p>\n<p>El siguiente cuadro puede ayudar a hacerse una idea del tiempo y la implicaci\u00f3n requerida. Los m\u00f3dulos, d\u00edas de formaci\u00f3n y sesiones con expertas tendr\u00e1n unas fechas establecidas. Pero las fechas de\u00a0mentories, las sesiones individuales y los encuentros del grupo de iguales las establece la misma persona. Lo que es importante es cumplir con el requisito de sesiones establecidas.<\/p>\n<p><a href=\"http:\/\/filalagulla.org\/es\/curso-trienal-facilitacion-grupos-enero-2020\/\">El siguiente cuadro puede ayudar a hacerse una idea del tiempo y la implicaci\u00f3n requerida.<\/a><\/p>\n<p>&nbsp;<\/p>\n<p><img loading=\"lazy\" decoding=\"async\" class=\"aligncenter wp-image-6984 size-full\" src=\"http:\/\/filalagulla.org\/wp-content\/uploads\/2018\/07\/screenshot-mail.google.com-2018.07.30-09-27-30.png\" sizes=\"auto, (max-width: 651px) 100vw, 651px\" srcset=\"\/wp-content\/uploads\/2018\/07\/screenshot-mail.google.com-2018.07.30-09-27-30.png 651w, \/wp-content\/uploads\/2018\/07\/screenshot-mail.google.com-2018.07.30-09-27-30-300x229.png 300w\" alt=\"\" width=\"651\" height=\"497\" \/><\/p>\n<p><strong><img loading=\"lazy\" decoding=\"async\" class=\"aligncenter wp-image-6986 size-full\" src=\"http:\/\/filalagulla.org\/wp-content\/uploads\/2018\/07\/screenshot-mail.google.com-2018.07.30-09-27-44.png\" sizes=\"auto, (max-width: 639px) 100vw, 639px\" srcset=\"\/wp-content\/uploads\/2018\/07\/screenshot-mail.google.com-2018.07.30-09-27-44.png 639w, \/wp-content\/uploads\/2018\/07\/screenshot-mail.google.com-2018.07.30-09-27-44-300x246.png 300w\" alt=\"\" width=\"639\" height=\"523\" \/><\/strong><\/p>\n<p><b>Formaci\u00f3n semipresencial<\/b><\/p>\n<p>Esta formaci\u00f3n es semipresencial. Los m\u00f3dulos y los d\u00edas de formaci\u00f3n son presenciales. Las sesiones con expertas, siempre que se puedan, se retransmitir\u00e1n en directo para poder seguirlas virtualmente o presencialmente. Las sesiones individuales, las mentor\u00edas individuales y grupales, las sesiones con expertas podr\u00e1n hacerse tambi\u00e9n por Skype.<\/p>\n<p><b>Costes<\/b><\/p>\n<p>La formaci\u00f3n tiene un coste total de 8.670 euros, que se traduce en un coste de:<\/p>\n<ul>\n<li>Primer a\u00f1o: 2.540 euros<\/li>\n<li>Segundo a\u00f1o: 3.065 euros<\/li>\n<li>Tercer a\u00f1o: 3.065 euros<\/li>\n<\/ul>\n<p>A partir del segundo a\u00f1o el precio se incrementa porque empieza la supervisi\u00f3n. Importante: este precio est\u00e1 basado en un m\u00ednimo de requisitos y se tiene que tener en cuenta que seg\u00fan el itinerario formativo el coste puede cambiar. Adem\u00e1s, a este precio se deber\u00e1 a\u00f1adir, en su momento, el coste de los ex\u00e1menes finales, que todav\u00eda no est\u00e1 determinado.<\/p>\n<p><a href=\"http:\/\/filalagulla.org\/es\/curso-trienal-facilitacion-grupos-enero-2020\/\"><strong>Desglose precio.<\/strong><\/a><\/p>\n<p>&nbsp;<\/p>\n<p><strong>CALENDARIO DEL A\u00d1O 2020<\/strong><\/p>\n<p>Los m\u00f3dulos son: jueves de las 18 a las 20 horas, viernes y s\u00e1bado de las 10 a las 18 horas. A excepci\u00f3n del \u00faltimo m\u00f3dulo que se har\u00e1 en fines de semana, empezando por el viernes por la tarde. Un total de 15 horas por m\u00f3dulo.<\/p>\n<p>Y los d\u00edas de formaci\u00f3n: viernes de las 10 a las 19 horas. Un total de 7,5 horas lectivas.<\/p>\n<ul>\n<li dir=\"ltr\">\n<div><strong>M\u00f3dulo 1 \u21d2<\/strong>\u00a016, 17 y 18 de enero. Imparten:\u00a0<strong>Boris Sopko y Mireia Parera<br \/>\n<\/strong>D\u00eda de formaci\u00f3n: 14 de febrero. Imparten:\u00a0<strong>Boris Sopko y Mireia Parera<\/strong><\/div>\n<\/li>\n<li dir=\"ltr\">\n<div><strong>M\u00f3dulo 2 \u21d2<\/strong>\u00a019 , 20 y 21 de marzo. Imparten:\u00a0<strong>Mireia Parera y Andy Smith<\/strong><br \/>\nD\u00eda de formaci\u00f3n: 24 de abril. Imparten:\u00a0<strong>Boris Sopko y Mireia Parera<\/strong><\/div>\n<\/li>\n<li dir=\"ltr\">\n<div><strong>M\u00f3dulo 3 \u21d2<\/strong>\u00a014, 15 y 16 de maig. Imparten:\u00a0<strong>Neus Andreu y Boris Sopko<\/strong><br \/>\nD\u00eda de formaci\u00f3n: 12 de junio. Imparten:\u00a0<strong>Neus Andreu y Mireia Parera<\/strong><\/div>\n<\/li>\n<li dir=\"ltr\">\n<div><strong>M\u00f3dulo 4 \u21d2<\/strong>\u00a017, 18 y 19 de septiembre. Imparten:\u00a0<strong>Boris Sopko yMireia Parera<\/strong><br \/>\nD\u00eda de formaci\u00f3n: 23 de octubre. Imparten:\u00a0<strong>Neus Andreu y Mireia Parera<\/strong><\/div>\n<\/li>\n<li dir=\"ltr\">\n<div><strong>M\u00f3dulo 5 \u21d2<\/strong>\u00a020, 21 y 22 de noviembre. Imparten:\u00a0<strong>Gill Emslie y Mireia Parera<\/strong><br \/>\nD\u00eda de formaci\u00f3n: 11 de diciembre. Imparten:\u00a0<strong>Boris Sopko y Mireia Parera<\/strong><\/div>\n<\/li>\n<\/ul>\n<p><strong>Inscripci\u00f3n<\/strong><\/p>\n<p><strong>NSCRIPCI\u00d3N<\/strong><\/p>\n<p><b>Para hacer la preinscripci\u00f3n se debe rellenar\u00a0<a class=\"gtrackexternal\" href=\"https:\/\/docs.google.com\/forms\/d\/e\/1FAIpQLSfiBj3dHlKjE7jdR77WtoEWb-9nMbSRHuU6bw_EsBfBsOpEiQ\/viewform\" target=\"_blank\" rel=\"noopener noreferrer\">este formulario<\/a>\u00a0y hacer un ingreso de 60 euros, en concepto de entrevista, al n\u00famero de cuenta de Caixa d\u2019Enginyers \u200bES97 3025 0011 78 1400028513. Ten\u00e9is que indicar nombre, apellidos y curso al que os apunt\u00e1is.<\/b>\u00a0Nos pondremos en contacto contigo para fijar la fecha de la entrevista. Se debe tener en cuenta que en caso de no ser admitido o admitida, este dinero no ser\u00e1 devuelto. El objetivo del proceso de admisi\u00f3n es verificar y asegurarnos que los objetivos, expectativas y experiencia de la persona encajan con lo que formaci\u00f3n ofrece.<\/p>\n<p>Una vez pasado el proceso de admisi\u00f3n, para reservar la plaza se debe hacer efectiva la matr\u00edcula anual, que tiene un coste de 200 euros.<\/p>\n<p><strong>El proceso de preinscripci\u00f3n finalizar\u00e1 el 10 de diciembre.<\/strong> Si hay m\u00e1s personas admitidas que plazas, se seleccionar\u00e1 por orden de inscripci\u00f3n. Pod\u00e9is hacer la inscripci\u00f3n en\u00a0<a class=\"gtrackexternal\" href=\"https:\/\/docs.google.com\/forms\/d\/e\/1FAIpQLSfiBj3dHlKjE7jdR77WtoEWb-9nMbSRHuU6bw_EsBfBsOpEiQ\/viewform\" target=\"_blank\" rel=\"noopener noreferrer\">este enlace<\/a>.<\/p>\n<p style=\"text-align: center;\">\u00a0<a class=\"gtrackexternal\" href=\"http:\/\/filalagulla.org\/es\/curso-trienal-facilitacion-grupos-enero-2020\/\" target=\"_blank\" rel=\"noopener noreferrer\"><strong>&gt;Pod\u00e9is hacer la inscripci\u00f3n en este enlace&lt;<\/strong><\/a><\/p>\n<p><em><strong>Proyecto de Fil a l\u2019agulla y el Instituto de Trabajo de Procesos<\/strong><\/em><\/p>\n<h4 class=\"footer__business-name\">\u00a9 Fil a l&#8217;agulla, SCCL.<\/h4>\n<\/div>\n<\/div>\n<\/section>\n<\/section>\n","protected":false},"excerpt":{"rendered":"<p>&nbsp; Facilitaci\u00f3n de grupos. Aportando conciencia y creciendo con la\u00a0diversidad Introducci\u00f3n Se trata de una formaci\u00f3n de tres a\u00f1os que ofrecer\u00e1 un conocimiento profundo y completo de la facilitaci\u00f3n orientada a procesos, tambi\u00e9n llamada\u00a0WorldWork.\u00a0Estar\u00e1 orientada a la pr\u00e1ctica y en contacto con la realidad actual para facilitar la aplicaci\u00f3n de todo aquello que vayamos aprendiendo. [&hellip;]<\/p>\n","protected":false},"author":6,"featured_media":5826,"comment_status":"closed","ping_status":"open","sticky":false,"template":"","format":"standard","meta":{"footnotes":""},"categories":[29,36],"tags":[],"class_list":["post-3459","post","type-post","status-publish","format-standard","has-post-thumbnail","hentry","category-blog","category-noticias"],"yoast_head":"<!-- This site is optimized with the Yoast SEO plugin v15.4 - https:\/\/yoast.com\/wordpress\/plugins\/seo\/ -->\n<title>Curso de Facilitaci\u00f3n TRIENAL con Fil a l&#039;Agulla (Enero 2020) - Trabajo de Procesos<\/title>\n<meta name=\"robots\" content=\"index, follow, max-snippet:-1, max-image-preview:large, max-video-preview:-1\" \/>\n<link rel=\"canonical\" href=\"https:\/\/www.trabajodeprocesos.net\/es\/curso-de-facilitacion-trianual-con-fil-a-lagulla\/\" \/>\n<meta property=\"og:locale\" content=\"es_ES\" \/>\n<meta property=\"og:type\" content=\"article\" \/>\n<meta property=\"og:title\" content=\"Curso de Facilitaci\u00f3n TRIENAL con Fil a l&#039;Agulla (Enero 2020) - Trabajo de Procesos\" \/>\n<meta property=\"og:description\" content=\"&nbsp; Facilitaci\u00f3n de grupos. Aportando conciencia y creciendo con la\u00a0diversidad Introducci\u00f3n Se trata de una formaci\u00f3n de tres a\u00f1os que ofrecer\u00e1 un conocimiento profundo y completo de la facilitaci\u00f3n orientada a procesos, tambi\u00e9n llamada\u00a0WorldWork.\u00a0Estar\u00e1 orientada a la pr\u00e1ctica y en contacto con la realidad actual para facilitar la aplicaci\u00f3n de todo aquello que vayamos aprendiendo. [&hellip;]\" \/>\n<meta property=\"og:url\" content=\"https:\/\/www.trabajodeprocesos.net\/es\/curso-de-facilitacion-trianual-con-fil-a-lagulla\/\" \/>\n<meta property=\"og:site_name\" content=\"Trabajo de Procesos\" \/>\n<meta property=\"article:published_time\" content=\"2018-09-25T14:37:53+00:00\" \/>\n<meta property=\"article:modified_time\" content=\"2026-01-13T08:20:18+00:00\" \/>\n<meta property=\"og:image\" content=\"https:\/\/www.trabajodeprocesos.net\/wp-content\/uploads\/2018\/09\/vacaciones-7.png\" \/>\n\t<meta property=\"og:image:width\" content=\"800\" \/>\n\t<meta property=\"og:image:height\" content=\"800\" \/>\n<meta name=\"twitter:card\" content=\"summary_large_image\" \/>\n<meta name=\"twitter:label1\" content=\"Escrito por\">\n\t<meta name=\"twitter:data1\" content=\"Admin\">\n\t<meta name=\"twitter:label2\" content=\"Tiempo de lectura\">\n\t<meta name=\"twitter:data2\" content=\"11 minutos\">\n<script type=\"application\/ld+json\" class=\"yoast-schema-graph\">{\"@context\":\"https:\/\/schema.org\",\"@graph\":[{\"@type\":\"WebSite\",\"@id\":\"https:\/\/www.trabajodeprocesos.net\/es\/#website\",\"url\":\"https:\/\/www.trabajodeprocesos.net\/es\/\",\"name\":\"Trabajo de Procesos\",\"description\":\"\",\"potentialAction\":[{\"@type\":\"SearchAction\",\"target\":\"https:\/\/www.trabajodeprocesos.net\/es\/?s={search_term_string}\",\"query-input\":\"required name=search_term_string\"}],\"inLanguage\":\"es\"},{\"@type\":\"ImageObject\",\"@id\":\"https:\/\/www.trabajodeprocesos.net\/es\/curso-de-facilitacion-trianual-con-fil-a-lagulla\/#primaryimage\",\"inLanguage\":\"es\",\"url\":\"https:\/\/www.trabajodeprocesos.net\/wp-content\/uploads\/2018\/09\/vacaciones-7.png\",\"width\":800,\"height\":800},{\"@type\":\"WebPage\",\"@id\":\"https:\/\/www.trabajodeprocesos.net\/es\/curso-de-facilitacion-trianual-con-fil-a-lagulla\/#webpage\",\"url\":\"https:\/\/www.trabajodeprocesos.net\/es\/curso-de-facilitacion-trianual-con-fil-a-lagulla\/\",\"name\":\"Curso de Facilitaci\\u00f3n TRIENAL con Fil a l'Agulla (Enero 2020) - Trabajo de Procesos\",\"isPartOf\":{\"@id\":\"https:\/\/www.trabajodeprocesos.net\/es\/#website\"},\"primaryImageOfPage\":{\"@id\":\"https:\/\/www.trabajodeprocesos.net\/es\/curso-de-facilitacion-trianual-con-fil-a-lagulla\/#primaryimage\"},\"datePublished\":\"2018-09-25T14:37:53+00:00\",\"dateModified\":\"2026-01-13T08:20:18+00:00\",\"author\":{\"@id\":\"https:\/\/www.trabajodeprocesos.net\/es\/#\/schema\/person\/f94150c60776078d5e5dff2343cf5d3c\"},\"inLanguage\":\"es\",\"potentialAction\":[{\"@type\":\"ReadAction\",\"target\":[\"https:\/\/www.trabajodeprocesos.net\/es\/curso-de-facilitacion-trianual-con-fil-a-lagulla\/\"]}]},{\"@type\":\"Person\",\"@id\":\"https:\/\/www.trabajodeprocesos.net\/es\/#\/schema\/person\/f94150c60776078d5e5dff2343cf5d3c\",\"name\":\"Admin\",\"image\":{\"@type\":\"ImageObject\",\"@id\":\"https:\/\/www.trabajodeprocesos.net\/es\/#personlogo\",\"inLanguage\":\"es\",\"url\":\"https:\/\/secure.gravatar.com\/avatar\/f1444f2c291341a5e91ff3d721bde7263603974dd051d1bc9f64e3a3ba862485?s=96&d=mm&r=g\",\"caption\":\"Admin\"}}]}<\/script>\n<!-- \/ Yoast SEO plugin. -->","_links":{"self":[{"href":"https:\/\/www.trabajodeprocesos.net\/es\/wp-json\/wp\/v2\/posts\/3459","targetHints":{"allow":["GET"]}}],"collection":[{"href":"https:\/\/www.trabajodeprocesos.net\/es\/wp-json\/wp\/v2\/posts"}],"about":[{"href":"https:\/\/www.trabajodeprocesos.net\/es\/wp-json\/wp\/v2\/types\/post"}],"author":[{"embeddable":true,"href":"https:\/\/www.trabajodeprocesos.net\/es\/wp-json\/wp\/v2\/users\/6"}],"replies":[{"embeddable":true,"href":"https:\/\/www.trabajodeprocesos.net\/es\/wp-json\/wp\/v2\/comments?post=3459"}],"version-history":[{"count":1,"href":"https:\/\/www.trabajodeprocesos.net\/es\/wp-json\/wp\/v2\/posts\/3459\/revisions"}],"predecessor-version":[{"id":23331,"href":"https:\/\/www.trabajodeprocesos.net\/es\/wp-json\/wp\/v2\/posts\/3459\/revisions\/23331"}],"wp:featuredmedia":[{"embeddable":true,"href":"https:\/\/www.trabajodeprocesos.net\/es\/wp-json\/wp\/v2\/media\/5826"}],"wp:attachment":[{"href":"https:\/\/www.trabajodeprocesos.net\/es\/wp-json\/wp\/v2\/media?parent=3459"}],"wp:term":[{"taxonomy":"category","embeddable":true,"href":"https:\/\/www.trabajodeprocesos.net\/es\/wp-json\/wp\/v2\/categories?post=3459"},{"taxonomy":"post_tag","embeddable":true,"href":"https:\/\/www.trabajodeprocesos.net\/es\/wp-json\/wp\/v2\/tags?post=3459"}],"curies":[{"name":"wp","href":"https:\/\/api.w.org\/{rel}","templated":true}]}}