{"id":3265,"date":"2018-09-19T08:31:46","date_gmt":"2018-09-19T06:31:46","guid":{"rendered":"http:\/\/www.trabajodeprocesos.net\/?p=3265"},"modified":"2026-01-13T10:20:18","modified_gmt":"2026-01-13T08:20:18","slug":"seminario-worldwork-y-relaciones-1-al-3-de-marzo-de-2019-barcelona","status":"publish","type":"post","link":"https:\/\/www.trabajodeprocesos.net\/es\/seminario-worldwork-y-relaciones-1-al-3-de-marzo-de-2019-barcelona\/","title":{"rendered":"Seminario \u00abDemocracia Profunda. Relaciones &#038; el Mundo: Una formaci\u00f3n en facilitaci\u00f3n\u00bb (1 al 3 de marzo de 2019) Barcelona"},"content":{"rendered":"<p>&nbsp;<\/p>\n<h2><strong><a href=\"https:\/\/goo.gl\/forms\/wQkcjvUN2ymdE7342\">INSCRIPCIONES ABIERTAS<\/a><\/strong><\/h2>\n<p><a href=\"https:\/\/goo.gl\/forms\/wQkcjvUN2ymdE7342\"><img loading=\"lazy\" decoding=\"async\" class=\"alignnone wp-image-4498\" src=\"http:\/\/www.trabajodeprocesos.net\/wp-content\/uploads\/2018\/09\/PDF1.jpg\" alt=\"\" width=\"650\" height=\"926\" srcset=\"https:\/\/www.trabajodeprocesos.net\/wp-content\/uploads\/2018\/09\/PDF1.jpg 576w, https:\/\/www.trabajodeprocesos.net\/wp-content\/uploads\/2018\/09\/PDF1-210x300.jpg 210w\" sizes=\"auto, (max-width: 650px) 100vw, 650px\" \/><\/a><\/p>\n<p><a href=\"https:\/\/goo.gl\/forms\/wQkcjvUN2ymdE7342\"><img loading=\"lazy\" decoding=\"async\" class=\"alignnone wp-image-4497\" src=\"http:\/\/www.trabajodeprocesos.net\/wp-content\/uploads\/2018\/09\/PDF2.jpg\" alt=\"\" width=\"650\" height=\"894\" srcset=\"https:\/\/www.trabajodeprocesos.net\/wp-content\/uploads\/2018\/09\/PDF2.jpg 585w, https:\/\/www.trabajodeprocesos.net\/wp-content\/uploads\/2018\/09\/PDF2-218x300.jpg 218w\" sizes=\"auto, (max-width: 650px) 100vw, 650px\" \/><\/a><\/p>\n<p>En estos tiempos dif\u00edciles de la ruptura de nuestros ecosistemas, la crisis en el liderazgo, la incertidumbre<br \/>\necon\u00f3mica y la falta de justicia social y \u00e9tica, est\u00e1 claro que se necesita un cambio de conciencia y una forma<br \/>\ndiferente de relacionarnos entre nosotros y con el mundo.<\/p>\n<p>Es un momento en que nuestro liderazgo es llamado a la acci\u00f3n. Muchos de nosotros estamos buscando nuevas<br \/>\nformas de facilitar el di\u00e1logo, la colaboraci\u00f3n y cambiar nuestra escucha m\u00e1s all\u00e1 del sesgo y los prejuicios<br \/>\ninconscientes, a una comprensi\u00f3n m\u00e1s profunda que puede llevar a una co-creaci\u00f3n de nuevas formas de estar<br \/>\njuntos y en nuestro planeta.<\/p>\n<p>\u00bfC\u00f3mo podemos realmente hacer espacio para todas las voces? \u00bfC\u00f3mo podemos mantener y facilitar la intensidad<br \/>\nemocional de las interacciones que debemos tener entre el opresor y el oprimido? \u00bfCu\u00e1l es el trabajo que debemos<br \/>\nhacer con nosotros mismos y con los dem\u00e1s? Es necesario aprender co-facilitar, y co-crear el espacio en lo cual<br \/>\nnuestra inteligencia colectiva puede beneficiar el campo y los grupos con lo cual trabajamos.<\/p>\n<p>En esta formaci\u00f3n desarrollaremos habilidades de facilitaci\u00f3n, utilizando m\u00e9todos experienciales que<br \/>\nincluyen trabajo interno, trabajo en parejas, grupos peque\u00f1os y en con el grupo grande.<\/p>\n<p>Esta formaci\u00f3n es de inter\u00e9s para todos aquellos que trabajan con grupos en cualquier entorno.<\/p>\n<p><strong>1.1\u00bfD\u00d3NDE TIENE LUGAR EL SEMINARIO?<\/strong><br \/>\n<a href=\"https:\/\/goo.gl\/maps\/W4zYeycTheJ2\">Casino La Floresta; Barcelona, FFGG Parada La Floresta<\/a><\/p>\n<p><strong>1.2 \u00bfD\u00d3NDE TIENE LUGAR LOS TRAINING DAYS?<\/strong><br \/>\n<a href=\"http:\/\/ajuntament.barcelona.cat\/ccivics\/albareda\">Centre c\u00edvic Albareda, Barcelona<\/a><\/p>\n<p><strong>2.1 PRECIO\u00a0SEMINARIO: 300\u20ac (*)<\/strong><br \/>\nPago al hacer la inscripci\u00f3n para reservar la plaza.<br \/>\nFormaci\u00f3n bonificada Fundaci\u00f3n Tripartita, FUNDAE (\u00a0<a href=\"https:\/\/www.fundae.es\/\">https:\/\/www.fundae.es\/)\u00a0<\/a><br \/>\n<strong><a href=\"http:\/\/www.trabajodeprocesos.net\/wp-content\/uploads\/2018\/09\/2019_FUNDAE-info_Doc-explicativo-web.pdf\">ATENCI\u00d3N LEER ESTA INFO ANTES DE SOLICITAR BONIFICACI\u00d3N FUNDAE<\/a><\/strong><\/p>\n<p>Early Bird estudiantes de la ESCUELA hasta el 8 de febrero de 2019: PRECIO 265\u20ac<\/p>\n<p><strong>2.2 PRECIO TRAINING DAYS (SOLO PARA ESTUDIANTES DE LA ESCUELA):<\/strong><br \/>\n1 D\u00eda &#8211; 80 \u20ac<br \/>\n2 D\u00edas &#8211; 160 \u20ac<\/p>\n<p><strong>(*) Precio\u00a0<\/strong>No incluye training days NI alojamiento NI comidas- SOLO SEMINARIO-los 3 d\u00edas del 1 al 3 de marzo)<br \/>\nEARLY BIRD Precio del seminario: 265 \u20ac hasta el 8 de febrero de 2019 para estudiantes de la escuela y pago al hacer la inscripci\u00f3n.<br \/>\nDespu\u00e9s de esta fecha y para p\u00fablico en general el precio es de 300\u20ac, pago al hacer la inscripci\u00f3n para reservar la plaza.<\/p>\n<p>Precio de dias de Training (SOLO PARA ESTUDIANTES) seg\u00fan se comunic\u00f3 el pasado Febrero 2018:<br \/>\n1 Dia &#8211; 80 \u20ac<br \/>\n2 Dias &#8211; 160 \u20ac<\/p>\n<p>NOTA (1) : La inscripci\u00f3n NO est\u00e1 confirmada si no se ha realizado el pago y enviado copia de la transferencia por mail a info@trabajodeprocesos.net en el momento de realizar LA INSCRIPCI\u00d3N (attn. Mar Ruiz)<\/p>\n<p>NOTA (2): Los pagos de los d\u00edas de entrenamiento (80\u20ac \/ d\u00eda) hay que realizarlos con el pago DEL SEMINARIO.<\/p>\n<p><strong>3. PAGOS PARA EL SEMINARIO:<\/strong><\/p>\n<p>Los pagos son mediante transferencia bancaria.<\/p>\n<p>ATENCI\u00d3N NUEVA CUENTA CORRIENTE CAIXA ENGINYERS (de la ESCUELA):<br \/>\nES87 3025 0011 7114 0009 4123<\/p>\n<p><strong>4. POL\u00cdTICAS DE CANCELACI\u00d3N<\/strong><\/p>\n<p>Consultar pol\u00edtica de cancelaci\u00f3n<br \/>\n<a href=\"http:\/\/www.trabajodeprocesos.net\/politica-de-cancelacion\/\">http:\/\/www.trabajodeprocesos.net\/politica-de-cancelacion\/<\/a><\/p>\n<h2><strong><a href=\"https:\/\/goo.gl\/forms\/wQkcjvUN2ymdE7342\">INSCRIPCIONES ABIERTAS<\/a><\/strong><\/h2>\n<p><strong><a href=\"http:\/\/www.trabajodeprocesos.net\/wp-content\/uploads\/2018\/09\/TRABAJO-DEEP-DEMOCRACY-A5Spanish.pdf\">DESCARGAR PDF SEMINARIO<\/a><\/strong><\/p>\n","protected":false},"excerpt":{"rendered":"<p>&nbsp; INSCRIPCIONES ABIERTAS En estos tiempos dif\u00edciles de la ruptura de nuestros ecosistemas, la crisis en el liderazgo, la incertidumbre econ\u00f3mica y la falta de justicia social y \u00e9tica, est\u00e1 claro que se necesita un cambio de conciencia y una forma diferente de relacionarnos entre nosotros y con el mundo. Es un momento en que [&hellip;]<\/p>\n","protected":false},"author":6,"featured_media":4495,"comment_status":"closed","ping_status":"open","sticky":false,"template":"","format":"standard","meta":{"footnotes":""},"categories":[29,36],"tags":[41,37],"class_list":["post-3265","post","type-post","status-publish","format-standard","has-post-thumbnail","hentry","category-blog","category-noticias","tag-publico-es","tag-seminario-es"],"yoast_head":"<!-- This site is optimized with the Yoast SEO plugin v15.4 - https:\/\/yoast.com\/wordpress\/plugins\/seo\/ -->\n<title>Seminario &quot;Democracia Profunda. Relaciones &amp; el Mundo: Una formaci\u00f3n en facilitaci\u00f3n&quot; (1 al 3 de marzo de 2019) Barcelona - Trabajo de Procesos<\/title>\n<meta name=\"robots\" content=\"index, follow, max-snippet:-1, max-image-preview:large, max-video-preview:-1\" \/>\n<link rel=\"canonical\" href=\"https:\/\/www.trabajodeprocesos.net\/es\/seminario-worldwork-y-relaciones-1-al-3-de-marzo-de-2019-barcelona\/\" \/>\n<meta property=\"og:locale\" content=\"es_ES\" \/>\n<meta property=\"og:type\" content=\"article\" \/>\n<meta property=\"og:title\" content=\"Seminario &quot;Democracia Profunda. Relaciones &amp; el Mundo: Una formaci\u00f3n en facilitaci\u00f3n&quot; (1 al 3 de marzo de 2019) Barcelona - Trabajo de Procesos\" \/>\n<meta property=\"og:description\" content=\"&nbsp; INSCRIPCIONES ABIERTAS En estos tiempos dif\u00edciles de la ruptura de nuestros ecosistemas, la crisis en el liderazgo, la incertidumbre econ\u00f3mica y la falta de justicia social y \u00e9tica, est\u00e1 claro que se necesita un cambio de conciencia y una forma diferente de relacionarnos entre nosotros y con el mundo. Es un momento en que [&hellip;]\" \/>\n<meta property=\"og:url\" content=\"https:\/\/www.trabajodeprocesos.net\/es\/seminario-worldwork-y-relaciones-1-al-3-de-marzo-de-2019-barcelona\/\" \/>\n<meta property=\"og:site_name\" content=\"Trabajo de Procesos\" \/>\n<meta property=\"article:published_time\" content=\"2018-09-19T06:31:46+00:00\" \/>\n<meta property=\"article:modified_time\" content=\"2026-01-13T08:20:18+00:00\" \/>\n<meta property=\"og:image\" content=\"https:\/\/www.trabajodeprocesos.net\/wp-content\/uploads\/2018\/09\/Header.jpg\" \/>\n\t<meta property=\"og:image:width\" content=\"1222\" \/>\n\t<meta property=\"og:image:height\" content=\"786\" \/>\n<meta name=\"twitter:card\" content=\"summary_large_image\" \/>\n<meta name=\"twitter:label1\" content=\"Escrito por\">\n\t<meta name=\"twitter:data1\" content=\"Admin\">\n\t<meta name=\"twitter:label2\" content=\"Tiempo de lectura\">\n\t<meta name=\"twitter:data2\" content=\"2 minutos\">\n<script type=\"application\/ld+json\" class=\"yoast-schema-graph\">{\"@context\":\"https:\/\/schema.org\",\"@graph\":[{\"@type\":\"WebSite\",\"@id\":\"https:\/\/www.trabajodeprocesos.net\/es\/#website\",\"url\":\"https:\/\/www.trabajodeprocesos.net\/es\/\",\"name\":\"Trabajo de Procesos\",\"description\":\"\",\"potentialAction\":[{\"@type\":\"SearchAction\",\"target\":\"https:\/\/www.trabajodeprocesos.net\/es\/?s={search_term_string}\",\"query-input\":\"required name=search_term_string\"}],\"inLanguage\":\"es\"},{\"@type\":\"ImageObject\",\"@id\":\"https:\/\/www.trabajodeprocesos.net\/es\/seminario-worldwork-y-relaciones-1-al-3-de-marzo-de-2019-barcelona\/#primaryimage\",\"inLanguage\":\"es\",\"url\":\"https:\/\/www.trabajodeprocesos.net\/wp-content\/uploads\/2018\/09\/Header.jpg\",\"width\":1222,\"height\":786},{\"@type\":\"WebPage\",\"@id\":\"https:\/\/www.trabajodeprocesos.net\/es\/seminario-worldwork-y-relaciones-1-al-3-de-marzo-de-2019-barcelona\/#webpage\",\"url\":\"https:\/\/www.trabajodeprocesos.net\/es\/seminario-worldwork-y-relaciones-1-al-3-de-marzo-de-2019-barcelona\/\",\"name\":\"Seminario \\\"Democracia Profunda. Relaciones & el Mundo: Una formaci\\u00f3n en facilitaci\\u00f3n\\\" (1 al 3 de marzo de 2019) Barcelona - Trabajo de Procesos\",\"isPartOf\":{\"@id\":\"https:\/\/www.trabajodeprocesos.net\/es\/#website\"},\"primaryImageOfPage\":{\"@id\":\"https:\/\/www.trabajodeprocesos.net\/es\/seminario-worldwork-y-relaciones-1-al-3-de-marzo-de-2019-barcelona\/#primaryimage\"},\"datePublished\":\"2018-09-19T06:31:46+00:00\",\"dateModified\":\"2026-01-13T08:20:18+00:00\",\"author\":{\"@id\":\"https:\/\/www.trabajodeprocesos.net\/es\/#\/schema\/person\/f94150c60776078d5e5dff2343cf5d3c\"},\"inLanguage\":\"es\",\"potentialAction\":[{\"@type\":\"ReadAction\",\"target\":[\"https:\/\/www.trabajodeprocesos.net\/es\/seminario-worldwork-y-relaciones-1-al-3-de-marzo-de-2019-barcelona\/\"]}]},{\"@type\":\"Person\",\"@id\":\"https:\/\/www.trabajodeprocesos.net\/es\/#\/schema\/person\/f94150c60776078d5e5dff2343cf5d3c\",\"name\":\"Admin\",\"image\":{\"@type\":\"ImageObject\",\"@id\":\"https:\/\/www.trabajodeprocesos.net\/es\/#personlogo\",\"inLanguage\":\"es\",\"url\":\"https:\/\/secure.gravatar.com\/avatar\/f1444f2c291341a5e91ff3d721bde7263603974dd051d1bc9f64e3a3ba862485?s=96&d=mm&r=g\",\"caption\":\"Admin\"}}]}<\/script>\n<!-- \/ Yoast SEO plugin. -->","_links":{"self":[{"href":"https:\/\/www.trabajodeprocesos.net\/es\/wp-json\/wp\/v2\/posts\/3265","targetHints":{"allow":["GET"]}}],"collection":[{"href":"https:\/\/www.trabajodeprocesos.net\/es\/wp-json\/wp\/v2\/posts"}],"about":[{"href":"https:\/\/www.trabajodeprocesos.net\/es\/wp-json\/wp\/v2\/types\/post"}],"author":[{"embeddable":true,"href":"https:\/\/www.trabajodeprocesos.net\/es\/wp-json\/wp\/v2\/users\/6"}],"replies":[{"embeddable":true,"href":"https:\/\/www.trabajodeprocesos.net\/es\/wp-json\/wp\/v2\/comments?post=3265"}],"version-history":[{"count":1,"href":"https:\/\/www.trabajodeprocesos.net\/es\/wp-json\/wp\/v2\/posts\/3265\/revisions"}],"predecessor-version":[{"id":23332,"href":"https:\/\/www.trabajodeprocesos.net\/es\/wp-json\/wp\/v2\/posts\/3265\/revisions\/23332"}],"wp:featuredmedia":[{"embeddable":true,"href":"https:\/\/www.trabajodeprocesos.net\/es\/wp-json\/wp\/v2\/media\/4495"}],"wp:attachment":[{"href":"https:\/\/www.trabajodeprocesos.net\/es\/wp-json\/wp\/v2\/media?parent=3265"}],"wp:term":[{"taxonomy":"category","embeddable":true,"href":"https:\/\/www.trabajodeprocesos.net\/es\/wp-json\/wp\/v2\/categories?post=3265"},{"taxonomy":"post_tag","embeddable":true,"href":"https:\/\/www.trabajodeprocesos.net\/es\/wp-json\/wp\/v2\/tags?post=3265"}],"curies":[{"name":"wp","href":"https:\/\/api.w.org\/{rel}","templated":true}]}}