{"id":3172,"date":"2018-05-28T19:55:35","date_gmt":"2018-05-28T17:55:35","guid":{"rendered":"http:\/\/www.trabajodeprocesos.net\/?p=3172"},"modified":"2026-01-13T10:20:18","modified_gmt":"2026-01-13T08:20:18","slug":"3-de-junio-la-comunidad-de-estudios-del-instituto-de-trabajo-de-procesos-de-la-jornada-de-trabajo-para-dar-a-conocer-el-treball-de-processos","status":"publish","type":"post","link":"https:\/\/www.trabajodeprocesos.net\/es\/3-de-junio-la-comunidad-de-estudios-del-instituto-de-trabajo-de-procesos-de-la-jornada-de-trabajo-para-dar-a-conocer-el-treball-de-processos\/","title":{"rendered":"3 de junio, La comunidad de estudios del Instituto de Trabajo de Procesos organiza una jornada de trabajo para dar a conocer el Treball de Processos.\u00a0"},"content":{"rendered":"<div id=\"gt-langs\">\n<div id=\"gt-lang-right\" class=\"goog-inline-block\">\n<div id=\"gt-lang-submit\"><\/div>\n<\/div>\n<\/div>\n<div id=\"gt-text-top\">\n<div id=\"gt-res-c\" class=\"g-unit\">\n<div id=\"gt-res-p\">\n<div id=\"gt-res-data\">\n<div id=\"gt-res-wrap\">\n<div id=\"gt-res-content\">\n<div id=\"gt-res-dir-ctr\" class=\"trans-verified-button-small\" dir=\"ltr\">\n<p>La comunidad de estudiantes del Instituto de Trabajo de Procesos organiza esta jornada para dar a conocer el Trabajo de Procesos. Paradigma de trabajo en el mundo que permite ganar conciencia sobre los procesos de los grupo, las relaciones y los conflictos, y as\u00ed favorecer el cambio y la transformaci\u00f3n. El objetivo es que se multiplique, para que muchas m\u00e1s personas, relaciones y grupos se beneficien. Y tambi\u00e9n desea que esta jornada permita que esta comunidad se enriquezca en diversidad y sea cada vez m\u00e1s accesible.<\/p>\n<p><a href=\"http:\/\/www.trabajodeprocesos.net\/wp-content\/uploads\/2018\/05\/33889403_2048080278797899_5275299078870138880_n.jpg\"><img loading=\"lazy\" decoding=\"async\" class=\"size-full wp-image-3173 aligncenter\" src=\"http:\/\/www.trabajodeprocesos.net\/wp-content\/uploads\/2018\/05\/33889403_2048080278797899_5275299078870138880_n.jpg\" alt=\"\" width=\"679\" height=\"960\" srcset=\"https:\/\/www.trabajodeprocesos.net\/wp-content\/uploads\/2018\/05\/33889403_2048080278797899_5275299078870138880_n.jpg 679w, https:\/\/www.trabajodeprocesos.net\/wp-content\/uploads\/2018\/05\/33889403_2048080278797899_5275299078870138880_n-212x300.jpg 212w\" sizes=\"auto, (max-width: 679px) 100vw, 679px\" \/><\/a><\/p>\n<p>11:00-13:00 Sala de Yoga__Taller CreActiu Infantil &#8211; Pong\u00e1mosle Color al pa\u00eds del blanco y negre_<\/p>\n<p>Haremos un cuento colectivamente en 3 dimensiones! un taller creActiu para ni\u00f1os de 4 a 10 a\u00f1os) m\u00e1s peque\u00f1os con compa\u00f1\u00eda adulta<\/p>\n<p>12:00-14:00 Sala gran__NOSALTRES Y EL PODER:<\/p>\n<p>El poder es la capacidad humana de hacer cosas. Nos da miedo hablar de poder? Existe una buena manera<\/p>\n<p>de ocupar el poder? La buscamos? \u00bfQu\u00e9 nos puede ayudar a utilizar nuestro poder con cuidado sin hacer da\u00f1o a los dem\u00e1s? Y si no ocupamos nuestro poder, sabemos qu\u00e9 pasa?<\/p>\n<p>Taller de dos horas para responder a esta y otras preguntas. Reflexionaremos sobre el poder,<\/p>\n<p>exploraremos nuestro propio poder, descubriremos los privilegios y compartiremos estrategias para hablar<\/p>\n<p>con el poder desde el poder.<\/p>\n<p>12:00-14:00 Domo__Homes y agresiones machistas: \u00bfcu\u00e1l es nuestro papel ?:<br \/>\nDiariamente se visibilizan m\u00e1s y m\u00e1s casos de agresiones machistas, ante las que muchos movimientos de mujeres y LGTBIQ + se solidarizan, lo visibilizan, se cuidan, denuncian las injusticias &#8230; pero que hacemos los hombres? \u00bfQu\u00e9 papel jugamos?<\/p>\n<p>Abrimos un espacio no mixto para que los hombres exploramos, experimentamos y reflexionamos sobre c\u00f3mo responsabilizarnos y c\u00f3mo actuar de forma m\u00e1s consciente y visible en nuestros entornos y en general a la sociedad. Construiremos acciones concretas para llevar a la pr\u00e1ctica.<\/p>\n<p>Lo haremos a trav\u00e9s de la mirada de Trabajo de Procesos, la Teor\u00eda del Campo y los Roles y con din\u00e1micas reflexivas y vivenciales.<\/p>\n<p>16:00-17:00 patio PIC_ Charla sobre el bien com\u00fan digital<\/p>\n<p>Mako Hill -activista hist\u00f3rico en Internet, Miembro de la Junta de la Fundaci\u00f3n de Software Libre, de la Fundaci\u00f3n de Conocimiento abierto, y de la Fundaci\u00f3n Wikimedia, y investigador puntero en el Campo- est\u00e1 de visita en Barcelona. Junto con \u00c9l, y Con otra activistas locales como Mayo Fuster, reflexionaremos sobre el estado actual del procom\u00fan digital, la libertad en la red y de internet, y como Ello condiciona o como Reducir texto &lt;br&gt; apoyar a Otras luchas y Movimientos Sociales.<\/p>\n<p>16:00-17:30 Sala Gran__F\u00f2rum Abierto<\/p>\n<p>Foro Orientado a Procesos. Espacio de debate abierto a todos sobre un tema de actualidad.<\/p>\n<p>Queremos abrir un espacio de debate para hablar y escuchar la diversidad de posiciones sobre un tema de actualidad que preocupe e interese al grupo. De debates seguramente tenemos a menudo, pero tenemos ganas de generar un espacio que facilite poder relacionarnos con aquellas posturas que son m\u00e1s contrarias a las nuestras, para entender m\u00e1s cosas y conocer m\u00e1s sobre nuestra posici\u00f3n y la del otro. Ser\u00e1 un espacio facilidad y entre todas decidiremos qu\u00e9 tema queremos abordar.<\/p>\n<p>Y para las personas que conozcan o quieran conocer m\u00e1s sobre el Trabajo de Procesos, puede ser la oportunidad para experimentar una herramienta para trabajar con la diversidad en los grupos.<\/p>\n<p>17:45-18:15 Sala Gran__Mon\u00f2leg: Procesando el trabajo de procesos.<\/p>\n<p>Que es exactamente eso de procesar? qu\u00e9 quiere decir \u00abme hace l\u00edmite\u00bb? \u00abEsto es secundario\u00bb? \u00abTengo cr\u00edticos\u00bb? \u00abNoto una voz que &#8230;\u00bb? El trabajo de procesos es algo que cada vez se escucha m\u00e1s y extendi\u00e9ndose generando afinidades y recelos entre superfans teperas, fans a medias, interesadas-per\u00f2.no.se.perqu\u00e8 y metidas-pero-no-del-todo, etc ..<\/p>\n<p>En este mon\u00f3logo tratar\u00e9 de aclarar alguna de estas preguntas, hacer m\u00e1s f\u00e1cil el entendimiento de c\u00f3digos y lenguajes, pero en realidad, en realidad, lo que m\u00e1s quiero es mirarlo todo con ganas de re\u00edr y jugar.<\/p>\n<p>18:30 Sala Gran __ Poes\u00edas dispersas. Un espacio donde sacarnos a pasear.<\/p>\n<p>Uun espacio para compartir escritos, pensamientos o alguna poes\u00eda preferida. Un homenaje a Gloria Fuertes y las amigas. Con L\u00eddia C.Abanc\u00f3 y Micro Abierto!<\/p>\n<p>18:30 Patio del PIC__Ritmos de Libertad_Dj Piel Triguena y BaskGyal Selector_<\/p>\n<p>ritmos de libertad<\/p>\n<p>ameniza la velada po\u00e9tica musical<\/p>\n<p>dj piel trigue\u00f1a (jazz furiosx, rhythm and blues, funky, reggae, hip hop)<\/p>\n<p>BaskGyal Selector (Ragga, Dancehall, Afrobeat)<\/p>\n<p>escuchar ver bailar -el que tiene apetezca- por un recorrido musical (y algo m\u00e1s) de ensue\u00f1o<\/p>\n<\/div>\n<\/div>\n<\/div>\n<\/div>\n<\/div>\n<\/div>\n<\/div>\n","protected":false},"excerpt":{"rendered":"<p>La comunidad de estudiantes del Instituto de Trabajo de Procesos organiza esta jornada para dar a conocer el Trabajo de Procesos. Paradigma de trabajo en el mundo que permite ganar conciencia sobre los procesos de los grupo, las relaciones y los conflictos, y as\u00ed favorecer el cambio y la transformaci\u00f3n. El objetivo es que se [&hellip;]<\/p>\n","protected":false},"author":6,"featured_media":3174,"comment_status":"closed","ping_status":"open","sticky":false,"template":"","format":"standard","meta":{"footnotes":""},"categories":[29,36],"tags":[47],"class_list":["post-3172","post","type-post","status-publish","format-standard","has-post-thumbnail","hentry","category-blog","category-noticias","tag-actividades"],"yoast_head":"<!-- This site is optimized with the Yoast SEO plugin v15.4 - https:\/\/yoast.com\/wordpress\/plugins\/seo\/ -->\n<title>3 de junio, La comunidad de estudios del Instituto de Trabajo de Procesos organiza una jornada de trabajo para dar a conocer el Treball de Processos.\u00a0 - Trabajo de Procesos<\/title>\n<meta name=\"robots\" content=\"index, follow, max-snippet:-1, max-image-preview:large, max-video-preview:-1\" \/>\n<link rel=\"canonical\" href=\"https:\/\/www.trabajodeprocesos.net\/es\/3-de-junio-la-comunidad-de-estudios-del-instituto-de-trabajo-de-procesos-de-la-jornada-de-trabajo-para-dar-a-conocer-el-treball-de-processos\/\" \/>\n<meta property=\"og:locale\" content=\"es_ES\" \/>\n<meta property=\"og:type\" content=\"article\" \/>\n<meta property=\"og:title\" content=\"3 de junio, La comunidad de estudios del Instituto de Trabajo de Procesos organiza una jornada de trabajo para dar a conocer el Treball de Processos.\u00a0 - Trabajo de Procesos\" \/>\n<meta property=\"og:description\" content=\"La comunidad de estudiantes del Instituto de Trabajo de Procesos organiza esta jornada para dar a conocer el Trabajo de Procesos. Paradigma de trabajo en el mundo que permite ganar conciencia sobre los procesos de los grupo, las relaciones y los conflictos, y as\u00ed favorecer el cambio y la transformaci\u00f3n. El objetivo es que se [&hellip;]\" \/>\n<meta property=\"og:url\" content=\"https:\/\/www.trabajodeprocesos.net\/es\/3-de-junio-la-comunidad-de-estudios-del-instituto-de-trabajo-de-procesos-de-la-jornada-de-trabajo-para-dar-a-conocer-el-treball-de-processos\/\" \/>\n<meta property=\"og:site_name\" content=\"Trabajo de Procesos\" \/>\n<meta property=\"article:published_time\" content=\"2018-05-28T17:55:35+00:00\" \/>\n<meta property=\"article:modified_time\" content=\"2026-01-13T08:20:18+00:00\" \/>\n<meta property=\"og:image\" content=\"https:\/\/www.trabajodeprocesos.net\/wp-content\/uploads\/2018\/05\/1.jpg\" \/>\n\t<meta property=\"og:image:width\" content=\"900\" \/>\n\t<meta property=\"og:image:height\" content=\"600\" \/>\n<meta name=\"twitter:card\" content=\"summary_large_image\" \/>\n<meta name=\"twitter:label1\" content=\"Escrito por\">\n\t<meta name=\"twitter:data1\" content=\"Admin\">\n\t<meta name=\"twitter:label2\" content=\"Tiempo de lectura\">\n\t<meta name=\"twitter:data2\" content=\"3 minutos\">\n<script type=\"application\/ld+json\" class=\"yoast-schema-graph\">{\"@context\":\"https:\/\/schema.org\",\"@graph\":[{\"@type\":\"WebSite\",\"@id\":\"https:\/\/www.trabajodeprocesos.net\/es\/#website\",\"url\":\"https:\/\/www.trabajodeprocesos.net\/es\/\",\"name\":\"Trabajo de Procesos\",\"description\":\"\",\"potentialAction\":[{\"@type\":\"SearchAction\",\"target\":\"https:\/\/www.trabajodeprocesos.net\/es\/?s={search_term_string}\",\"query-input\":\"required name=search_term_string\"}],\"inLanguage\":\"es\"},{\"@type\":\"ImageObject\",\"@id\":\"https:\/\/www.trabajodeprocesos.net\/es\/3-de-junio-la-comunidad-de-estudios-del-instituto-de-trabajo-de-procesos-de-la-jornada-de-trabajo-para-dar-a-conocer-el-treball-de-processos\/#primaryimage\",\"inLanguage\":\"es\",\"url\":\"https:\/\/www.trabajodeprocesos.net\/wp-content\/uploads\/2018\/05\/1.jpg\",\"width\":900,\"height\":600},{\"@type\":\"WebPage\",\"@id\":\"https:\/\/www.trabajodeprocesos.net\/es\/3-de-junio-la-comunidad-de-estudios-del-instituto-de-trabajo-de-procesos-de-la-jornada-de-trabajo-para-dar-a-conocer-el-treball-de-processos\/#webpage\",\"url\":\"https:\/\/www.trabajodeprocesos.net\/es\/3-de-junio-la-comunidad-de-estudios-del-instituto-de-trabajo-de-procesos-de-la-jornada-de-trabajo-para-dar-a-conocer-el-treball-de-processos\/\",\"name\":\"3 de junio, La comunidad de estudios del Instituto de Trabajo de Procesos organiza una jornada de trabajo para dar a conocer el Treball de Processos.\\u00a0 - Trabajo de Procesos\",\"isPartOf\":{\"@id\":\"https:\/\/www.trabajodeprocesos.net\/es\/#website\"},\"primaryImageOfPage\":{\"@id\":\"https:\/\/www.trabajodeprocesos.net\/es\/3-de-junio-la-comunidad-de-estudios-del-instituto-de-trabajo-de-procesos-de-la-jornada-de-trabajo-para-dar-a-conocer-el-treball-de-processos\/#primaryimage\"},\"datePublished\":\"2018-05-28T17:55:35+00:00\",\"dateModified\":\"2026-01-13T08:20:18+00:00\",\"author\":{\"@id\":\"https:\/\/www.trabajodeprocesos.net\/es\/#\/schema\/person\/f94150c60776078d5e5dff2343cf5d3c\"},\"inLanguage\":\"es\",\"potentialAction\":[{\"@type\":\"ReadAction\",\"target\":[\"https:\/\/www.trabajodeprocesos.net\/es\/3-de-junio-la-comunidad-de-estudios-del-instituto-de-trabajo-de-procesos-de-la-jornada-de-trabajo-para-dar-a-conocer-el-treball-de-processos\/\"]}]},{\"@type\":\"Person\",\"@id\":\"https:\/\/www.trabajodeprocesos.net\/es\/#\/schema\/person\/f94150c60776078d5e5dff2343cf5d3c\",\"name\":\"Admin\",\"image\":{\"@type\":\"ImageObject\",\"@id\":\"https:\/\/www.trabajodeprocesos.net\/es\/#personlogo\",\"inLanguage\":\"es\",\"url\":\"https:\/\/secure.gravatar.com\/avatar\/f1444f2c291341a5e91ff3d721bde7263603974dd051d1bc9f64e3a3ba862485?s=96&d=mm&r=g\",\"caption\":\"Admin\"}}]}<\/script>\n<!-- \/ Yoast SEO plugin. -->","_links":{"self":[{"href":"https:\/\/www.trabajodeprocesos.net\/es\/wp-json\/wp\/v2\/posts\/3172","targetHints":{"allow":["GET"]}}],"collection":[{"href":"https:\/\/www.trabajodeprocesos.net\/es\/wp-json\/wp\/v2\/posts"}],"about":[{"href":"https:\/\/www.trabajodeprocesos.net\/es\/wp-json\/wp\/v2\/types\/post"}],"author":[{"embeddable":true,"href":"https:\/\/www.trabajodeprocesos.net\/es\/wp-json\/wp\/v2\/users\/6"}],"replies":[{"embeddable":true,"href":"https:\/\/www.trabajodeprocesos.net\/es\/wp-json\/wp\/v2\/comments?post=3172"}],"version-history":[{"count":1,"href":"https:\/\/www.trabajodeprocesos.net\/es\/wp-json\/wp\/v2\/posts\/3172\/revisions"}],"predecessor-version":[{"id":23337,"href":"https:\/\/www.trabajodeprocesos.net\/es\/wp-json\/wp\/v2\/posts\/3172\/revisions\/23337"}],"wp:featuredmedia":[{"embeddable":true,"href":"https:\/\/www.trabajodeprocesos.net\/es\/wp-json\/wp\/v2\/media\/3174"}],"wp:attachment":[{"href":"https:\/\/www.trabajodeprocesos.net\/es\/wp-json\/wp\/v2\/media?parent=3172"}],"wp:term":[{"taxonomy":"category","embeddable":true,"href":"https:\/\/www.trabajodeprocesos.net\/es\/wp-json\/wp\/v2\/categories?post=3172"},{"taxonomy":"post_tag","embeddable":true,"href":"https:\/\/www.trabajodeprocesos.net\/es\/wp-json\/wp\/v2\/tags?post=3172"}],"curies":[{"name":"wp","href":"https:\/\/api.w.org\/{rel}","templated":true}]}}