{"id":3147,"date":"2018-05-28T16:02:45","date_gmt":"2018-05-28T14:02:45","guid":{"rendered":"http:\/\/www.trabajodeprocesos.net\/?p=3147"},"modified":"2026-01-13T10:20:19","modified_gmt":"2026-01-13T08:20:19","slug":"inscripciones-abiertas-a-seminario-el-mundo-las-relaciones-y-mucho-mas-8-al-10-junio-2018-en-lakabe-navarra","status":"publish","type":"post","link":"https:\/\/www.trabajodeprocesos.net\/es\/inscripciones-abiertas-a-seminario-el-mundo-las-relaciones-y-mucho-mas-8-al-10-junio-2018-en-lakabe-navarra\/","title":{"rendered":"Inscripciones abiertas a Seminario \u201cEl mundo, las relaciones y mucho m\u00e1s\u201d (8 al 10 junio 2018) en LAKABE, NAVARRA"},"content":{"rendered":"<div class=\"fusion-flexslider flexslider post-slideshow fusion-post-slideshow\">\n<p><a title=\"\" href=\"http:\/\/www.trabajodeprocesos.net\/wp-content\/uploads\/2018\/01\/ABRIMOS-INSCR-1.png\" data-rel=\"iLightbox[gallery2597]\" data-title=\"ABRIMOS INSCR\" data-caption=\"\" aria-label=\"ABRIMOS INSCR\"><img loading=\"lazy\" decoding=\"async\" class=\"attachment-full size-full wp-post-image\" draggable=\"false\" src=\"http:\/\/www.trabajodeprocesos.net\/wp-content\/uploads\/2018\/01\/ABRIMOS-INSCR-1.png\" sizes=\"auto, (max-width: 800px) 100vw, 900px\" srcset=\"http:\/\/www.trabajodeprocesos.net\/wp-content\/uploads\/2018\/01\/ABRIMOS-INSCR-1-200x133.png 200w, http:\/\/www.trabajodeprocesos.net\/wp-content\/uploads\/2018\/01\/ABRIMOS-INSCR-1-400x267.png 400w, http:\/\/www.trabajodeprocesos.net\/wp-content\/uploads\/2018\/01\/ABRIMOS-INSCR-1-600x400.png 600w, http:\/\/www.trabajodeprocesos.net\/wp-content\/uploads\/2018\/01\/ABRIMOS-INSCR-1-800x533.png 800w, http:\/\/www.trabajodeprocesos.net\/wp-content\/uploads\/2018\/01\/ABRIMOS-INSCR-1.png 900w\" alt=\"\" width=\"900\" height=\"600\" \/><\/a><\/p>\n<\/div>\n<div class=\"post-content\">\n<blockquote>\n<h4 style=\"text-align: center;\"><em>Porque, \u00bfqu\u00e9 es el morir, sino entregarse desnudo al viento y fundirse con el sol?<\/em><\/h4>\n<h4 style=\"text-align: center;\">Kahil Gibran<\/h4>\n<\/blockquote>\n<p>El Seminario\u00a0<strong><em><a href=\"http:\/\/www.trabajodeprocesos.net\/wp-content\/uploads\/2018\/01\/TRABAJO-WORLD-BEYOND-Spanish.pdf\">\u201cEl mundo, las relaciones y mucho m\u00e1s\u201d (info en pdf)<\/a>\u00a0<\/em><\/strong>\u00a0tendr\u00e1 lugar del 8 al 10 de junio en\u00a0<a href=\"https:\/\/lakabe.org\/es\/inicio-2\/inicio\/\">Lakabe<\/a>\u00a0y ser\u00e1 a cargo de Gill Emslie y Ana Rhodes y es abierto al p\u00fablico.<\/p>\n<p>El calendario del evento ser\u00e1 el siguiente:<\/p>\n<p>&nbsp;<\/p>\n<p>8-10 Junio:\u00a0 \u00a0SEMINARIO \u2013\u00a0\u201cEl mundo, las relaciones y mucho m\u00e1s\u201d<\/p>\n<p>11-12 Junio:\u00a0 Training days solo para estudiantes<\/p>\n<p>A todos nos mueve a veces la vida; el amor, y finalmente la muerte. Peque\u00f1os momentos cotidianos de asombro, \u00e9xtasis y profunda conexi\u00f3n con nosotros mismos; con los dem\u00e1s y con el mundo natural, nos tocan momentos llenos de significado, gratitud y amor, mientras que otros momentos pueden traer una sensaci\u00f3n de p\u00e9rdida, dolor, entumecimiento, rabia y tristeza. Muchos de nosotros tendemos a desconectarnos de los puntos altos y bajos de estas experiencias y, en cambio, aparecen fuertes influencias en nuestros sue\u00f1os, como s\u00edntomas corporales, y en nuestras relaciones con los dem\u00e1s y el mundo. En nuestro colectivo, estas experiencias incompletas, no expresadas y con frecuencia desagradables, pueden incluso manifestarse como apat\u00eda, conflicto y divisi\u00f3n en la sociedad.<\/p>\n<p><strong>En este programa, nuestro objetivo es:<\/strong><\/p>\n<ul>\n<li><strong>Desarrollar recursos internos que nos sostengan en estos tiempos que nos retan y nos desaf\u00edan.<\/strong><\/li>\n<li><strong>Aprender habilidades que despliegan las experiencias sutiles en nosotros mismos y en los dem\u00e1s.<\/strong><\/li>\n<li><strong>Facilitar las tensiones de relaci\u00f3n que surgen en medio de la intensidad.<\/strong><\/li>\n<li><strong>Reconocer los problemas subyacentes que pueden disminuir la intensidad y concienciar sobre la polarizaci\u00f3n y el conflicto en entornos grupales.<\/strong><\/li>\n<\/ul>\n<p>Nuestro trabajo est\u00e1 basado en el Trabajo de Procesos del Dr. Arnold Mindell, con su marco multidimensional y la filosof\u00eda de la democracia profunda. Este enfoque trans-disciplinario ha incorporado el aprendizaje y el aumento de la conciencia en su esencia m\u00e1s profunda. El enfoque valora los objetivos e intenciones expl\u00edcitos de un individuo o grupo mientras reconoce la sabidur\u00eda escondida dentro de su din\u00e1mica impl\u00edcita. Retos, conflictos, fracasos y contratiempos se transforman en combustible para la transformaci\u00f3n y el crecimiento creativo.<\/p>\n<p>Durante los D\u00edas de entrenamiento, s\u00f3lo para estudiantes de la Escuela, nos centraremos en trabajar con el ciclo de duelo y violencia, con un enfoque espec\u00edfico en temas de violencia dom\u00e9stica y la \u00e9tica, las habilidades y las meta-habilidades necesarias para abordar estas situaciones desde la perspectiva del Trabajo de Procesos. Estos d\u00edas combinar\u00e1n teor\u00eda y supervisi\u00f3n.<\/p>\n<p>Para m\u00e1s informaci\u00f3n por favor escr\u00edbenos a\u00a0<a href=\"mailto:info@trabajodeprocesos.net\">info@trabajodeprocesos.net<\/a><\/p>\n<p><strong>FORMADORAS<\/strong><\/p>\n<p><strong>\u2013 GILL EMSLIE:<\/strong><\/p>\n<p>Gill Emslie, PhD facilitadora Processwork y \u201cworldworker\u201d, enfatiza la profundizaci\u00f3n de la democracia y el cambio social en su trabajo a nivel internacional, centr\u00e1ndose en cuestiones tales como el liderazgo, la justicia social y ambiental, y la facilitaci\u00f3n de conflictos. Es fundadora del Instituto Processwork en Espa\u00f1a.<br \/>\nVive y trabaja en el pueblo ecol\u00f3gico Findhorn (Escocia), una ONG y centro de formaci\u00f3n en sostenibilidad.<\/p>\n<p><strong>-ANA RHODES<\/strong><\/p>\n<p>Consultora del desarrollo individual y organizacional, entrenadora y terapeuta. Desde hace 15 ha estado trabajando en contextos muy diversos a nivel internacional, en contextos ejecutivos, comunidades y NGOs en Escocia, UK, USA, Espa\u00f1a, Italia y Latino Am\u00e9rica. Es parte del equipo de profesorado de la escuela de Arte del Proceso en Italia. Trabaj\u00f3 en colaboraci\u00f3n con el sistema m\u00e9dico y se especializ\u00f3 en Estados Extremos de consciencia as\u00ed como en habilidades de Liderazgo y Elderazgo, Din\u00e1micas Grupales, facilitaci\u00f3n del Conflicto y la Habilidad de seguir el Amor que gu\u00eda nuestros Sue\u00f1os y Anhelos profundos.<\/p>\n<ul>\n<li><strong>INSCRIPCIONES CERRADAS<\/strong><\/li>\n<\/ul>\n<p>&nbsp;<\/p>\n<\/div>\n","protected":false},"excerpt":{"rendered":"<p>Porque, \u00bfqu\u00e9 es el morir, sino entregarse desnudo al viento y fundirse con el sol? Kahil Gibran El Seminario\u00a0\u201cEl mundo, las relaciones y mucho m\u00e1s\u201d (info en pdf)\u00a0\u00a0tendr\u00e1 lugar del 8 al 10 de junio en\u00a0Lakabe\u00a0y ser\u00e1 a cargo de Gill Emslie y Ana Rhodes y es abierto al p\u00fablico. El calendario del evento ser\u00e1 [&hellip;]<\/p>\n","protected":false},"author":6,"featured_media":2967,"comment_status":"closed","ping_status":"open","sticky":false,"template":"","format":"standard","meta":{"footnotes":""},"categories":[29,36],"tags":[54,49],"class_list":["post-3147","post","type-post","status-publish","format-standard","has-post-thumbnail","hentry","category-blog","category-noticias","tag-lakabe-navarra","tag-seminarios"],"yoast_head":"<!-- This site is optimized with the Yoast SEO plugin v15.4 - https:\/\/yoast.com\/wordpress\/plugins\/seo\/ -->\n<title>Inscripciones abiertas a Seminario \u201cEl mundo, las relaciones y mucho m\u00e1s\u201d (8 al 10 junio 2018) en LAKABE, NAVARRA - Trabajo de Procesos<\/title>\n<meta name=\"robots\" content=\"index, follow, max-snippet:-1, max-image-preview:large, max-video-preview:-1\" \/>\n<link rel=\"canonical\" href=\"https:\/\/www.trabajodeprocesos.net\/es\/inscripciones-abiertas-a-seminario-el-mundo-las-relaciones-y-mucho-mas-8-al-10-junio-2018-en-lakabe-navarra\/\" \/>\n<meta property=\"og:locale\" content=\"es_ES\" \/>\n<meta property=\"og:type\" content=\"article\" \/>\n<meta property=\"og:title\" content=\"Inscripciones abiertas a Seminario \u201cEl mundo, las relaciones y mucho m\u00e1s\u201d (8 al 10 junio 2018) en LAKABE, NAVARRA - Trabajo de Procesos\" \/>\n<meta property=\"og:description\" content=\"Porque, \u00bfqu\u00e9 es el morir, sino entregarse desnudo al viento y fundirse con el sol? Kahil Gibran El Seminario\u00a0\u201cEl mundo, las relaciones y mucho m\u00e1s\u201d (info en pdf)\u00a0\u00a0tendr\u00e1 lugar del 8 al 10 de junio en\u00a0Lakabe\u00a0y ser\u00e1 a cargo de Gill Emslie y Ana Rhodes y es abierto al p\u00fablico. El calendario del evento ser\u00e1 [&hellip;]\" \/>\n<meta property=\"og:url\" content=\"https:\/\/www.trabajodeprocesos.net\/es\/inscripciones-abiertas-a-seminario-el-mundo-las-relaciones-y-mucho-mas-8-al-10-junio-2018-en-lakabe-navarra\/\" \/>\n<meta property=\"og:site_name\" content=\"Trabajo de Procesos\" \/>\n<meta property=\"article:published_time\" content=\"2018-05-28T14:02:45+00:00\" \/>\n<meta property=\"article:modified_time\" content=\"2026-01-13T08:20:19+00:00\" \/>\n<meta property=\"og:image\" content=\"https:\/\/www.trabajodeprocesos.net\/wp-content\/uploads\/2018\/01\/ABRIMOS-INSCR-1.png\" \/>\n\t<meta property=\"og:image:width\" content=\"900\" \/>\n\t<meta property=\"og:image:height\" content=\"600\" \/>\n<meta name=\"twitter:card\" content=\"summary_large_image\" \/>\n<meta name=\"twitter:label1\" content=\"Escrito por\">\n\t<meta name=\"twitter:data1\" content=\"Admin\">\n\t<meta name=\"twitter:label2\" content=\"Tiempo de lectura\">\n\t<meta name=\"twitter:data2\" content=\"2 minutos\">\n<script type=\"application\/ld+json\" class=\"yoast-schema-graph\">{\"@context\":\"https:\/\/schema.org\",\"@graph\":[{\"@type\":\"WebSite\",\"@id\":\"https:\/\/www.trabajodeprocesos.net\/es\/#website\",\"url\":\"https:\/\/www.trabajodeprocesos.net\/es\/\",\"name\":\"Trabajo de Procesos\",\"description\":\"\",\"potentialAction\":[{\"@type\":\"SearchAction\",\"target\":\"https:\/\/www.trabajodeprocesos.net\/es\/?s={search_term_string}\",\"query-input\":\"required name=search_term_string\"}],\"inLanguage\":\"es\"},{\"@type\":\"ImageObject\",\"@id\":\"https:\/\/www.trabajodeprocesos.net\/es\/inscripciones-abiertas-a-seminario-el-mundo-las-relaciones-y-mucho-mas-8-al-10-junio-2018-en-lakabe-navarra\/#primaryimage\",\"inLanguage\":\"es\",\"url\":\"https:\/\/www.trabajodeprocesos.net\/wp-content\/uploads\/2018\/01\/ABRIMOS-INSCR-1.png\",\"width\":900,\"height\":600},{\"@type\":\"WebPage\",\"@id\":\"https:\/\/www.trabajodeprocesos.net\/es\/inscripciones-abiertas-a-seminario-el-mundo-las-relaciones-y-mucho-mas-8-al-10-junio-2018-en-lakabe-navarra\/#webpage\",\"url\":\"https:\/\/www.trabajodeprocesos.net\/es\/inscripciones-abiertas-a-seminario-el-mundo-las-relaciones-y-mucho-mas-8-al-10-junio-2018-en-lakabe-navarra\/\",\"name\":\"Inscripciones abiertas a Seminario \\u201cEl mundo, las relaciones y mucho m\\u00e1s\\u201d (8 al 10 junio 2018) en LAKABE, NAVARRA - Trabajo de Procesos\",\"isPartOf\":{\"@id\":\"https:\/\/www.trabajodeprocesos.net\/es\/#website\"},\"primaryImageOfPage\":{\"@id\":\"https:\/\/www.trabajodeprocesos.net\/es\/inscripciones-abiertas-a-seminario-el-mundo-las-relaciones-y-mucho-mas-8-al-10-junio-2018-en-lakabe-navarra\/#primaryimage\"},\"datePublished\":\"2018-05-28T14:02:45+00:00\",\"dateModified\":\"2026-01-13T08:20:19+00:00\",\"author\":{\"@id\":\"https:\/\/www.trabajodeprocesos.net\/es\/#\/schema\/person\/f94150c60776078d5e5dff2343cf5d3c\"},\"inLanguage\":\"es\",\"potentialAction\":[{\"@type\":\"ReadAction\",\"target\":[\"https:\/\/www.trabajodeprocesos.net\/es\/inscripciones-abiertas-a-seminario-el-mundo-las-relaciones-y-mucho-mas-8-al-10-junio-2018-en-lakabe-navarra\/\"]}]},{\"@type\":\"Person\",\"@id\":\"https:\/\/www.trabajodeprocesos.net\/es\/#\/schema\/person\/f94150c60776078d5e5dff2343cf5d3c\",\"name\":\"Admin\",\"image\":{\"@type\":\"ImageObject\",\"@id\":\"https:\/\/www.trabajodeprocesos.net\/es\/#personlogo\",\"inLanguage\":\"es\",\"url\":\"https:\/\/secure.gravatar.com\/avatar\/f1444f2c291341a5e91ff3d721bde7263603974dd051d1bc9f64e3a3ba862485?s=96&d=mm&r=g\",\"caption\":\"Admin\"}}]}<\/script>\n<!-- \/ Yoast SEO plugin. -->","_links":{"self":[{"href":"https:\/\/www.trabajodeprocesos.net\/es\/wp-json\/wp\/v2\/posts\/3147","targetHints":{"allow":["GET"]}}],"collection":[{"href":"https:\/\/www.trabajodeprocesos.net\/es\/wp-json\/wp\/v2\/posts"}],"about":[{"href":"https:\/\/www.trabajodeprocesos.net\/es\/wp-json\/wp\/v2\/types\/post"}],"author":[{"embeddable":true,"href":"https:\/\/www.trabajodeprocesos.net\/es\/wp-json\/wp\/v2\/users\/6"}],"replies":[{"embeddable":true,"href":"https:\/\/www.trabajodeprocesos.net\/es\/wp-json\/wp\/v2\/comments?post=3147"}],"version-history":[{"count":1,"href":"https:\/\/www.trabajodeprocesos.net\/es\/wp-json\/wp\/v2\/posts\/3147\/revisions"}],"predecessor-version":[{"id":23338,"href":"https:\/\/www.trabajodeprocesos.net\/es\/wp-json\/wp\/v2\/posts\/3147\/revisions\/23338"}],"wp:featuredmedia":[{"embeddable":true,"href":"https:\/\/www.trabajodeprocesos.net\/es\/wp-json\/wp\/v2\/media\/2967"}],"wp:attachment":[{"href":"https:\/\/www.trabajodeprocesos.net\/es\/wp-json\/wp\/v2\/media?parent=3147"}],"wp:term":[{"taxonomy":"category","embeddable":true,"href":"https:\/\/www.trabajodeprocesos.net\/es\/wp-json\/wp\/v2\/categories?post=3147"},{"taxonomy":"post_tag","embeddable":true,"href":"https:\/\/www.trabajodeprocesos.net\/es\/wp-json\/wp\/v2\/tags?post=3147"}],"curies":[{"name":"wp","href":"https:\/\/api.w.org\/{rel}","templated":true}]}}