{"id":3100,"date":"2018-05-21T17:13:12","date_gmt":"2018-05-21T15:13:12","guid":{"rendered":"http:\/\/www.trabajodeprocesos.net\/?p=3100"},"modified":"2026-01-13T10:20:19","modified_gmt":"2026-01-13T08:20:19","slug":"nos-adaptamos-a-la-nueva-ley-de-proteccion-de-datos","status":"publish","type":"post","link":"https:\/\/www.trabajodeprocesos.net\/es\/nos-adaptamos-a-la-nueva-ley-de-proteccion-de-datos\/","title":{"rendered":"Nos adaptamos a la nueva ley de protecci\u00f3n de datos"},"content":{"rendered":"<p>Nos adaptamos a la nueva normativa europea de protecci\u00f3n de datos: una buena noticia<\/p>\n<p>En los \u00faltimos d\u00edas habr\u00e1s o\u00eddo hablar de la nueva normativa europea de protecci\u00f3n de datos (GDPR) que comenzar\u00e1 a aplicarse el pr\u00f3ximo 25 de mayo.<\/p>\n<p>Este cambio es una buena noticia para todos. La nueva normativa incrementa las garant\u00edas en el tratamiento de tus datos e introduce nuevas formas de protecci\u00f3n como el derecho al olvido o el derecho a compartir tus datos personales. Medidas que refuerzan tu capacidad de controlar la informaci\u00f3n que compartes con terceros.<\/p>\n<p>&nbsp;<\/p>\n<p>Desde el Instituto estamos haciendo todo lo posible para adaptarnos a la nueva<a href=\"http:\/\/www.trabajodeprocesos.net\/proteccion-de-datos\/\">\u00a0Ley de Protecci\u00f3n de Datos.<\/a><\/p>\n<p>&nbsp;<\/p>\n<p>&nbsp;<\/p>\n<p>&nbsp;<\/p>\n<p>&nbsp;<\/p>\n","protected":false},"excerpt":{"rendered":"<p>Nos adaptamos a la nueva normativa europea de protecci\u00f3n de datos: una buena noticia En los \u00faltimos d\u00edas habr\u00e1s o\u00eddo hablar de la nueva normativa europea de protecci\u00f3n de datos (GDPR) que comenzar\u00e1 a aplicarse el pr\u00f3ximo 25 de mayo. Este cambio es una buena noticia para todos. La nueva normativa incrementa las garant\u00edas en [&hellip;]<\/p>\n","protected":false},"author":6,"featured_media":3106,"comment_status":"closed","ping_status":"open","sticky":false,"template":"","format":"standard","meta":{"footnotes":""},"categories":[29,36],"tags":[],"class_list":["post-3100","post","type-post","status-publish","format-standard","has-post-thumbnail","hentry","category-blog","category-noticias"],"yoast_head":"<!-- This site is optimized with the Yoast SEO plugin v15.4 - https:\/\/yoast.com\/wordpress\/plugins\/seo\/ -->\n<title>Nos adaptamos a la nueva ley de protecci\u00f3n de datos - Trabajo de Procesos<\/title>\n<meta name=\"robots\" content=\"index, follow, max-snippet:-1, max-image-preview:large, max-video-preview:-1\" \/>\n<link rel=\"canonical\" href=\"https:\/\/www.trabajodeprocesos.net\/es\/nos-adaptamos-a-la-nueva-ley-de-proteccion-de-datos\/\" \/>\n<meta property=\"og:locale\" content=\"es_ES\" \/>\n<meta property=\"og:type\" content=\"article\" \/>\n<meta property=\"og:title\" content=\"Nos adaptamos a la nueva ley de protecci\u00f3n de datos - Trabajo de Procesos\" \/>\n<meta property=\"og:description\" content=\"Nos adaptamos a la nueva normativa europea de protecci\u00f3n de datos: una buena noticia En los \u00faltimos d\u00edas habr\u00e1s o\u00eddo hablar de la nueva normativa europea de protecci\u00f3n de datos (GDPR) que comenzar\u00e1 a aplicarse el pr\u00f3ximo 25 de mayo. Este cambio es una buena noticia para todos. La nueva normativa incrementa las garant\u00edas en [&hellip;]\" \/>\n<meta property=\"og:url\" content=\"https:\/\/www.trabajodeprocesos.net\/es\/nos-adaptamos-a-la-nueva-ley-de-proteccion-de-datos\/\" \/>\n<meta property=\"og:site_name\" content=\"Trabajo de Procesos\" \/>\n<meta property=\"article:published_time\" content=\"2018-05-21T15:13:12+00:00\" \/>\n<meta property=\"article:modified_time\" content=\"2026-01-13T08:20:19+00:00\" \/>\n<meta property=\"og:image\" content=\"https:\/\/www.trabajodeprocesos.net\/wp-content\/uploads\/2018\/05\/ley.jpg\" \/>\n\t<meta property=\"og:image:width\" content=\"600\" \/>\n\t<meta property=\"og:image:height\" content=\"398\" \/>\n<meta name=\"twitter:card\" content=\"summary_large_image\" \/>\n<meta name=\"twitter:label1\" content=\"Escrito por\">\n\t<meta name=\"twitter:data1\" content=\"Admin\">\n\t<meta name=\"twitter:label2\" content=\"Tiempo de lectura\">\n\t<meta name=\"twitter:data2\" content=\"0 minutos\">\n<script type=\"application\/ld+json\" class=\"yoast-schema-graph\">{\"@context\":\"https:\/\/schema.org\",\"@graph\":[{\"@type\":\"WebSite\",\"@id\":\"https:\/\/www.trabajodeprocesos.net\/es\/#website\",\"url\":\"https:\/\/www.trabajodeprocesos.net\/es\/\",\"name\":\"Trabajo de Procesos\",\"description\":\"\",\"potentialAction\":[{\"@type\":\"SearchAction\",\"target\":\"https:\/\/www.trabajodeprocesos.net\/es\/?s={search_term_string}\",\"query-input\":\"required name=search_term_string\"}],\"inLanguage\":\"es\"},{\"@type\":\"ImageObject\",\"@id\":\"https:\/\/www.trabajodeprocesos.net\/es\/nos-adaptamos-a-la-nueva-ley-de-proteccion-de-datos\/#primaryimage\",\"inLanguage\":\"es\",\"url\":\"https:\/\/www.trabajodeprocesos.net\/wp-content\/uploads\/2018\/05\/ley.jpg\",\"width\":600,\"height\":398},{\"@type\":\"WebPage\",\"@id\":\"https:\/\/www.trabajodeprocesos.net\/es\/nos-adaptamos-a-la-nueva-ley-de-proteccion-de-datos\/#webpage\",\"url\":\"https:\/\/www.trabajodeprocesos.net\/es\/nos-adaptamos-a-la-nueva-ley-de-proteccion-de-datos\/\",\"name\":\"Nos adaptamos a la nueva ley de protecci\\u00f3n de datos - Trabajo de Procesos\",\"isPartOf\":{\"@id\":\"https:\/\/www.trabajodeprocesos.net\/es\/#website\"},\"primaryImageOfPage\":{\"@id\":\"https:\/\/www.trabajodeprocesos.net\/es\/nos-adaptamos-a-la-nueva-ley-de-proteccion-de-datos\/#primaryimage\"},\"datePublished\":\"2018-05-21T15:13:12+00:00\",\"dateModified\":\"2026-01-13T08:20:19+00:00\",\"author\":{\"@id\":\"https:\/\/www.trabajodeprocesos.net\/es\/#\/schema\/person\/f94150c60776078d5e5dff2343cf5d3c\"},\"inLanguage\":\"es\",\"potentialAction\":[{\"@type\":\"ReadAction\",\"target\":[\"https:\/\/www.trabajodeprocesos.net\/es\/nos-adaptamos-a-la-nueva-ley-de-proteccion-de-datos\/\"]}]},{\"@type\":\"Person\",\"@id\":\"https:\/\/www.trabajodeprocesos.net\/es\/#\/schema\/person\/f94150c60776078d5e5dff2343cf5d3c\",\"name\":\"Admin\",\"image\":{\"@type\":\"ImageObject\",\"@id\":\"https:\/\/www.trabajodeprocesos.net\/es\/#personlogo\",\"inLanguage\":\"es\",\"url\":\"https:\/\/secure.gravatar.com\/avatar\/f1444f2c291341a5e91ff3d721bde7263603974dd051d1bc9f64e3a3ba862485?s=96&d=mm&r=g\",\"caption\":\"Admin\"}}]}<\/script>\n<!-- \/ Yoast SEO plugin. -->","_links":{"self":[{"href":"https:\/\/www.trabajodeprocesos.net\/es\/wp-json\/wp\/v2\/posts\/3100","targetHints":{"allow":["GET"]}}],"collection":[{"href":"https:\/\/www.trabajodeprocesos.net\/es\/wp-json\/wp\/v2\/posts"}],"about":[{"href":"https:\/\/www.trabajodeprocesos.net\/es\/wp-json\/wp\/v2\/types\/post"}],"author":[{"embeddable":true,"href":"https:\/\/www.trabajodeprocesos.net\/es\/wp-json\/wp\/v2\/users\/6"}],"replies":[{"embeddable":true,"href":"https:\/\/www.trabajodeprocesos.net\/es\/wp-json\/wp\/v2\/comments?post=3100"}],"version-history":[{"count":1,"href":"https:\/\/www.trabajodeprocesos.net\/es\/wp-json\/wp\/v2\/posts\/3100\/revisions"}],"predecessor-version":[{"id":23339,"href":"https:\/\/www.trabajodeprocesos.net\/es\/wp-json\/wp\/v2\/posts\/3100\/revisions\/23339"}],"wp:featuredmedia":[{"embeddable":true,"href":"https:\/\/www.trabajodeprocesos.net\/es\/wp-json\/wp\/v2\/media\/3106"}],"wp:attachment":[{"href":"https:\/\/www.trabajodeprocesos.net\/es\/wp-json\/wp\/v2\/media?parent=3100"}],"wp:term":[{"taxonomy":"category","embeddable":true,"href":"https:\/\/www.trabajodeprocesos.net\/es\/wp-json\/wp\/v2\/categories?post=3100"},{"taxonomy":"post_tag","embeddable":true,"href":"https:\/\/www.trabajodeprocesos.net\/es\/wp-json\/wp\/v2\/tags?post=3100"}],"curies":[{"name":"wp","href":"https:\/\/api.w.org\/{rel}","templated":true}]}}