{"id":17659,"date":"2023-07-18T13:00:50","date_gmt":"2023-07-18T11:00:50","guid":{"rendered":"http:\/\/www.trabajodeprocesos.net\/?p=17659"},"modified":"2026-01-13T10:18:41","modified_gmt":"2026-01-13T08:18:41","slug":"dojo-de-supervision","status":"publish","type":"post","link":"https:\/\/www.trabajodeprocesos.net\/es\/dojo-de-supervision\/","title":{"rendered":"Experiencias del Dojo de supervisi\u00f3n"},"content":{"rendered":"\n<p>Las diversas vivencias que tienen lugar en un Dojo a veces pueden ser dif\u00edciles de transmitir. Sin embargo, tres personas participantes han querido resumir sus sentires tras este encuentro y as\u00ed poder llegar a m\u00e1s personas interesadas en el <a href=\"https:\/\/www.trabajodeprocesos.net\/es\/trabajo-de-procesos\/\">trabajo de procesos<\/a>.  <\/p>\n\n\n\n<p>Tras cuatro d\u00edas de encuentro en <a href=\"http:\/\/www.lakabe.org\">Lakabe<\/a> (Navarra), recogimos algunos testimonios de las vivencias compartidas de una estudiante de primer a\u00f1o (L.), una estudiante de nivel avanzado (A.) y una profesora (Neus Andreu Monsech). <\/p>\n\n\n\n<p>Esto nos contaba L. sobre c\u00f3mo hab\u00eda sido para ella sumergirse en el Dojo:<\/p>\n\n\n\n<p><em>\u00abMe fui de Lakabe, sinti\u00e9ndome m\u00e1s, m\u00e1s consciente de qui\u00e9n soy, que busco, que quiero\u2026<br><br>Los d\u00edas en la comunidad, me ayudaron a comprender desde mi cuerpo, desde la experiencia, qu\u00e9 es el trabajo de procesos. Como personita de a\u00f1o base, ha sido mi segundo Dojo. La propuesta de Lakabe, fue una puerta de entrar para profundizar en esta metodolog\u00eda, acompa\u00f1ada con sumo respeto y cuidado.<br>Para m\u00ed, un regalo poder adentrarse en este trabajo de crecimiento personal y colectivo, en un entorno c\u00f3mo el de Lakabe. Rodeades de bosques de encinas, de cerdos, gallinas, ovejas y vacas pastoreando. De \u00e1rboles frutales, plantas arom\u00e1ticas y flores diversas que acompa\u00f1an a bellas casas de piedra y madera. Cobijo de personas -comunidad- que atienden a diario su entorno. Entorno que me sostuvo tambi\u00e9n en mis propios procesos.<\/em><\/p>\n\n\n\n<p><em>Durante cinco d\u00edas me sent\u00ed parte de una bella comunidad, es decir, cuidada y cuidando. Dando y recibiendo de todo un grupo de personas, a\u00fan poco conocidas, y aun as\u00ed entregadas a un mismo objetivo. Un colectivo que se interroga, se mira y mira a las otres con curiosidad y ganas de cruzar l\u00edmites, internos y externos, que aveces nos separan.<br><br>Una experiencia de cinco d\u00edas que sigue acompa\u00f1\u00e1ndome. Me siento ahora m\u00e1s parte de este tejido de TP. Una red que me da ox\u00edgeno para seguir adelante atendiendo mis diversas voces y a todas las partes que me conflict\u00faan de mi d\u00eda a d\u00eda social.<\/em>\u00ab<\/p>\n\n\n\n<figure class=\"wp-block-gallery aligncenter columns-1 is-cropped wp-block-gallery-1 is-layout-flex wp-block-gallery-is-layout-flex\"><ul class=\"blocks-gallery-grid\"><li class=\"blocks-gallery-item\"><figure><img loading=\"lazy\" decoding=\"async\" width=\"1024\" height=\"768\" src=\"https:\/\/www.trabajodeprocesos.net\/wp-content\/uploads\/2023\/07\/photo_2023-07-06_10-31-29-1024x768.jpg\" alt=\"\" data-id=\"17663\" data-full-url=\"https:\/\/www.trabajodeprocesos.net\/wp-content\/uploads\/2023\/07\/photo_2023-07-06_10-31-29.jpg\" data-link=\"https:\/\/www.trabajodeprocesos.net\/?attachment_id=17663\" class=\"wp-image-17663\" srcset=\"https:\/\/www.trabajodeprocesos.net\/wp-content\/uploads\/2023\/07\/photo_2023-07-06_10-31-29-1024x768.jpg 1024w, https:\/\/www.trabajodeprocesos.net\/wp-content\/uploads\/2023\/07\/photo_2023-07-06_10-31-29-300x225.jpg 300w, https:\/\/www.trabajodeprocesos.net\/wp-content\/uploads\/2023\/07\/photo_2023-07-06_10-31-29-768x576.jpg 768w, https:\/\/www.trabajodeprocesos.net\/wp-content\/uploads\/2023\/07\/photo_2023-07-06_10-31-29.jpg 1280w\" sizes=\"auto, (max-width: 1024px) 100vw, 1024px\" \/><\/figure><\/li><\/ul><\/figure>\n\n\n\n<p>Por su parte A. escribi\u00f3 sus reflexiones de la siguiente manera: <\/p>\n\n\n\n<p>\u00ab<em>Desde que los Dojos en la escuela se han vuelto obligatorios, y el Dojo de Supervisi\u00f3n es residencial en la escuela, que siento que este espacio contiene dos de mis memorias favoritas en mi paso por la formaci\u00f3n: mi primer contacto con la comunidad, que fue en un seminario residencial, y mi salida del armario, casi un a\u00f1o m\u00e1s tarde, cuando super\u00e9 mis l\u00edmites de ser la estudiante m\u00e1s joven e inexperta del grupo.<\/em><\/p>\n\n\n\n<p><em><strong>La supervisi\u00f3n es un espacio de pr\u00e1ctica. <\/strong>Nos confronta con nosotras mismas y nuestro proceso de aprendizaje, y en este Dojo lo hacemos grupalmente, favoreciendo la reverberaci\u00f3n de todos los procesos de aprendizaje presentes en la sala. Aprendemos juntas de los procesos de nuestras compa\u00f1eras que se prestan de clientas de facilitaci\u00f3n individual, relacional o grupal; aprendemos juntas de la creatividad de la facilitadora y sus metahabilidades; y aprendemos juntas del incre\u00edble conocimiento de nuestras formadoras, que a su vez aprenden con nosotras.\u00a0<\/em><\/p>\n\n\n\n<p><em>La intensidad de los d\u00edas que pasamos juntas en Lakabe, como comunidad, fortalecen los lazos entre nosotras, de <strong>apoyo mutuo <\/strong>y solidaridad en el largo camino de convertirnos en diplomadas de Trabajo de Procesos. A veces, la gente no entiende nuestro compromiso kilom\u00e9trico con esta metodolog\u00eda, que a su vez es una filosof\u00eda y una pr\u00e1ctica de vida. Y estos espacios de reconocernos en este mismo viaje son imprescindibles para, incluso, re\u00edrnos de nosotras mismas mientras apreciamos el incre\u00edble privilegio que es formar parte de esta comunidad.<\/em>\u00ab<\/p>\n\n\n\n<p>Y finamente Neus, profesora del Instituto, nos regala estas palabras sobre sus vivencias:<\/p>\n\n\n\n<p>\u00ab<em>Es dif\u00edcil de describir y explicar el proceso de aprendizaje que s\u00e9 da en un marco como el Dojo de supervisi\u00f3n. Es dif\u00edcil de explicar porqu\u00e9 el aprendizaje s\u00e9 da en muchas direcciones y a muchos niveles. En muchas direcciones porqu\u00e9 la sabidur\u00eda es algo que una comunidad comparte y que no est\u00e1 s\u00f3lo en manos de algunas, y a muchos niveles porque a la vez que aprendemos las t\u00e9cnicas y actitudes propias del Trabajo de Procesos, tambi\u00e9n aprendemos sobre nosotras mismas, de nuestro propio proceso de desarrollo y del de nuestras relaciones y comunidad. Todo esto, al menos, y de forma intensiva es lo que cocinamos en el Dojo. <strong>Salimos <\/strong>sin duda, <strong>todes<\/strong>, estudiantes y profesoras <strong>m\u00e1s conscientes y algo m\u00e1s conocedoras de lo que sabemos y lo que nos falta por aprender.<\/strong><\/em><\/p>\n\n\n\n<p><em>La maravilla y el reto del Trabajo de procesos es que a base de aprender&nbsp;a separar el grano de la paja avanzamos en saber c\u00f3mo tomar consciencia de los procesos que vivimos individual&nbsp;y colectivamente. Definimos el proceso c\u00f3mo el flujo de cambio constante que es la vida&#8230; y entendemos que en \u00e9l conviven aspectos m\u00e1s conocidos de nuestra identidad, otros menos o totalmente desconocidos y los l\u00edmites que estructuran lo m\u00e1s conocido de lo menos&#8230; y la tarea es b\u00e1sicamente aportar consciencia (y abrazar) a todos los aspectos que configuran el proceso, que a veces est\u00e1n&nbsp;en fuerte tensi\u00f3n. Lo hacemos a trav\u00e9s de seguir el feedback y de tener en cuenta no solamente aspectos psicol\u00f3gicos, sino tambi\u00e9n aquellos espirituales y sociales que configuran nuestras identidades. No \u00abcreamos nada\u00bb de eso se encarga la naturaleza, aprendemos a seguir el cambio que ya est\u00e1 aqu\u00ed poni\u00e9ndole luz y consciencia para que sea m\u00e1s cierto, m\u00e1s \u00fatil, m\u00e1s liberador.&nbsp;<\/em><\/p>\n\n\n\n<p><em>En el mundo que vivimos hacen falta personas y comunidades interesadas en el todo, capaces a aprender a trabajar con la diferencia, la diversidad, la tensi\u00f3n (interna y externa) y el conflicto de una forma que vaya m\u00e1s all\u00e1 de las din\u00e1micas de guerra. No se trata de entrar en el&nbsp; todo vale, pero&nbsp;s\u00ed de aprender a relacionarnos con la totalidad de los procesos que tenemos individualmente y como sociedad encima de la mesa. \u00c9sta, entiendo que es una de las claves&nbsp; para seguir construyendo sostenibilidad en el mundo que nos rodea y dentro de nosotras mismas.<\/em><\/p>\n\n\n\n<p><em>Me fui de Lakabe con un poco m\u00e1s de <strong>esperanza en la capacidad de crear <\/strong>mundos distintos que tenemos las humanas, tambi\u00e9n consciente del camino que queda por recorrer y con el canal de aprendizaje abierto para seguir aprendiendo mientras ofrezco mis saberes como profesora y supervisora de la Escuela.<\/em>\u00ab<\/p>\n\n\n\n<p><strong>Si te interesa informarte sobre las pr\u00f3ximas formaciones, escribe tu consulta a <a href=\"coordinacion@trabajodeprocesos.net\">coordinacion@trabajodeprocesos.net <\/a><\/strong><\/p>\n","protected":false},"excerpt":{"rendered":"<p>Las diversas vivencias que tienen lugar en un Dojo a veces pueden ser dif\u00edciles de transmitir. Sin embargo, tres personas participantes han querido resumir sus sentires tras este encuentro y as\u00ed poder llegar a m\u00e1s personas interesadas en el trabajo de procesos.  <\/p>\n","protected":false},"author":6,"featured_media":17660,"comment_status":"closed","ping_status":"closed","sticky":false,"template":"","format":"standard","meta":{"footnotes":""},"categories":[1],"tags":[91,164,163,165],"class_list":["post-17659","post","type-post","status-publish","format-standard","has-post-thumbnail","hentry","category-general","tag-trabajodeprocesos","tag-164","tag-dojo","tag-lakabe"],"yoast_head":"<!-- This site is optimized with the Yoast SEO plugin v15.4 - https:\/\/yoast.com\/wordpress\/plugins\/seo\/ -->\n<title>Experiencias del Dojo de supervisi\u00f3n - Trabajo de Procesos<\/title>\n<meta name=\"description\" content=\"Las diversas vivencias que tienen lugar en un Dojo a veces pueden ser dif\u00edciles de transmitir. Sin embargo, tres personas participantes han querido resumir sus sentires tras este encuentro y as\u00ed poder llegar a m\u00e1s personas interesadas en el trabajo de procesos.\" \/>\n<meta name=\"robots\" content=\"index, follow, max-snippet:-1, max-image-preview:large, max-video-preview:-1\" \/>\n<link rel=\"canonical\" href=\"https:\/\/www.trabajodeprocesos.net\/es\/dojo-de-supervision\/\" \/>\n<meta property=\"og:locale\" content=\"es_ES\" \/>\n<meta property=\"og:type\" content=\"article\" \/>\n<meta property=\"og:title\" content=\"Experiencias del Dojo de supervisi\u00f3n - Trabajo de Procesos\" \/>\n<meta property=\"og:description\" content=\"Las diversas vivencias que tienen lugar en un Dojo a veces pueden ser dif\u00edciles de transmitir. Sin embargo, tres personas participantes han querido resumir sus sentires tras este encuentro y as\u00ed poder llegar a m\u00e1s personas interesadas en el trabajo de procesos.\" \/>\n<meta property=\"og:url\" content=\"https:\/\/www.trabajodeprocesos.net\/es\/dojo-de-supervision\/\" \/>\n<meta property=\"og:site_name\" content=\"Trabajo de Procesos\" \/>\n<meta property=\"article:published_time\" content=\"2023-07-18T11:00:50+00:00\" \/>\n<meta property=\"article:modified_time\" content=\"2026-01-13T08:18:41+00:00\" \/>\n<meta property=\"og:image\" content=\"https:\/\/www.trabajodeprocesos.net\/wp-content\/uploads\/2023\/07\/WhatsApp-Image-2023-07-17-at-20.09.21.jpeg\" \/>\n\t<meta property=\"og:image:width\" content=\"1600\" \/>\n\t<meta property=\"og:image:height\" content=\"1170\" \/>\n<meta name=\"twitter:card\" content=\"summary_large_image\" \/>\n<meta name=\"twitter:label1\" content=\"Escrito por\">\n\t<meta name=\"twitter:data1\" content=\"Admin\">\n\t<meta name=\"twitter:label2\" content=\"Tiempo de lectura\">\n\t<meta name=\"twitter:data2\" content=\"5 minutos\">\n<script type=\"application\/ld+json\" class=\"yoast-schema-graph\">{\"@context\":\"https:\/\/schema.org\",\"@graph\":[{\"@type\":\"WebSite\",\"@id\":\"https:\/\/www.trabajodeprocesos.net\/es\/#website\",\"url\":\"https:\/\/www.trabajodeprocesos.net\/es\/\",\"name\":\"Trabajo de Procesos\",\"description\":\"\",\"potentialAction\":[{\"@type\":\"SearchAction\",\"target\":\"https:\/\/www.trabajodeprocesos.net\/es\/?s={search_term_string}\",\"query-input\":\"required name=search_term_string\"}],\"inLanguage\":\"es\"},{\"@type\":\"ImageObject\",\"@id\":\"https:\/\/www.trabajodeprocesos.net\/es\/dojo-de-supervision\/#primaryimage\",\"inLanguage\":\"es\",\"url\":\"https:\/\/www.trabajodeprocesos.net\/wp-content\/uploads\/2023\/07\/WhatsApp-Image-2023-07-17-at-20.09.21.jpeg\",\"width\":1600,\"height\":1170,\"caption\":\"dojo process work lakabe 2023\"},{\"@type\":\"WebPage\",\"@id\":\"https:\/\/www.trabajodeprocesos.net\/es\/dojo-de-supervision\/#webpage\",\"url\":\"https:\/\/www.trabajodeprocesos.net\/es\/dojo-de-supervision\/\",\"name\":\"Experiencias del Dojo de supervisi\\u00f3n - Trabajo de Procesos\",\"isPartOf\":{\"@id\":\"https:\/\/www.trabajodeprocesos.net\/es\/#website\"},\"primaryImageOfPage\":{\"@id\":\"https:\/\/www.trabajodeprocesos.net\/es\/dojo-de-supervision\/#primaryimage\"},\"datePublished\":\"2023-07-18T11:00:50+00:00\",\"dateModified\":\"2026-01-13T08:18:41+00:00\",\"author\":{\"@id\":\"https:\/\/www.trabajodeprocesos.net\/es\/#\/schema\/person\/f94150c60776078d5e5dff2343cf5d3c\"},\"description\":\"Las diversas vivencias que tienen lugar en un Dojo a veces pueden ser dif\\u00edciles de transmitir. Sin embargo, tres personas participantes han querido resumir sus sentires tras este encuentro y as\\u00ed poder llegar a m\\u00e1s personas interesadas en el trabajo de procesos.\",\"inLanguage\":\"es\",\"potentialAction\":[{\"@type\":\"ReadAction\",\"target\":[\"https:\/\/www.trabajodeprocesos.net\/es\/dojo-de-supervision\/\"]}]},{\"@type\":\"Person\",\"@id\":\"https:\/\/www.trabajodeprocesos.net\/es\/#\/schema\/person\/f94150c60776078d5e5dff2343cf5d3c\",\"name\":\"Admin\",\"image\":{\"@type\":\"ImageObject\",\"@id\":\"https:\/\/www.trabajodeprocesos.net\/es\/#personlogo\",\"inLanguage\":\"es\",\"url\":\"https:\/\/secure.gravatar.com\/avatar\/f1444f2c291341a5e91ff3d721bde7263603974dd051d1bc9f64e3a3ba862485?s=96&d=mm&r=g\",\"caption\":\"Admin\"}}]}<\/script>\n<!-- \/ Yoast SEO plugin. -->","_links":{"self":[{"href":"https:\/\/www.trabajodeprocesos.net\/es\/wp-json\/wp\/v2\/posts\/17659","targetHints":{"allow":["GET"]}}],"collection":[{"href":"https:\/\/www.trabajodeprocesos.net\/es\/wp-json\/wp\/v2\/posts"}],"about":[{"href":"https:\/\/www.trabajodeprocesos.net\/es\/wp-json\/wp\/v2\/types\/post"}],"author":[{"embeddable":true,"href":"https:\/\/www.trabajodeprocesos.net\/es\/wp-json\/wp\/v2\/users\/6"}],"replies":[{"embeddable":true,"href":"https:\/\/www.trabajodeprocesos.net\/es\/wp-json\/wp\/v2\/comments?post=17659"}],"version-history":[{"count":4,"href":"https:\/\/www.trabajodeprocesos.net\/es\/wp-json\/wp\/v2\/posts\/17659\/revisions"}],"predecessor-version":[{"id":17669,"href":"https:\/\/www.trabajodeprocesos.net\/es\/wp-json\/wp\/v2\/posts\/17659\/revisions\/17669"}],"wp:featuredmedia":[{"embeddable":true,"href":"https:\/\/www.trabajodeprocesos.net\/es\/wp-json\/wp\/v2\/media\/17660"}],"wp:attachment":[{"href":"https:\/\/www.trabajodeprocesos.net\/es\/wp-json\/wp\/v2\/media?parent=17659"}],"wp:term":[{"taxonomy":"category","embeddable":true,"href":"https:\/\/www.trabajodeprocesos.net\/es\/wp-json\/wp\/v2\/categories?post=17659"},{"taxonomy":"post_tag","embeddable":true,"href":"https:\/\/www.trabajodeprocesos.net\/es\/wp-json\/wp\/v2\/tags?post=17659"}],"curies":[{"name":"wp","href":"https:\/\/api.w.org\/{rel}","templated":true}]}}