{"id":1542,"date":"2018-01-17T18:17:07","date_gmt":"2018-01-17T17:17:07","guid":{"rendered":"http:\/\/www.trabajodeprocesos.net\/?p=1542"},"modified":"2026-01-13T10:20:19","modified_gmt":"2026-01-13T08:20:19","slug":"nueva-web-instituto-trabajo-procesos","status":"publish","type":"post","link":"https:\/\/www.trabajodeprocesos.net\/es\/nueva-web-instituto-trabajo-procesos\/","title":{"rendered":"Os presentamos la nueva web del Instituto de Trabajo de Procesos"},"content":{"rendered":"<p>Os presentamos <strong>la nueva web del Instituto Trabajo de Procesos y Democracia Profunda<\/strong> con un dise\u00f1o m\u00e1s moderno pero sobretodo con acceso mejorado a toda la informaci\u00f3n a trav\u00e9s de un nuevo men\u00fa, con m\u00e1s noticias, con m\u00e1s f\u00e1cil la consulta de <a href=\"http:\/\/www.trabajodeprocesos.net\/todos-los-eventos\/\">eventos p\u00fablicos y de eventos para estudiantes<\/a>, y adem\u00e1s una p\u00e1gina espec\u00edfica para <a href=\"http:\/\/www.trabajodeprocesos.net\/la-escuela\/\">La Escuela<\/a>.<\/p>\n<p>La web est\u00e1 disponible tambi\u00e9n en catal\u00e1n e ingl\u00e9s, sobretodo la informaci\u00f3n est\u00e1tica del Instituto y la formaci\u00f3n de Diploma.<\/p>\n<p>Ha sido un largo proceso, como suele pasar con muchas otras webs y proyectos, pero hemos aprendido mucho en el\u00a0 en el camino.<\/p>\n<p>Gracias a todo el equipo del Instituto que ha trabajado muy duro durante muchos meses para llegar a esta fant\u00e1stica nueva web, \u00a1sois fant\u00e1sticas!<\/p>\n<p>Tambi\u00e9n queremos dar las gracias a la empresa <a href=\"http:\/\/www.noez.org\">Noez<\/a> por todo su trabajo al desarrollar esta nueva web.<\/p>\n<p>Os invitamos a entrar y a miraros la web con mucho cari\u00f1o, que es como la hemos hecho&#8230;\u00a1GRACIAS!<\/p>\n<p><a href=\"http:\/\/www.trabajodeprocesos.net\/wp-content\/uploads\/2017\/08\/Atenci\u00f3-Tenim-nou-web_-www.trabajodeprocesos.net_.png\"><img loading=\"lazy\" decoding=\"async\" class=\"size-full wp-image-2527 aligncenter\" src=\"http:\/\/www.trabajodeprocesos.net\/wp-content\/uploads\/2017\/08\/Atenci\u00f3-Tenim-nou-web_-www.trabajodeprocesos.net_.png\" alt=\"\" width=\"600\" height=\"600\" srcset=\"https:\/\/www.trabajodeprocesos.net\/wp-content\/uploads\/2017\/08\/Atenci\u00f3-Tenim-nou-web_-www.trabajodeprocesos.net_.png 600w, https:\/\/www.trabajodeprocesos.net\/wp-content\/uploads\/2017\/08\/Atenci\u00f3-Tenim-nou-web_-www.trabajodeprocesos.net_-300x300.png 300w, https:\/\/www.trabajodeprocesos.net\/wp-content\/uploads\/2017\/08\/Atenci\u00f3-Tenim-nou-web_-www.trabajodeprocesos.net_-150x150.png 150w\" sizes=\"auto, (max-width: 600px) 100vw, 600px\" \/><\/a><\/p>\n<p>&nbsp;<\/p>\n<p>\u00a1Seguimos!<\/p>\n","protected":false},"excerpt":{"rendered":"<p>Os presentamos la nueva web del Instituto Trabajo de Procesos y Democracia Profunda con un dise\u00f1o m\u00e1s moderno pero sobretodo con acceso mejorado a toda la informaci\u00f3n a trav\u00e9s de un nuevo men\u00fa, con m\u00e1s noticias, con m\u00e1s f\u00e1cil la consulta de eventos p\u00fablicos y de eventos para estudiantes, y adem\u00e1s una p\u00e1gina espec\u00edfica para [&hellip;]<\/p>\n","protected":false},"author":6,"featured_media":2533,"comment_status":"closed","ping_status":"open","sticky":false,"template":"","format":"standard","meta":{"footnotes":""},"categories":[29,36],"tags":[42,43,44],"class_list":["post-1542","post","type-post","status-publish","format-standard","has-post-thumbnail","hentry","category-blog","category-noticias","tag-42","tag-nueva-web","tag-proyectos"],"yoast_head":"<!-- This site is optimized with the Yoast SEO plugin v15.4 - https:\/\/yoast.com\/wordpress\/plugins\/seo\/ -->\n<title>Os presentamos la nueva web del Instituto de Trabajo de Procesos - Trabajo de Procesos<\/title>\n<meta name=\"robots\" content=\"index, follow, max-snippet:-1, max-image-preview:large, max-video-preview:-1\" \/>\n<link rel=\"canonical\" href=\"https:\/\/www.trabajodeprocesos.net\/es\/nueva-web-instituto-trabajo-procesos\/\" \/>\n<meta property=\"og:locale\" content=\"es_ES\" \/>\n<meta property=\"og:type\" content=\"article\" \/>\n<meta property=\"og:title\" content=\"Os presentamos la nueva web del Instituto de Trabajo de Procesos - Trabajo de Procesos\" \/>\n<meta property=\"og:description\" content=\"Os presentamos la nueva web del Instituto Trabajo de Procesos y Democracia Profunda con un dise\u00f1o m\u00e1s moderno pero sobretodo con acceso mejorado a toda la informaci\u00f3n a trav\u00e9s de un nuevo men\u00fa, con m\u00e1s noticias, con m\u00e1s f\u00e1cil la consulta de eventos p\u00fablicos y de eventos para estudiantes, y adem\u00e1s una p\u00e1gina espec\u00edfica para [&hellip;]\" \/>\n<meta property=\"og:url\" content=\"https:\/\/www.trabajodeprocesos.net\/es\/nueva-web-instituto-trabajo-procesos\/\" \/>\n<meta property=\"og:site_name\" content=\"Trabajo de Procesos\" \/>\n<meta property=\"article:published_time\" content=\"2018-01-17T17:17:07+00:00\" \/>\n<meta property=\"article:modified_time\" content=\"2026-01-13T08:20:19+00:00\" \/>\n<meta property=\"og:image\" content=\"https:\/\/www.trabajodeprocesos.net\/wp-content\/uploads\/2017\/12\/home-2.jpg\" \/>\n\t<meta property=\"og:image:width\" content=\"300\" \/>\n\t<meta property=\"og:image:height\" content=\"220\" \/>\n<meta name=\"twitter:card\" content=\"summary_large_image\" \/>\n<meta name=\"twitter:label1\" content=\"Escrito por\">\n\t<meta name=\"twitter:data1\" content=\"Admin\">\n\t<meta name=\"twitter:label2\" content=\"Tiempo de lectura\">\n\t<meta name=\"twitter:data2\" content=\"1 minuto\">\n<script type=\"application\/ld+json\" class=\"yoast-schema-graph\">{\"@context\":\"https:\/\/schema.org\",\"@graph\":[{\"@type\":\"WebSite\",\"@id\":\"https:\/\/www.trabajodeprocesos.net\/es\/#website\",\"url\":\"https:\/\/www.trabajodeprocesos.net\/es\/\",\"name\":\"Trabajo de Procesos\",\"description\":\"\",\"potentialAction\":[{\"@type\":\"SearchAction\",\"target\":\"https:\/\/www.trabajodeprocesos.net\/es\/?s={search_term_string}\",\"query-input\":\"required name=search_term_string\"}],\"inLanguage\":\"es\"},{\"@type\":\"ImageObject\",\"@id\":\"https:\/\/www.trabajodeprocesos.net\/es\/nueva-web-instituto-trabajo-procesos\/#primaryimage\",\"inLanguage\":\"es\",\"url\":\"https:\/\/www.trabajodeprocesos.net\/wp-content\/uploads\/2017\/12\/home-2.jpg\",\"width\":300,\"height\":220},{\"@type\":\"WebPage\",\"@id\":\"https:\/\/www.trabajodeprocesos.net\/es\/nueva-web-instituto-trabajo-procesos\/#webpage\",\"url\":\"https:\/\/www.trabajodeprocesos.net\/es\/nueva-web-instituto-trabajo-procesos\/\",\"name\":\"Os presentamos la nueva web del Instituto de Trabajo de Procesos - Trabajo de Procesos\",\"isPartOf\":{\"@id\":\"https:\/\/www.trabajodeprocesos.net\/es\/#website\"},\"primaryImageOfPage\":{\"@id\":\"https:\/\/www.trabajodeprocesos.net\/es\/nueva-web-instituto-trabajo-procesos\/#primaryimage\"},\"datePublished\":\"2018-01-17T17:17:07+00:00\",\"dateModified\":\"2026-01-13T08:20:19+00:00\",\"author\":{\"@id\":\"https:\/\/www.trabajodeprocesos.net\/es\/#\/schema\/person\/f94150c60776078d5e5dff2343cf5d3c\"},\"inLanguage\":\"es\",\"potentialAction\":[{\"@type\":\"ReadAction\",\"target\":[\"https:\/\/www.trabajodeprocesos.net\/es\/nueva-web-instituto-trabajo-procesos\/\"]}]},{\"@type\":\"Person\",\"@id\":\"https:\/\/www.trabajodeprocesos.net\/es\/#\/schema\/person\/f94150c60776078d5e5dff2343cf5d3c\",\"name\":\"Admin\",\"image\":{\"@type\":\"ImageObject\",\"@id\":\"https:\/\/www.trabajodeprocesos.net\/es\/#personlogo\",\"inLanguage\":\"es\",\"url\":\"https:\/\/secure.gravatar.com\/avatar\/f1444f2c291341a5e91ff3d721bde7263603974dd051d1bc9f64e3a3ba862485?s=96&d=mm&r=g\",\"caption\":\"Admin\"}}]}<\/script>\n<!-- \/ Yoast SEO plugin. -->","_links":{"self":[{"href":"https:\/\/www.trabajodeprocesos.net\/es\/wp-json\/wp\/v2\/posts\/1542","targetHints":{"allow":["GET"]}}],"collection":[{"href":"https:\/\/www.trabajodeprocesos.net\/es\/wp-json\/wp\/v2\/posts"}],"about":[{"href":"https:\/\/www.trabajodeprocesos.net\/es\/wp-json\/wp\/v2\/types\/post"}],"author":[{"embeddable":true,"href":"https:\/\/www.trabajodeprocesos.net\/es\/wp-json\/wp\/v2\/users\/6"}],"replies":[{"embeddable":true,"href":"https:\/\/www.trabajodeprocesos.net\/es\/wp-json\/wp\/v2\/comments?post=1542"}],"version-history":[{"count":1,"href":"https:\/\/www.trabajodeprocesos.net\/es\/wp-json\/wp\/v2\/posts\/1542\/revisions"}],"predecessor-version":[{"id":23342,"href":"https:\/\/www.trabajodeprocesos.net\/es\/wp-json\/wp\/v2\/posts\/1542\/revisions\/23342"}],"wp:featuredmedia":[{"embeddable":true,"href":"https:\/\/www.trabajodeprocesos.net\/es\/wp-json\/wp\/v2\/media\/2533"}],"wp:attachment":[{"href":"https:\/\/www.trabajodeprocesos.net\/es\/wp-json\/wp\/v2\/media?parent=1542"}],"wp:term":[{"taxonomy":"category","embeddable":true,"href":"https:\/\/www.trabajodeprocesos.net\/es\/wp-json\/wp\/v2\/categories?post=1542"},{"taxonomy":"post_tag","embeddable":true,"href":"https:\/\/www.trabajodeprocesos.net\/es\/wp-json\/wp\/v2\/tags?post=1542"}],"curies":[{"name":"wp","href":"https:\/\/api.w.org\/{rel}","templated":true}]}}