{"id":13533,"date":"2022-03-29T12:34:01","date_gmt":"2022-03-29T10:34:01","guid":{"rendered":"http:\/\/www.trabajodeprocesos.net\/?p=13533"},"modified":"2026-01-13T10:18:59","modified_gmt":"2026-01-13T08:18:59","slug":"abrimos-inscripciones-para-el-seminario-sanacion-y-accion-dos-caras-de-la-misma-moneda-una-formacion-en-worldwork-con-gill-emslie-y-neus-andreu-del-27-al-29-de-mayo-de-2022-en-mura-barcelona","status":"publish","type":"post","link":"https:\/\/www.trabajodeprocesos.net\/es\/abrimos-inscripciones-para-el-seminario-sanacion-y-accion-dos-caras-de-la-misma-moneda-una-formacion-en-worldwork-con-gill-emslie-y-neus-andreu-del-27-al-29-de-mayo-de-2022-en-mura-barcelona\/","title":{"rendered":"Abrimos inscripciones para el \u00abSeminario: Sanaci\u00f3n y acci\u00f3n, dos caras de la misma moneda. Una formaci\u00f3n en WorldWork\u00bb con Gill Emslie y Neus Andreu del 27 al 29 de mayo de 2022 en Mura &#8211; Barcelona-, co-organizado con Fil a l&#8217;Agulla"},"content":{"rendered":"\n<p>En estos momentos de la historia todas somos necesarias. Debemos ir a fondo, enfrentar la dificultad y nuestros miedos m\u00e1s profundos, as\u00ed como nuestra rabia y nuestra desesperanza. Al mismo tiempo, debemos tomar partido y emprender acciones para promover cambios que hagan la vida en la tierra posible. No hay tiempo que perder.&nbsp; Hace falta profundizar y accionar.&nbsp;<\/p>\n\n\n\n<p>Durante el retiro vamos a ofrecer, por un lado, experiencias y herramientas para poder, de forma colectiva,ir a la ra\u00edz de las experiencias m\u00e1s dif\u00edciles a trav\u00e9s del ritual y la conexi\u00f3n con la naturaleza. Y por el otro, ofreceremos marcos que nos ayuden a creer en la necesidad de nuestra aportaci\u00f3n al cambio y nuestra capacidad de hacerlo efectivo.&nbsp;<\/p>\n\n\n\n<p>Para todo ello es fundamental la comunidad y romper el aislamiento. Y es por ello que este seminario est\u00e1 pensado en forma de retiro en la naturaleza para fomentar la conexi\u00f3n con el grupo y con la propia naturaleza.&nbsp;<\/p>\n\n\n\n<p>En este retiro utilizaremos herramientas del Trabajo de Procesos as\u00ed como la inspiraci\u00f3n de otras miradas y paradigmas, de nuestras propias experiencias de vida y las de las personas participantes todo ello con el prop\u00f3sito de activar la sabidur\u00eda que hay en nosotras y la inspiraci\u00f3n y la fuerza necesaria para ponerla al servicio del bien com\u00fan.<\/p>\n\n\n\n<p>\u00bfQu\u00e9 es worldwork?<\/p>\n\n\n\n<blockquote class=\"wp-embedded-content\" data-secret=\"ncnPs0VqIf\"><a href=\"https:\/\/www.trabajodeprocesos.net\/es\/trabajo-de-procesos\/grupos-worldwork-y-foros-abiertos\/\">Grupos, WorldWork y Foros Abiertos<\/a><\/blockquote><iframe loading=\"lazy\" class=\"wp-embedded-content\" sandbox=\"allow-scripts\" security=\"restricted\" style=\"position: absolute; clip: rect(1px, 1px, 1px, 1px);\" title=\"\u00abGrupos, WorldWork y Foros Abiertos\u00bb \u2014 Trabajo de Procesos\" src=\"https:\/\/www.trabajodeprocesos.net\/es\/trabajo-de-procesos\/grupos-worldwork-y-foros-abiertos\/embed\/#?secret=ncnPs0VqIf\" data-secret=\"ncnPs0VqIf\" width=\"600\" height=\"338\" frameborder=\"0\" marginwidth=\"0\" marginheight=\"0\" scrolling=\"no\"><\/iframe>\n\n\n\n<p><strong>SOBRE LAS FORMADORAS:<\/strong><\/p>\n\n\n\n<div class=\"wp-block-image\"><figure class=\"alignleft is-resized\"><img loading=\"lazy\" decoding=\"async\" src=\"https:\/\/www.trabajodeprocesos.net\/wp-content\/uploads\/2022\/03\/Neus-7-1-1024x684.jpg\" alt=\"\" class=\"wp-image-13246\" width=\"186\" height=\"124\" srcset=\"https:\/\/www.trabajodeprocesos.net\/wp-content\/uploads\/2022\/03\/Neus-7-1-1024x684.jpg 1024w, https:\/\/www.trabajodeprocesos.net\/wp-content\/uploads\/2022\/03\/Neus-7-1-300x200.jpg 300w, https:\/\/www.trabajodeprocesos.net\/wp-content\/uploads\/2022\/03\/Neus-7-1-768x513.jpg 768w, https:\/\/www.trabajodeprocesos.net\/wp-content\/uploads\/2022\/03\/Neus-7-1-1536x1026.jpg 1536w, https:\/\/www.trabajodeprocesos.net\/wp-content\/uploads\/2022\/03\/Neus-7-1-2048x1368.jpg 2048w\" sizes=\"auto, (max-width: 186px) 100vw, 186px\" \/><\/figure><\/div>\n\n\n\n<p><strong>Neus Andreu<\/strong><\/p>\n\n\n\n<p>Facilitadora de grupos, formadora y consultora de organizaciones, tambi\u00e9n acompa\u00f1o a personas y parejas en su camino. Mi pasi\u00f3n es apoyar a organizaciones, comunidades, grupos e individuos en tiempos de cambio o crisis. Creo en los momentos dif\u00edciles y conf\u00edo en que, con el apoyo necesario, pueden convertirse en fuentes \u00fanicas de aprendizaje y desarrollo. Me fascina cuando la facilitaci\u00f3n convierte las tensiones en momentos de creatividad, llevando a las personas y a las organizaciones a avanzar y a acercarse a lo que realmente son.<\/p>\n\n\n\n<div class=\"wp-block-image\"><figure class=\"alignleft\"><img loading=\"lazy\" decoding=\"async\" width=\"150\" height=\"150\" src=\"https:\/\/www.trabajodeprocesos.net\/wp-content\/uploads\/2022\/03\/gill-emslie-150x150-1.jpg\" alt=\"\" class=\"wp-image-13249\"\/><\/figure><\/div>\n\n\n\n<p><strong>Gill Emslie<\/strong><\/p>\n\n\n\n<p>Facilitadora, formadora y consultora internacional que trabaja en entornos que van desde las ONG, los sectores de la justicia social y medioambiental, hasta las empresas y el gobierno local. Trabaja a nivel internacional dirigiendo programas de formaci\u00f3n en profundidad y facilitando equipos de liderazgo. Su trabajo est\u00e1 orientado al proceso y es sist\u00e9mico, fomentando el cambio en individuos, equipos y organizaciones. Gill es miembro fundador del instituto para el trabajo de procesos y la democracia profunda en Barcelona.<\/p>\n\n\n\n<p><strong>Horario seminario:<\/strong><\/p>\n\n\n\n<p>Viernes 16-19:30h<\/p>\n\n\n\n<p>S\u00e1bado 10-14 Y 16-19:30h<\/p>\n\n\n\n<p>Domingo&nbsp; 10-14 Y 16-18h<\/p>\n\n\n\n<p><strong>Precio del seminario:<\/strong>&nbsp;300 \u20ac<\/p>\n\n\n\n<p>(*) EARLY BIRD: 265\u20ac HASTA EL 8 DE MAYO INCLUIDO PARA ISNCRIPCIONES Y PAGOS HASTA ESTE D\u00cdA \u2013 SOLO PARA ESTUDIANTES FORMALES DE CENTROS ASOCIADOS A IAPOP)<\/p>\n\n\n\n<p>(**) Precio no incluye alojamiento ni comidas que han de gestionarse directamente con EL CAUS DE MURA o el alojamiento escogido por la persona participante.<\/p>\n\n\n\n<p><strong>Actividad presencial \/ residencial en&nbsp;<a href=\"http:\/\/elscaus.org\/\">El caus de Mura<\/a><\/strong>&nbsp;con opci\u00f3n a quedarse a dormir.<\/p>\n\n\n\n<p><strong>Training Days (solo para estudiantes formales de Trabajo de Procesos)<\/strong><\/p>\n\n\n\n<p>Lunes&nbsp; 10-14 y 15:30-17:30h<\/p>\n\n\n\n<p>Martes&nbsp; 10-14 y 15:30-17:30h<\/p>\n\n\n\n<p>Tambi\u00e9n tendr\u00e1n lugar en MURA.<\/p>\n\n\n\n<p><strong>Seminario bonificable&nbsp; para trabajadores en activo por cuenta ajena a trav\u00e9s de la&nbsp;<a href=\"http:\/\/www.fundae.es\/\">Fundae (FUNDACI\u00d3N TRIPARTITA).<\/a><\/strong><\/p>\n\n\n\n<p>(Para gestionarlo contactar con&nbsp;<a href=\"http:\/\/www.trabajodeprocesos.net\/webinar-resiliencia-interna-para-las-personas-y-el-planeta-4-6-de-diciembre-de-2020\/jgil@vfp.es\">Javier Gil&nbsp;<\/a>&nbsp;de&nbsp; la empresa EN CLAVE DE LUZ que se encarga de gestionarlo \u2013&nbsp;<a href=\"http:\/\/www.trabajodeprocesos.net\/wp-content\/uploads\/2021\/12\/Bonificaciones.pdf\">M\u00c1S INFORMACI\u00d3N EN ESTE PDF-DESC\u00c1RGALO<\/a><a href=\"http:\/\/www.trabajodeprocesos.net\/wp-content\/uploads\/2020\/01\/Bonificaciones.pdf\">)<\/a><\/p>\n\n\n\n<p><strong>IDIOMA DEL SEMINARIO:<\/strong><\/p>\n\n\n\n<p>Castellano sin traducci\u00f3n.<\/p>\n\n\n\n<p><strong>Ayudas<\/strong><\/p>\n\n\n\n<p>Si no puedes pagar la tarifa completa, puede registrarse pagando la cantidad que puedas pagar . Env\u00eda un correo electr\u00f3nico a Mar a info@trabajodeprocesos.net con una breve descripci\u00f3n de tus circunstancias y la cantidad que puedes pagar y para gestionar un intercambio.<\/p>\n\n\n\n<p><strong>Co-organizado con Fil a l\u2019Agulla Cooperativa \u2013 Forma parte del curso trienal de Facilitaci\u00f3n que co-organizamos con esta entidad.<\/strong><\/p>\n\n\n\n<p><\/p>\n\n\n\n<figure class=\"wp-block-image\"><img loading=\"lazy\" decoding=\"async\" width=\"724\" height=\"1024\" src=\"https:\/\/www.trabajodeprocesos.net\/wp-content\/uploads\/2022\/03\/1-724x1024.jpg\" alt=\"\" class=\"wp-image-13498\" srcset=\"https:\/\/www.trabajodeprocesos.net\/wp-content\/uploads\/2022\/03\/1-724x1024.jpg 724w, https:\/\/www.trabajodeprocesos.net\/wp-content\/uploads\/2022\/03\/1-212x300.jpg 212w, https:\/\/www.trabajodeprocesos.net\/wp-content\/uploads\/2022\/03\/1-768x1086.jpg 768w, https:\/\/www.trabajodeprocesos.net\/wp-content\/uploads\/2022\/03\/1-1086x1536.jpg 1086w, https:\/\/www.trabajodeprocesos.net\/wp-content\/uploads\/2022\/03\/1.jpg 1414w\" sizes=\"auto, (max-width: 724px) 100vw, 724px\" \/><\/figure>\n\n\n\n<p>REGISTRO Y CONTRATACI\u00d3N ALOJAMIENTO Y COMIDAS GESTIONADO POR EL CAUS DE MURA&nbsp;<a href=\"https:\/\/docs.google.com\/forms\/d\/e\/1FAIpQLSchRMWXbWzNSnSgrDZfiPKNyWewTzQ1EPS18TyPqPFM4h_Yvg\/viewform?vc=0&amp;c=0&amp;w=1&amp;flr=0\">en este enlace<\/a>.<\/p>\n\n\n\n<p>NOTA: La Escuela solo gestiona la reserva y pago del SEMINARIO. Gracias<\/p>\n","protected":false},"excerpt":{"rendered":"<p>En estos momentos de la historia todas somos necesarias. Debemos ir a fondo, enfrentar la dificultad y nuestros miedos m\u00e1s profundos, as\u00ed como nuestra rabia y nuestra desesperanza. Al mismo tiempo, debemos tomar partido y emprender acciones para promover cambios que hagan la vida en la tierra posible. No hay tiempo que perder.&nbsp; Hace falta [&hellip;]<\/p>\n","protected":false},"author":6,"featured_media":13495,"comment_status":"closed","ping_status":"closed","sticky":false,"template":"","format":"standard","meta":{"footnotes":""},"categories":[1],"tags":[],"class_list":["post-13533","post","type-post","status-publish","format-standard","has-post-thumbnail","hentry","category-general"],"yoast_head":"<!-- This site is optimized with the Yoast SEO plugin v15.4 - https:\/\/yoast.com\/wordpress\/plugins\/seo\/ -->\n<title>Abrimos inscripciones para el &quot;Seminario: Sanaci\u00f3n y acci\u00f3n, dos caras de la misma moneda. Una formaci\u00f3n en WorldWork&quot; con Gill Emslie y Neus Andreu del 27 al 29 de mayo de 2022 en Mura - Barcelona-, co-organizado con Fil a l&#039;Agulla - Trabajo de Procesos<\/title>\n<meta name=\"robots\" content=\"index, follow, max-snippet:-1, max-image-preview:large, max-video-preview:-1\" \/>\n<link rel=\"canonical\" href=\"https:\/\/www.trabajodeprocesos.net\/es\/abrimos-inscripciones-para-el-seminario-sanacion-y-accion-dos-caras-de-la-misma-moneda-una-formacion-en-worldwork-con-gill-emslie-y-neus-andreu-del-27-al-29-de-mayo-de-2022-en-mura-barcelona\/\" \/>\n<meta property=\"og:locale\" content=\"es_ES\" \/>\n<meta property=\"og:type\" content=\"article\" \/>\n<meta property=\"og:title\" content=\"Abrimos inscripciones para el &quot;Seminario: Sanaci\u00f3n y acci\u00f3n, dos caras de la misma moneda. Una formaci\u00f3n en WorldWork&quot; con Gill Emslie y Neus Andreu del 27 al 29 de mayo de 2022 en Mura - Barcelona-, co-organizado con Fil a l&#039;Agulla - Trabajo de Procesos\" \/>\n<meta property=\"og:description\" content=\"En estos momentos de la historia todas somos necesarias. Debemos ir a fondo, enfrentar la dificultad y nuestros miedos m\u00e1s profundos, as\u00ed como nuestra rabia y nuestra desesperanza. Al mismo tiempo, debemos tomar partido y emprender acciones para promover cambios que hagan la vida en la tierra posible. No hay tiempo que perder.&nbsp; Hace falta [&hellip;]\" \/>\n<meta property=\"og:url\" content=\"https:\/\/www.trabajodeprocesos.net\/es\/abrimos-inscripciones-para-el-seminario-sanacion-y-accion-dos-caras-de-la-misma-moneda-una-formacion-en-worldwork-con-gill-emslie-y-neus-andreu-del-27-al-29-de-mayo-de-2022-en-mura-barcelona\/\" \/>\n<meta property=\"og:site_name\" content=\"Trabajo de Procesos\" \/>\n<meta property=\"article:published_time\" content=\"2022-03-29T10:34:01+00:00\" \/>\n<meta property=\"article:modified_time\" content=\"2026-01-13T08:18:59+00:00\" \/>\n<meta property=\"og:image\" content=\"https:\/\/www.trabajodeprocesos.net\/wp-content\/uploads\/2021\/09\/seminar-es-2.png\" \/>\n\t<meta property=\"og:image:width\" content=\"412\" \/>\n\t<meta property=\"og:image:height\" content=\"235\" \/>\n<meta name=\"twitter:card\" content=\"summary_large_image\" \/>\n<meta name=\"twitter:label1\" content=\"Escrito por\">\n\t<meta name=\"twitter:data1\" content=\"Admin\">\n\t<meta name=\"twitter:label2\" content=\"Tiempo de lectura\">\n\t<meta name=\"twitter:data2\" content=\"3 minutos\">\n<script type=\"application\/ld+json\" class=\"yoast-schema-graph\">{\"@context\":\"https:\/\/schema.org\",\"@graph\":[{\"@type\":\"WebSite\",\"@id\":\"https:\/\/www.trabajodeprocesos.net\/es\/#website\",\"url\":\"https:\/\/www.trabajodeprocesos.net\/es\/\",\"name\":\"Trabajo de Procesos\",\"description\":\"\",\"potentialAction\":[{\"@type\":\"SearchAction\",\"target\":\"https:\/\/www.trabajodeprocesos.net\/es\/?s={search_term_string}\",\"query-input\":\"required name=search_term_string\"}],\"inLanguage\":\"es\"},{\"@type\":\"ImageObject\",\"@id\":\"https:\/\/www.trabajodeprocesos.net\/es\/abrimos-inscripciones-para-el-seminario-sanacion-y-accion-dos-caras-de-la-misma-moneda-una-formacion-en-worldwork-con-gill-emslie-y-neus-andreu-del-27-al-29-de-mayo-de-2022-en-mura-barcelona\/#primaryimage\",\"inLanguage\":\"es\",\"url\":\"https:\/\/www.trabajodeprocesos.net\/wp-content\/uploads\/2021\/09\/seminar-es-2.png\",\"width\":412,\"height\":235},{\"@type\":\"WebPage\",\"@id\":\"https:\/\/www.trabajodeprocesos.net\/es\/abrimos-inscripciones-para-el-seminario-sanacion-y-accion-dos-caras-de-la-misma-moneda-una-formacion-en-worldwork-con-gill-emslie-y-neus-andreu-del-27-al-29-de-mayo-de-2022-en-mura-barcelona\/#webpage\",\"url\":\"https:\/\/www.trabajodeprocesos.net\/es\/abrimos-inscripciones-para-el-seminario-sanacion-y-accion-dos-caras-de-la-misma-moneda-una-formacion-en-worldwork-con-gill-emslie-y-neus-andreu-del-27-al-29-de-mayo-de-2022-en-mura-barcelona\/\",\"name\":\"Abrimos inscripciones para el \\\"Seminario: Sanaci\\u00f3n y acci\\u00f3n, dos caras de la misma moneda. Una formaci\\u00f3n en WorldWork\\\" con Gill Emslie y Neus Andreu del 27 al 29 de mayo de 2022 en Mura - Barcelona-, co-organizado con Fil a l'Agulla - Trabajo de Procesos\",\"isPartOf\":{\"@id\":\"https:\/\/www.trabajodeprocesos.net\/es\/#website\"},\"primaryImageOfPage\":{\"@id\":\"https:\/\/www.trabajodeprocesos.net\/es\/abrimos-inscripciones-para-el-seminario-sanacion-y-accion-dos-caras-de-la-misma-moneda-una-formacion-en-worldwork-con-gill-emslie-y-neus-andreu-del-27-al-29-de-mayo-de-2022-en-mura-barcelona\/#primaryimage\"},\"datePublished\":\"2022-03-29T10:34:01+00:00\",\"dateModified\":\"2026-01-13T08:18:59+00:00\",\"author\":{\"@id\":\"https:\/\/www.trabajodeprocesos.net\/es\/#\/schema\/person\/f94150c60776078d5e5dff2343cf5d3c\"},\"inLanguage\":\"es\",\"potentialAction\":[{\"@type\":\"ReadAction\",\"target\":[\"https:\/\/www.trabajodeprocesos.net\/es\/abrimos-inscripciones-para-el-seminario-sanacion-y-accion-dos-caras-de-la-misma-moneda-una-formacion-en-worldwork-con-gill-emslie-y-neus-andreu-del-27-al-29-de-mayo-de-2022-en-mura-barcelona\/\"]}]},{\"@type\":\"Person\",\"@id\":\"https:\/\/www.trabajodeprocesos.net\/es\/#\/schema\/person\/f94150c60776078d5e5dff2343cf5d3c\",\"name\":\"Admin\",\"image\":{\"@type\":\"ImageObject\",\"@id\":\"https:\/\/www.trabajodeprocesos.net\/es\/#personlogo\",\"inLanguage\":\"es\",\"url\":\"https:\/\/secure.gravatar.com\/avatar\/f1444f2c291341a5e91ff3d721bde7263603974dd051d1bc9f64e3a3ba862485?s=96&d=mm&r=g\",\"caption\":\"Admin\"}}]}<\/script>\n<!-- \/ Yoast SEO plugin. -->","_links":{"self":[{"href":"https:\/\/www.trabajodeprocesos.net\/es\/wp-json\/wp\/v2\/posts\/13533","targetHints":{"allow":["GET"]}}],"collection":[{"href":"https:\/\/www.trabajodeprocesos.net\/es\/wp-json\/wp\/v2\/posts"}],"about":[{"href":"https:\/\/www.trabajodeprocesos.net\/es\/wp-json\/wp\/v2\/types\/post"}],"author":[{"embeddable":true,"href":"https:\/\/www.trabajodeprocesos.net\/es\/wp-json\/wp\/v2\/users\/6"}],"replies":[{"embeddable":true,"href":"https:\/\/www.trabajodeprocesos.net\/es\/wp-json\/wp\/v2\/comments?post=13533"}],"version-history":[{"count":1,"href":"https:\/\/www.trabajodeprocesos.net\/es\/wp-json\/wp\/v2\/posts\/13533\/revisions"}],"predecessor-version":[{"id":13534,"href":"https:\/\/www.trabajodeprocesos.net\/es\/wp-json\/wp\/v2\/posts\/13533\/revisions\/13534"}],"wp:featuredmedia":[{"embeddable":true,"href":"https:\/\/www.trabajodeprocesos.net\/es\/wp-json\/wp\/v2\/media\/13495"}],"wp:attachment":[{"href":"https:\/\/www.trabajodeprocesos.net\/es\/wp-json\/wp\/v2\/media?parent=13533"}],"wp:term":[{"taxonomy":"category","embeddable":true,"href":"https:\/\/www.trabajodeprocesos.net\/es\/wp-json\/wp\/v2\/categories?post=13533"},{"taxonomy":"post_tag","embeddable":true,"href":"https:\/\/www.trabajodeprocesos.net\/es\/wp-json\/wp\/v2\/tags?post=13533"}],"curies":[{"name":"wp","href":"https:\/\/api.w.org\/{rel}","templated":true}]}}