{"id":11129,"date":"2021-04-07T11:25:51","date_gmt":"2021-04-07T09:25:51","guid":{"rendered":"http:\/\/www.trabajodeprocesos.net\/?p=11129"},"modified":"2026-01-13T10:19:16","modified_gmt":"2026-01-13T08:19:16","slug":"capsulas-online-de-trabajo-de-procesos-calendario-2021","status":"publish","type":"post","link":"https:\/\/www.trabajodeprocesos.net\/es\/capsulas-online-de-trabajo-de-procesos-calendario-2021\/","title":{"rendered":"C\u00e1psulas Online de la Escuela de Trabajo de Procesos &#8211; Calendario 2021"},"content":{"rendered":"\n<p>Os presentamos las nuevas c\u00e1psulas de formaci\u00f3n en Trabajo de Procesos a carga del profesorado de la&nbsp;<a href=\"http:\/\/www.trabajodeprocesos.net\/la-escuela\/\">Escuela de Trabajo de Procesos.<\/a><\/p>\n\n\n\n<p>Son c\u00e1psulas, m\u00f3dulos independientes y experienciales facilitadas por el&nbsp;<a href=\"http:\/\/www.trabajodeprocesos.net\/la-escuela\/profesorado\/\">equipo de profesorado de nuestra Escuela.<\/a><\/p>\n\n\n\n<p>Tras el \u00e9xito de acogida de las c\u00e1psulas durante el 2020 para adaptarnos a la pandemia, hemos decidido seguir con este formato online.<\/p>\n\n\n\n<p>Precio: 30\u20ac (20\u20ac para alumnos de La Escuela y estudiantes fromales de  Trabajo de Procesos de escuelas asociadas a IAPOP)<\/p>\n\n\n\n<p>*Si necesitas una reducci\u00f3n de los costes, contacta el facilitador de cada c\u00e1psula.<\/p>\n\n\n\n<p><strong>Plazo de inscripci\u00f3n<\/strong><\/p>\n\n\n\n<p>3 d\u00edas antes de cada clase.<\/p>\n\n\n\n<p><strong>Horario<\/strong><\/p>\n\n\n\n<p>Diversas fechas, horario de 17:30h a 20:30h CET&nbsp;<\/p>\n\n\n\n<p><\/p>\n\n\n\n<p><strong>METODOLOG\u00cdA<\/strong><\/p>\n\n\n\n<p>Ser\u00e1n formaciones (online) independientes entre ellas de unas 3 horas aproximadas de duraci\u00f3n que constar\u00e1n de una parte de teor\u00eda introductoria de la metodolog\u00eda Trabajo de Procesos en est\u00e1s \u00e1reas que trabajan las c\u00e1psulas.<\/p>\n\n\n\n<p>El principal objetivo es aprender habilidades espec\u00edficas en estos momentos tan desafiantes que estamos viviendo.<\/p>\n\n\n\n<p>Formaci\u00f3n en ingl\u00e9s y castellano con traducci\u00f3n.<\/p>\n\n\n\n<p>No es necesario experiencia en Trabajo de Procesos<\/p>\n\n\n\n<p><strong>PLAZAS LIMITADAS<\/strong><\/p>\n\n\n\n<p><strong>CALENDARIO:&nbsp;<\/strong><\/p>\n\n\n\n<p><a href=\"https:\/\/www.trabajodeprocesos.net\/es\/event\/sonando-al-hombre-herramientas-practicas-para-la-gestion-de-nuestras-relaciones-ii\/\"><strong>Hombres y Poder parte 1 y 2- SOLO HOMBRES<\/strong><\/a><\/p>\n\n\n\n<p><strong>Facilita: Sergi&nbsp;Barrientos<\/strong><\/p>\n\n\n\n<p>22 de abril y 6 de mayo<\/p>\n\n\n\n<p>Inscripciones: <a href=\"https:\/\/forms.gle\/3obzEBPMj1ABwkKW8\">https:\/\/forms.gle\/3obzEBPMj1ABwkKW8<\/a><\/p>\n\n\n\n<p><\/p>\n\n\n\n<p><\/p>\n\n\n\n<ul class=\"wp-block-list\"><li><strong><a href=\"https:\/\/www.trabajodeprocesos.net\/es\/event\/sonando-desde-los-lugares-de-bloqueo%e2%80%a8\/\">So\u00f1ar en lugares de bloqueo<\/a> &nbsp;&nbsp;<\/strong>&nbsp;&nbsp;<\/li><\/ul>\n\n\n\n<p><strong>Facilita: Lily Vassiliou<\/strong><\/p>\n\n\n\n<p>19 de mayo<\/p>\n\n\n\n<p>Inscripciones: <a href=\"https:\/\/forms.gle\/9mSBZxAHWYJBpaVy5\">https:\/\/forms.gle\/9mSBZxAHWYJBpaVy5<\/a><\/p>\n\n\n\n<p><\/p>\n\n\n\n<p><\/p>\n\n\n\n<ul class=\"wp-block-list\"><li><a href=\"https:\/\/www.trabajodeprocesos.net\/es\/event\/voces-criticas-tiranas-o-aliadas-i-y-ii\/\"><strong>Voces criticas: Tiranas o aliadas &#8211;  1 y 2<\/strong><\/a><\/li><\/ul>\n\n\n\n<p><strong>Facilita: Lety Mendoza<\/strong><\/p>\n\n\n\n<p>1 y 15 de julio <\/p>\n\n\n\n<p>Inscripciones 1 de julio: <a href=\"https:\/\/forms.gle\/EmchQcwowoQxi7sb9\">https:\/\/forms.gle\/EmchQcwowoQxi7sb9<\/a><\/p>\n\n\n\n<p>Inscripciones 15 de julio: <a rel=\"noreferrer noopener\" href=\"https:\/\/forms.gle\/wBCMMe2qJDRQTFuk9\" target=\"_blank\">https:\/\/forms.gle\/wBCMMe2qJDRQTFuk9<\/a><\/p>\n\n\n\n<p><\/p>\n\n\n\n<p><\/p>\n\n\n\n<ul class=\"wp-block-list\"><li><strong><a href=\"https:\/\/www.trabajodeprocesos.net\/es\/event\/el-cuerpo-y-el-placer-espacios-para-ser-habitados\/\">El cuerpo y placer, lugares para ser habitados<\/a><\/strong><\/li><\/ul>\n\n\n\n<p>Facilita: Eva S\u00e1nchez&nbsp;&nbsp;<\/p>\n\n\n\n<p><strong>ATENCI\u00d3N NUEVA FECHA>30 de septiembre<\/strong><\/p>\n\n\n\n<p>Inscripciones: <a href=\"https:\/\/forms.gle\/KrkFRyp847TF5b4RA\">https:\/\/forms.gle\/KrkFRyp847TF5b4RA<\/a><\/p>\n\n\n\n<p><\/p>\n\n\n\n<p><\/p>\n\n\n\n<ul class=\"wp-block-list\"><li><strong><a href=\"https:\/\/www.trabajodeprocesos.net\/es\/event\/el-mito-de-vida-y-los-patrones-de-aprendizaje\/\">El mito de la vida y los patrones de aprendizaje<\/a>\u00a0\u00a0\u00a0\u00a0\u00a0<\/strong>&#8211; CANCELADO<\/li><\/ul>\n\n\n\n<p>Facilita: Boris\u00a0Sopko  &#8211; CANCELADO<\/p>\n\n\n\n<p>1 de octubre &#8211; CANCELADO<\/p>\n\n\n\n<p><\/p>\n\n\n\n<p>Inscripciones: CANCELADO<\/p>\n\n\n\n<p><\/p>\n\n\n\n<ul class=\"wp-block-list\"><li><strong><a href=\"https:\/\/www.trabajodeprocesos.net\/es\/event\/el-papel-de-tu-cuerpo-en-la-lucha-contra-la-opresion\/\">El papel de tu cuerpo en la lucha contra la opresi\u00f3n<\/a><\/strong>&nbsp;&nbsp;&nbsp;&nbsp;&nbsp;&nbsp;<\/li><\/ul>\n\n\n\n<p><strong>Facilita: Kate Jobe&nbsp;&nbsp;&nbsp;<\/strong><\/p>\n\n\n\n<p>2 de noviembre<\/p>\n\n\n\n<p>Inscripciones: <a rel=\"noreferrer noopener\" href=\"https:\/\/forms.gle\/rbVpTRVLncv7CvYv5\" target=\"_blank\">https:\/\/forms.gle\/rbVpTRVLncv7CvYv5&nbsp;<\/a><\/p>\n\n\n\n<p><\/p>\n\n\n\n<hr class=\"wp-block-separator\"\/>\n\n\n\n<p><\/p>\n\n\n\n<blockquote class=\"wp-block-quote is-layout-flow wp-block-quote-is-layout-flow\"><p><\/p><p><a href=\"https:\/\/www.trabajodeprocesos.net\/es\/talleres-y-seminarios\/\"><strong>VER TODAS LAS C\u00c1PSULAS&gt;&gt;<\/strong><\/a><\/p><\/blockquote>\n","protected":false},"excerpt":{"rendered":"<p>Os presentamos las nuevas c\u00e1psulas de formaci\u00f3n en Trabajo de Procesos a carga del profesorado de la&nbsp;Escuela de Trabajo de Procesos. Son c\u00e1psulas, m\u00f3dulos independientes y experienciales facilitadas por el&nbsp;equipo de profesorado de nuestra Escuela. Tras el \u00e9xito de acogida de las c\u00e1psulas durante el 2020 para adaptarnos a la pandemia, hemos decidido seguir con [&hellip;]<\/p>\n","protected":false},"author":6,"featured_media":11130,"comment_status":"closed","ping_status":"closed","sticky":false,"template":"","format":"standard","meta":{"footnotes":""},"categories":[1],"tags":[],"class_list":["post-11129","post","type-post","status-publish","format-standard","has-post-thumbnail","hentry","category-general"],"yoast_head":"<!-- This site is optimized with the Yoast SEO plugin v15.4 - https:\/\/yoast.com\/wordpress\/plugins\/seo\/ -->\n<title>C\u00e1psulas Online de la Escuela de Trabajo de Procesos - Calendario 2021 - Trabajo de Procesos<\/title>\n<meta name=\"robots\" content=\"index, follow, max-snippet:-1, max-image-preview:large, max-video-preview:-1\" \/>\n<link rel=\"canonical\" href=\"https:\/\/www.trabajodeprocesos.net\/es\/capsulas-online-de-trabajo-de-procesos-calendario-2021\/\" \/>\n<meta property=\"og:locale\" content=\"es_ES\" \/>\n<meta property=\"og:type\" content=\"article\" \/>\n<meta property=\"og:title\" content=\"C\u00e1psulas Online de la Escuela de Trabajo de Procesos - Calendario 2021 - Trabajo de Procesos\" \/>\n<meta property=\"og:description\" content=\"Os presentamos las nuevas c\u00e1psulas de formaci\u00f3n en Trabajo de Procesos a carga del profesorado de la&nbsp;Escuela de Trabajo de Procesos. Son c\u00e1psulas, m\u00f3dulos independientes y experienciales facilitadas por el&nbsp;equipo de profesorado de nuestra Escuela. Tras el \u00e9xito de acogida de las c\u00e1psulas durante el 2020 para adaptarnos a la pandemia, hemos decidido seguir con [&hellip;]\" \/>\n<meta property=\"og:url\" content=\"https:\/\/www.trabajodeprocesos.net\/es\/capsulas-online-de-trabajo-de-procesos-calendario-2021\/\" \/>\n<meta property=\"og:site_name\" content=\"Trabajo de Procesos\" \/>\n<meta property=\"article:published_time\" content=\"2021-04-07T09:25:51+00:00\" \/>\n<meta property=\"article:modified_time\" content=\"2026-01-13T08:19:16+00:00\" \/>\n<meta property=\"og:image\" content=\"https:\/\/www.trabajodeprocesos.net\/wp-content\/uploads\/2021\/05\/Awakening-Leadership-Embracing-diversity-With-Gill-Emslie-assisted-by-Barbara-Rabinad-Coll-1.png\" \/>\n\t<meta property=\"og:image:width\" content=\"1080\" \/>\n\t<meta property=\"og:image:height\" content=\"1080\" \/>\n<meta name=\"twitter:card\" content=\"summary_large_image\" \/>\n<meta name=\"twitter:label1\" content=\"Escrito por\">\n\t<meta name=\"twitter:data1\" content=\"Admin\">\n\t<meta name=\"twitter:label2\" content=\"Tiempo de lectura\">\n\t<meta name=\"twitter:data2\" content=\"1 minuto\">\n<script type=\"application\/ld+json\" class=\"yoast-schema-graph\">{\"@context\":\"https:\/\/schema.org\",\"@graph\":[{\"@type\":\"WebSite\",\"@id\":\"https:\/\/www.trabajodeprocesos.net\/es\/#website\",\"url\":\"https:\/\/www.trabajodeprocesos.net\/es\/\",\"name\":\"Trabajo de Procesos\",\"description\":\"\",\"potentialAction\":[{\"@type\":\"SearchAction\",\"target\":\"https:\/\/www.trabajodeprocesos.net\/es\/?s={search_term_string}\",\"query-input\":\"required name=search_term_string\"}],\"inLanguage\":\"es\"},{\"@type\":\"ImageObject\",\"@id\":\"https:\/\/www.trabajodeprocesos.net\/es\/capsulas-online-de-trabajo-de-procesos-calendario-2021\/#primaryimage\",\"inLanguage\":\"es\",\"url\":\"https:\/\/www.trabajodeprocesos.net\/wp-content\/uploads\/2021\/05\/Awakening-Leadership-Embracing-diversity-With-Gill-Emslie-assisted-by-Barbara-Rabinad-Coll-1.png\",\"width\":1080,\"height\":1080},{\"@type\":\"WebPage\",\"@id\":\"https:\/\/www.trabajodeprocesos.net\/es\/capsulas-online-de-trabajo-de-procesos-calendario-2021\/#webpage\",\"url\":\"https:\/\/www.trabajodeprocesos.net\/es\/capsulas-online-de-trabajo-de-procesos-calendario-2021\/\",\"name\":\"C\\u00e1psulas Online de la Escuela de Trabajo de Procesos - Calendario 2021 - Trabajo de Procesos\",\"isPartOf\":{\"@id\":\"https:\/\/www.trabajodeprocesos.net\/es\/#website\"},\"primaryImageOfPage\":{\"@id\":\"https:\/\/www.trabajodeprocesos.net\/es\/capsulas-online-de-trabajo-de-procesos-calendario-2021\/#primaryimage\"},\"datePublished\":\"2021-04-07T09:25:51+00:00\",\"dateModified\":\"2026-01-13T08:19:16+00:00\",\"author\":{\"@id\":\"https:\/\/www.trabajodeprocesos.net\/es\/#\/schema\/person\/f94150c60776078d5e5dff2343cf5d3c\"},\"inLanguage\":\"es\",\"potentialAction\":[{\"@type\":\"ReadAction\",\"target\":[\"https:\/\/www.trabajodeprocesos.net\/es\/capsulas-online-de-trabajo-de-procesos-calendario-2021\/\"]}]},{\"@type\":\"Person\",\"@id\":\"https:\/\/www.trabajodeprocesos.net\/es\/#\/schema\/person\/f94150c60776078d5e5dff2343cf5d3c\",\"name\":\"Admin\",\"image\":{\"@type\":\"ImageObject\",\"@id\":\"https:\/\/www.trabajodeprocesos.net\/es\/#personlogo\",\"inLanguage\":\"es\",\"url\":\"https:\/\/secure.gravatar.com\/avatar\/f1444f2c291341a5e91ff3d721bde7263603974dd051d1bc9f64e3a3ba862485?s=96&d=mm&r=g\",\"caption\":\"Admin\"}}]}<\/script>\n<!-- \/ Yoast SEO plugin. -->","_links":{"self":[{"href":"https:\/\/www.trabajodeprocesos.net\/es\/wp-json\/wp\/v2\/posts\/11129","targetHints":{"allow":["GET"]}}],"collection":[{"href":"https:\/\/www.trabajodeprocesos.net\/es\/wp-json\/wp\/v2\/posts"}],"about":[{"href":"https:\/\/www.trabajodeprocesos.net\/es\/wp-json\/wp\/v2\/types\/post"}],"author":[{"embeddable":true,"href":"https:\/\/www.trabajodeprocesos.net\/es\/wp-json\/wp\/v2\/users\/6"}],"replies":[{"embeddable":true,"href":"https:\/\/www.trabajodeprocesos.net\/es\/wp-json\/wp\/v2\/comments?post=11129"}],"version-history":[{"count":8,"href":"https:\/\/www.trabajodeprocesos.net\/es\/wp-json\/wp\/v2\/posts\/11129\/revisions"}],"predecessor-version":[{"id":12001,"href":"https:\/\/www.trabajodeprocesos.net\/es\/wp-json\/wp\/v2\/posts\/11129\/revisions\/12001"}],"wp:featuredmedia":[{"embeddable":true,"href":"https:\/\/www.trabajodeprocesos.net\/es\/wp-json\/wp\/v2\/media\/11130"}],"wp:attachment":[{"href":"https:\/\/www.trabajodeprocesos.net\/es\/wp-json\/wp\/v2\/media?parent=11129"}],"wp:term":[{"taxonomy":"category","embeddable":true,"href":"https:\/\/www.trabajodeprocesos.net\/es\/wp-json\/wp\/v2\/categories?post=11129"},{"taxonomy":"post_tag","embeddable":true,"href":"https:\/\/www.trabajodeprocesos.net\/es\/wp-json\/wp\/v2\/tags?post=11129"}],"curies":[{"name":"wp","href":"https:\/\/api.w.org\/{rel}","templated":true}]}}