{"id":10213,"date":"2022-03-08T12:13:05","date_gmt":"2022-03-08T10:13:05","guid":{"rendered":"http:\/\/www.trabajodeprocesos.net\/?p=10213"},"modified":"2026-01-13T10:31:02","modified_gmt":"2026-01-13T08:31:02","slug":"gracias-a-todas-las-participantes-del-seminario-remodelando-patrones-historicos-clima-racismo-estructural-y-clasismo","status":"publish","type":"post","link":"https:\/\/www.trabajodeprocesos.net\/en\/gracias-a-todas-las-participantes-del-seminario-remodelando-patrones-historicos-clima-racismo-estructural-y-clasismo\/","title":{"rendered":"Gracias a todas las participantes del seminario: REMODELANDO PATRONES HIST\u00d3RICOS: CLIMA, RACISMO ESTRUCTURAL Y CLASISMO"},"content":{"rendered":"\n<p>Este fin de semana pasado ha sido especial y genial encontrarnos online para trabajar \u00bfQu\u00e9 puede ofrecer el Trabajo de Procesos en este momento tan crucial en nuestra historia?<\/p>\n\n\n\n<p>Un cambio de perspectiva &#8211; viendo la interconexi\u00f3n, interdependencia, complejidad, multidimensionalidad del campo que estamos facilitando.<\/p>\n\n\n\n<p>Esto lo cambia todo.<\/p>\n\n\n\n<p>Los resultados de los patrones hist\u00f3ricos de pensamiento compartimentado que sustentan el dise\u00f1o de nuestra sociedad global y los patrones de pensamiento propios son claramente insostenibles.<\/p>\n\n\n\n<p>La dificultad es que muchos de estos sistemas de creencias ahora son inconscientes e internalizados, apareciendo no solo entre los actores pol\u00edticos globales, sino entre nosotros en nuestras familias, comunidades y relaciones, y dentro de nosotros entre las partes de nosotros.<\/p>\n\n\n\n<figure class=\"wp-block-image size-large\"><img loading=\"lazy\" decoding=\"async\" width=\"516\" height=\"448\" src=\"https:\/\/www.trabajodeprocesos.net\/wp-content\/uploads\/2021\/02\/SEMINAR1.png\" alt=\"\" class=\"wp-image-10217\" srcset=\"https:\/\/www.trabajodeprocesos.net\/wp-content\/uploads\/2021\/02\/SEMINAR1.png 516w, https:\/\/www.trabajodeprocesos.net\/wp-content\/uploads\/2021\/02\/SEMINAR1-300x260.png 300w\" sizes=\"auto, (max-width: 516px) 100vw, 516px\" \/><\/figure>\n\n\n\n<p>En este contexto adem\u00e1s, el pensamiento ecol\u00f3gico es clave &#8230; y &#8230; todav\u00eda muy nuevo &#8230; la responsabilidad y la conciencia son los ingredientes importantes.<\/p>\n\n\n\n<p>Han sido 3 d\u00edas intensos y todav\u00eda estamos trabajando con los estudiantes formales&#8230;<\/p>\n\n\n\n<p>Por cierto, \u00bfconoc\u00e9is la famosa TEORIA DEL DONUT?<\/p>\n\n\n\n<p>El Donut: una br\u00fajula del siglo XXI. Entre su fundamento social de bienestar humano y el techo ecol\u00f3gico de la presi\u00f3n de las plantas se encuentra el espacio justo y seguro para la humanidad. Resultado de imagen de teoria del donut.<\/p>\n\n\n\n<figure class=\"wp-block-image size-large\"><img loading=\"lazy\" decoding=\"async\" width=\"655\" height=\"543\" src=\"https:\/\/www.trabajodeprocesos.net\/wp-content\/uploads\/2021\/02\/DONUT.png\" alt=\"\" class=\"wp-image-10220\" srcset=\"https:\/\/www.trabajodeprocesos.net\/wp-content\/uploads\/2021\/02\/DONUT.png 655w, https:\/\/www.trabajodeprocesos.net\/wp-content\/uploads\/2021\/02\/DONUT-300x249.png 300w\" sizes=\"auto, (max-width: 655px) 100vw, 655px\" \/><\/figure>\n\n\n\n<p>La econom\u00eda del donut se trata de un modelo propuesto por Kate Raworth que busca el crecimiento financiero a la vez que impulsar el bienestar de todos. Este sistema, que propone un estilo de vida digno, justo y sostenible; podr\u00eda ser la soluci\u00f3n para la crisis que se aproxima.<\/p>\n\n\n\n<p>Gracias a todas por venir! En mayo tenemos el pr\u00f3ximo seminario, en breve abrimos inscripciones. Seguimos trabajando para un mundo mejor.<\/p>\n","protected":false},"excerpt":{"rendered":"<p>Este fin de semana pasado ha sido especial y genial encontrarnos online para trabajar \u00bfQu\u00e9 puede ofrecer el Trabajo de Procesos en este momento tan crucial en nuestra historia? Un cambio de perspectiva &#8211; viendo la interconexi\u00f3n, interdependencia, complejidad, multidimensionalidad del campo que estamos facilitando. Esto lo cambia todo. Los resultados de los patrones hist\u00f3ricos [&hellip;]<\/p>\n","protected":false},"author":6,"featured_media":10214,"comment_status":"closed","ping_status":"closed","sticky":false,"template":"","format":"standard","meta":{"footnotes":""},"categories":[5],"tags":[],"class_list":["post-10213","post","type-post","status-publish","format-standard","has-post-thumbnail","hentry","category-uncategorized"],"yoast_head":"<!-- This site is optimized with the Yoast SEO plugin v15.4 - https:\/\/yoast.com\/wordpress\/plugins\/seo\/ -->\n<title>Gracias a todas las participantes del seminario: REMODELANDO PATRONES HIST\u00d3RICOS: CLIMA, RACISMO ESTRUCTURAL Y CLASISMO - Trabajo de Procesos<\/title>\n<meta name=\"robots\" content=\"index, follow, max-snippet:-1, max-image-preview:large, max-video-preview:-1\" \/>\n<link rel=\"canonical\" href=\"https:\/\/www.trabajodeprocesos.net\/en\/gracias-a-todas-las-participantes-del-seminario-remodelando-patrones-historicos-clima-racismo-estructural-y-clasismo\/\" \/>\n<meta property=\"og:locale\" content=\"en_US\" \/>\n<meta property=\"og:type\" content=\"article\" \/>\n<meta property=\"og:title\" content=\"Gracias a todas las participantes del seminario: REMODELANDO PATRONES HIST\u00d3RICOS: CLIMA, RACISMO ESTRUCTURAL Y CLASISMO - Trabajo de Procesos\" \/>\n<meta property=\"og:description\" content=\"Este fin de semana pasado ha sido especial y genial encontrarnos online para trabajar \u00bfQu\u00e9 puede ofrecer el Trabajo de Procesos en este momento tan crucial en nuestra historia? Un cambio de perspectiva &#8211; viendo la interconexi\u00f3n, interdependencia, complejidad, multidimensionalidad del campo que estamos facilitando. Esto lo cambia todo. Los resultados de los patrones hist\u00f3ricos [&hellip;]\" \/>\n<meta property=\"og:url\" content=\"https:\/\/www.trabajodeprocesos.net\/en\/gracias-a-todas-las-participantes-del-seminario-remodelando-patrones-historicos-clima-racismo-estructural-y-clasismo\/\" \/>\n<meta property=\"og:site_name\" content=\"Trabajo de Procesos\" \/>\n<meta property=\"article:published_time\" content=\"2022-03-08T10:13:05+00:00\" \/>\n<meta property=\"article:modified_time\" content=\"2026-01-13T08:31:02+00:00\" \/>\n<meta property=\"og:image\" content=\"https:\/\/www.trabajodeprocesos.net\/wp-content\/uploads\/2021\/02\/gracias.png\" \/>\n\t<meta property=\"og:image:width\" content=\"769\" \/>\n\t<meta property=\"og:image:height\" content=\"539\" \/>\n<meta name=\"twitter:card\" content=\"summary_large_image\" \/>\n<meta name=\"twitter:label1\" content=\"Written by\">\n\t<meta name=\"twitter:data1\" content=\"Admin\">\n\t<meta name=\"twitter:label2\" content=\"Est. reading time\">\n\t<meta name=\"twitter:data2\" content=\"1 minute\">\n<script type=\"application\/ld+json\" class=\"yoast-schema-graph\">{\"@context\":\"https:\/\/schema.org\",\"@graph\":[{\"@type\":\"WebSite\",\"@id\":\"https:\/\/www.trabajodeprocesos.net\/en\/#website\",\"url\":\"https:\/\/www.trabajodeprocesos.net\/en\/\",\"name\":\"Trabajo de Procesos\",\"description\":\"\",\"potentialAction\":[{\"@type\":\"SearchAction\",\"target\":\"https:\/\/www.trabajodeprocesos.net\/en\/?s={search_term_string}\",\"query-input\":\"required name=search_term_string\"}],\"inLanguage\":\"en-US\"},{\"@type\":\"ImageObject\",\"@id\":\"https:\/\/www.trabajodeprocesos.net\/en\/gracias-a-todas-las-participantes-del-seminario-remodelando-patrones-historicos-clima-racismo-estructural-y-clasismo\/#primaryimage\",\"inLanguage\":\"en-US\",\"url\":\"https:\/\/www.trabajodeprocesos.net\/wp-content\/uploads\/2021\/02\/gracias.png\",\"width\":769,\"height\":539},{\"@type\":\"WebPage\",\"@id\":\"https:\/\/www.trabajodeprocesos.net\/en\/gracias-a-todas-las-participantes-del-seminario-remodelando-patrones-historicos-clima-racismo-estructural-y-clasismo\/#webpage\",\"url\":\"https:\/\/www.trabajodeprocesos.net\/en\/gracias-a-todas-las-participantes-del-seminario-remodelando-patrones-historicos-clima-racismo-estructural-y-clasismo\/\",\"name\":\"Gracias a todas las participantes del seminario: REMODELANDO PATRONES HIST\\u00d3RICOS: CLIMA, RACISMO ESTRUCTURAL Y CLASISMO - Trabajo de Procesos\",\"isPartOf\":{\"@id\":\"https:\/\/www.trabajodeprocesos.net\/en\/#website\"},\"primaryImageOfPage\":{\"@id\":\"https:\/\/www.trabajodeprocesos.net\/en\/gracias-a-todas-las-participantes-del-seminario-remodelando-patrones-historicos-clima-racismo-estructural-y-clasismo\/#primaryimage\"},\"datePublished\":\"2022-03-08T10:13:05+00:00\",\"dateModified\":\"2026-01-13T08:31:02+00:00\",\"author\":{\"@id\":\"https:\/\/www.trabajodeprocesos.net\/en\/#\/schema\/person\/f94150c60776078d5e5dff2343cf5d3c\"},\"inLanguage\":\"en-US\",\"potentialAction\":[{\"@type\":\"ReadAction\",\"target\":[\"https:\/\/www.trabajodeprocesos.net\/en\/gracias-a-todas-las-participantes-del-seminario-remodelando-patrones-historicos-clima-racismo-estructural-y-clasismo\/\"]}]},{\"@type\":\"Person\",\"@id\":\"https:\/\/www.trabajodeprocesos.net\/en\/#\/schema\/person\/f94150c60776078d5e5dff2343cf5d3c\",\"name\":\"Admin\",\"image\":{\"@type\":\"ImageObject\",\"@id\":\"https:\/\/www.trabajodeprocesos.net\/en\/#personlogo\",\"inLanguage\":\"en-US\",\"url\":\"https:\/\/secure.gravatar.com\/avatar\/f1444f2c291341a5e91ff3d721bde7263603974dd051d1bc9f64e3a3ba862485?s=96&d=mm&r=g\",\"caption\":\"Admin\"}}]}<\/script>\n<!-- \/ Yoast SEO plugin. -->","_links":{"self":[{"href":"https:\/\/www.trabajodeprocesos.net\/en\/wp-json\/wp\/v2\/posts\/10213","targetHints":{"allow":["GET"]}}],"collection":[{"href":"https:\/\/www.trabajodeprocesos.net\/en\/wp-json\/wp\/v2\/posts"}],"about":[{"href":"https:\/\/www.trabajodeprocesos.net\/en\/wp-json\/wp\/v2\/types\/post"}],"author":[{"embeddable":true,"href":"https:\/\/www.trabajodeprocesos.net\/en\/wp-json\/wp\/v2\/users\/6"}],"replies":[{"embeddable":true,"href":"https:\/\/www.trabajodeprocesos.net\/en\/wp-json\/wp\/v2\/comments?post=10213"}],"version-history":[{"count":2,"href":"https:\/\/www.trabajodeprocesos.net\/en\/wp-json\/wp\/v2\/posts\/10213\/revisions"}],"predecessor-version":[{"id":13312,"href":"https:\/\/www.trabajodeprocesos.net\/en\/wp-json\/wp\/v2\/posts\/10213\/revisions\/13312"}],"wp:featuredmedia":[{"embeddable":true,"href":"https:\/\/www.trabajodeprocesos.net\/en\/wp-json\/wp\/v2\/media\/10214"}],"wp:attachment":[{"href":"https:\/\/www.trabajodeprocesos.net\/en\/wp-json\/wp\/v2\/media?parent=10213"}],"wp:term":[{"taxonomy":"category","embeddable":true,"href":"https:\/\/www.trabajodeprocesos.net\/en\/wp-json\/wp\/v2\/categories?post=10213"},{"taxonomy":"post_tag","embeddable":true,"href":"https:\/\/www.trabajodeprocesos.net\/en\/wp-json\/wp\/v2\/tags?post=10213"}],"curies":[{"name":"wp","href":"https:\/\/api.w.org\/{rel}","templated":true}]}}