{"id":9640,"date":"2021-01-09T17:48:04","date_gmt":"2021-01-09T15:48:04","guid":{"rendered":"http:\/\/www.trabajodeprocesos.net\/?p=9640"},"modified":"2026-01-13T10:29:57","modified_gmt":"2026-01-13T08:29:57","slug":"cervell-social-i-estereotips","status":"publish","type":"post","link":"https:\/\/www.trabajodeprocesos.net\/ca\/cervell-social-i-estereotips\/","title":{"rendered":"Cervell social i estereotips"},"content":{"rendered":"\n<h2 class=\"wp-block-heading\"><\/h2>\n\n\n\n<p><strong>La import\u00e0ncia de posar consci\u00e8ncia individual i comunit\u00e0ria sobre els estereotips i la seva propagaci\u00f3<\/strong><\/p>\n\n\n\n<h2 class=\"wp-block-heading\"><\/h2>\n\n\n\n<p><strong>La ci<\/strong><strong>\u00e8<\/strong><strong>ncia neurocient\u00edfica cognitiva social<\/strong> \u00e9s una nova branca de la neuroci\u00e8ncia que examina les \u00e0rees neuronals que ens impulsen a ser membres de les nombroses xarxes socials i culturals que ens envolten. Al seu torn, demostra com l&#8217;estreta relaci\u00f3 del nostre cervell amb aquestes xarxes incideixen en la transformaci\u00f3 de l&#8217;anomenat <strong>cervell social.<\/strong><\/p>\n\n\n\n<p><strong>El cervell social <\/strong><strong>\u00e9<\/strong><strong>s predictiu<\/strong> i genera models que ens guien en el nostre m\u00f3n exterior. El cervell usa aquesta informaci\u00f3 social que penetra des del m\u00f3n extern per a dibuixar les plantilles socials que defineixen tant el que hem d&#8217;esperar d&#8217;altres persones com de nosaltres mateixes. Part de la informaci\u00f3 d&#8217;aquestes plantilles est\u00e0 esbiaixada <strong>pels estereotips.<\/strong><strong><\/strong><\/p>\n\n\n\n<blockquote class=\"wp-block-quote is-layout-flow wp-block-quote-is-layout-flow\"><p><strong>Estereotip:<\/strong> <em>Imatge o idea acceptada comunament per un grup o societat amb car\u00e0cter immutable. <\/em>Rau<\/p><\/blockquote>\n\n\n\n<h2 class=\"wp-block-heading\"><\/h2>\n\n\n\n<p><em><strong>Com funciona el nostre cervell?<\/strong><\/em><\/p>\n\n\n\n<p>El cervell t\u00e9 una naturalesa pl\u00e0stica i canviable. \u00c9s definit com un processador d&#8217;informaci\u00f3 m\u00e9s aviat passiu, que reacciona i s&#8217;adapta constantment a les enormes peces d&#8217;informaci\u00f3 que rep cada dia. Funciona com un Sistema d&#8217;Orientaci\u00f3 Proactiu, que genera cont\u00ednuament prediccions sobre el que pot passar a continuaci\u00f3, establint, per tant, antecedents. El nostre cervell observa la coincid\u00e8ncia entre aquestes prediccions i el resultat real, i retorna missatges d&#8217;error perqu\u00e8 s&#8217;actualitzi el precedent i aix\u00ed, ens puguem orientar amb seguretat a trav\u00e9s del bombardeig d&#8217;informaci\u00f3 que rebem cont\u00ednuament. L&#8217;objectiu principal d&#8217;aquest sistema \u00e9s minimitzar el \u201cerror de predicci\u00f3\u201d generant i actualitzant de pressa i de manera cont\u00ednua els antecedents a partir del rumb dels esdeveniments. Aquests antecedents aprofiten m\u00ednimes quantitats d&#8217;informaci\u00f3 per a calcular el seg\u00fcent pas i garantir que no hi hagi sorpreses, la qual cosa disminueix la necessitat de tornar a comprovar o donar massa voltes a les coses, que seria un balafiament des del punt de vista cognitiu. Quan arriba informaci\u00f3 sobre un nou desajustament, es reconstrueix r\u00e0pidament un nou antecedent. Aquesta codificaci\u00f3 predictiva s&#8217;aplica a imatges, sons, moviments elementals, llenguatge, art, m\u00fasica, humor, regles de comportament social\u2026<\/p>\n\n\n\n<p>D&#8217;aquesta manera el nostre cervell crea plantilles, formades per imatges que funcionen com a guia i que s\u00f3n massa generals i que, a m\u00e9s, treuen conclusions r\u00e0pides. Aquesta informaci\u00f3 \u00e9s important tamb\u00e9 per a entendre com funciona el trauma i com treballar-lo, per\u00f2 en aquest article no abordar\u00e9 aquesta tem\u00e0tica. Per qu\u00e8 llavors parlar d&#8217;aix\u00f2? Perqu\u00e8 les experi\u00e8ncies personals, les normes, les expectatives culturals i socials del sistema pol\u00edtic en el qual vivim, desvien i distreuen el nostre sistema predictiu d&#8217;orientaci\u00f3. Els estereotips s\u00f3n agents externs que tenen la capacitat de variar i canviar la nostra visi\u00f3 del m\u00f3n. La neuroci\u00e8ncia cognitiva social ha demostrat que els estereotips transformen el nostre cervell. Totes reprodu\u00efm en major o en menor manera estereotips, per aix\u00f2, la import\u00e0ncia de posar consci\u00e8ncia i corregir-los, \u00e9s la nostra responsabilitat com a individus.es i comunitats.<\/p>\n\n\n\n<h2 class=\"wp-block-heading\"><\/h2>\n\n\n\n<p><em><strong>Els estereotips<\/strong><\/em><\/p>\n\n\n\n<p>Es pot entendre als estereotips com les generalitzacions o caracter\u00edstiques te\u00f2ricament t\u00edpiques sobre un grup determinat de persones. Aquestes s\u00f3n moltes vegades negatives i a vegades es refereixen a aptituds concretes o mancant elles. Si filem m\u00e9s fi, alguns estereotips s\u00f3n fruit de conflictes sociohist\u00f2rics, uns altres de la necessitat de buscar culpables en contextos com a crisis econ\u00f2miques, guerres i conflictes diversos. Tot aix\u00f2 dins d&#8217;un marc de pensament que ent\u00e9n a l\u2019altre com el diferent, anomenat per diverses escoles de pensament, com l\u2019<em>Otredat<\/em><em> i Alterofobia<\/em>, quan es parla espec\u00edficament de la por cap als i les altres. Cada cultura t\u00e9 la seva particular manera de marginalitzar certs estils, edats, g\u00e8neres, identitats\u2026 Si ens situem en el marc de la cultura occidental, els estereotips estaran marcats per codis racistes, sexistes, lesbof\u00f2bics, hom\u00f2fobs, entre d\u2019altres\u2026<\/p>\n\n\n\n<p>Com he explicat unes l\u00ednies abans, gran part del comportament social consisteix en prediccions. Mitjan\u00e7ant aquestes prediccions, adquirim una s\u00e8rie d&#8217;instruccions que mostren les regles del joc social i fan que puguem predir-les, la qual cosa ens permet dir i fer el que correspon i evitar ficades de pota. \u00c9s just aqu\u00ed, en les instruccions, que parteix del seu contingut est\u00e0 escrit per l&#8217;empremta dels estereotips. Es poden definir tamb\u00e9 com a dreceres socials, que ens permeten un acc\u00e9s r\u00e0pid (encara que no sempre encertat) a tota una s\u00e8rie d&#8217;expectatives sobre com es comportaran altres, com reaccionaran cap a nosaltres, si seran sociables, introvertides, solit\u00e0ries\u2026 Els estereotips tamb\u00e9 es poden incorporar com un sistema de creences en el nostre propi sentiment d&#8217;identitat: qu\u00e8 s&#8217;espera d&#8217;alg\u00fa com jo? Com haig de comportar-me segons el meu sistema de g\u00e8nere? Quan aquestes creences s&#8217;incorporen en la nostra identitat, poden adquirir forma de cr\u00edtics, que s\u00f3n veus que ens limiten la nostra diversitat, marginant parts de nosaltres mateixes, com a sentiments, creativitat, etc. Aquest mecanisme arriba al seu extrem, amb l&#8217;anomenada Opressi\u00f3 internalitzada. L&#8217;Opressi\u00f3 internalitzada es defineix com el mecanisme pel qual, els estereotips negatius associats a grups marginats i discriminats, es bolquen a l&#8217;interior de les persones d&#8217;aquests col\u00b7lectius, seguint l&#8217;estructura explicada anteriorment: l&#8217;extern es fa intern a trav\u00e9s del sistema de creences i les veus dels cr\u00edtics.<\/p>\n\n\n\n<h2 class=\"wp-block-heading\"><\/h2>\n\n\n\n<p><em><strong>El cervell processa de manera diferent als estereotips<\/strong><\/em><\/p>\n\n\n\n<p>El cervell processa les categories socials associades als estereotips de manera diferent a com processa un altre coneixement sem\u00e0ntic m\u00e9s general. La informaci\u00f3 social s&#8217;emmagatzema en una base de dades \u201cneutral\u201d per\u00f2 es processa separadament i s&#8217;etiqueta amb deduccions sobre el que pot esperar-se de les i dels membres d&#8217;una categoria determinada, sigui positiu o negatiu, congruent amb les normes del nostre propi grup o no, i al marge de com es relacioni amb el nostre sentit del jo.<\/p>\n\n\n\n<p>Per aix\u00f2, t\u00e9 conseq\u00fc\u00e8ncies en les actituds en el m\u00f3n i poden alterar l&#8217;estructura i la funci\u00f3 cerebral. El que succeeix en el nostre cervell social pot interferir en els nostres processos cognitius. Si la nostra carpeta d&#8217;imatges de nosaltres mateixes inclou la pertinen\u00e7a a un grup amb un estereotip negatiu, l&#8217;actuaci\u00f3 d&#8217;aquest fet concret pot provocar els efectes de profecia autocumplida o amena\u00e7a de l&#8217;estereotip.<\/p>\n\n\n\n<h2 class=\"wp-block-heading\"><\/h2>\n\n\n\n<p><em><strong>La profecia autocumplida, l&#8217;amena\u00e7a de l&#8217;estereotip i l&#8217;opressi\u00f3 internalitzada<\/strong><\/em><\/p>\n\n\n\n<p>L&#8217;amena\u00e7a de l&#8217;estereotip o profecia autocumplida es coneix a la influ\u00e8ncia que exerceix l&#8217;estereotip en el pla personal. Per\u00f2 com hem vist, el pla personal est\u00e0 relacionat amb la nostra identitat social i al seu torn \u00e9s un repte, perqu\u00e8 la categoria social a les quals pertanyem est\u00e0 valorada pels i per les altres.<\/p>\n\n\n\n<p>El soci\u00f2leg Robert Merton es va referir a la profecia autocumplida com l&#8217;estat en el qual com m\u00e9s tens, m\u00e9s obtindr\u00e0s. Si pertanys a una classe privilegiada, tindr\u00e0s m\u00e9s recursos i privilegis. Si invertim la situaci\u00f3, menys tens, menys obtindr\u00e0s.<\/p>\n\n\n\n<p>La neur\u00f2loga cognitiva Gina Rippon, parla de l&#8217;amena\u00e7a de l&#8217;estereotip com un concepte que se centra exclusivament en les conseq\u00fc\u00e8ncies dels estereotips negatius. Incloc en aquest concepte a l&#8217;Opressi\u00f3 internalitzada, entesa com la interioritzaci\u00f3 dels estereotips negatius. Gina Rippon explica alguns dels s\u00edmptomes que genera l&#8217;amena\u00e7a: una pauta excessiva de recursos cognitius a vigilar-se i comprovar si es cometen errors, estr\u00e8s indu\u00eft per la sensaci\u00f3 de ser jutjades i les expectatives negatives sobre el seu comportament. El correlat neuronal espec\u00edfic tamb\u00e9 funciona diferent, ja que intervenen regions associades al processament social i emocional (el C\u00f2rtex Cingular Anterior) en comptes de les quals haurien estat m\u00e9s apropiades per a la tasca en q\u00fcesti\u00f3. Per tant, l&#8217;amena\u00e7a de l&#8217;estereotip afegeix una c\u00e0rrega m\u00e9s a la tasca cognitiva: s&#8217;activa el sistema d\u2019 \u201cavaluaci\u00f3 d&#8217;errors\u201d del cervell, l&#8217;ansietat enc\u00e9n el sistema de regulaci\u00f3 de les emocions i els recursos d&#8217;atenci\u00f3 es distreuen.<\/p>\n\n\n\n<h2 class=\"wp-block-heading\"><\/h2>\n\n\n\n<p><em><strong>Els bons i els dolents<\/strong><\/em><\/p>\n\n\n\n<p>Quan s&#8217;est\u00e0 construint la imatge d&#8217;un grup, el cervell posa molta m\u00e9s atenci\u00f3 als estereotips negatius. \u00c9s a dir, la informaci\u00f3 del tipus: \u201cels de tal grup roben\u201d es processa de forma molt m\u00e9s activa que si la informaci\u00f3 \u00e9s del tipus: \u201cels de tal grup s\u00f3n simp\u00e0tics\u201d.<\/p>\n\n\n\n<p>I al seu torn, es torna a repetir una forta reacci\u00f3 si \u201cun dolent\u201d fa una cosa inesperada que no encaixa amb la plantilla que s&#8217;ha creat del seu grup. Seria un exemple: un dolent va regalar flors a la seva \u00e0via. Aix\u00f2 s&#8217;ent\u00e9n com un error de predicci\u00f3 i s&#8217;activa m\u00e9s, que, en el cas contrari, si un bo transgredeix la seva norma i fa una mica del tipus dolent.<\/p>\n\n\n\n<h2 class=\"wp-block-heading\"><\/h2>\n\n\n\n<p><em><strong>Conclusions<\/strong><\/em><\/p>\n\n\n\n<p>El cervell social mitjan\u00e7ant el seu mecanisme de funcionament i el seu sistema predictiu, absorbeix i reflecteix les actituds i expectatives dels que ens envolten. La neurologia cognitiva social posa \u00e8mfasi en el fet que el cervell ja est\u00e0 format parcialment quan un beb\u00e8 neix. A partir d&#8217;aquest moment creixer\u00e0 i s&#8217;anir\u00e0 desenvolupant. El cervell d\u2019un.a nen.a als sis anys t\u00e9 el 90 per cent de la grand\u00e0ria que tindr\u00e0 en l&#8217;edat adulta. No obstant aix\u00f2 el nostre cervell est\u00e0 ja actiu poc abans de n\u00e9ixer i el seu desenvolupament, dependr\u00e0 de la unitat a l&#8217;entorn en el qual es desenvolupa; el cervell \u00e9s molt sensible al que aporta el m\u00f3n: cures i amor. Si aquesta aportaci\u00f3 \u00e9s defectuosa, el cervell la reflectir\u00e0.<\/p>\n\n\n\n<p>Per aix\u00f2, perqu\u00e8 el cervell ja est\u00e0 actiu i absorbeix de molt incipient, seria necessari posar consci\u00e8ncia com a societat, com a comunitats i individus.es en els estereotips que reprodu\u00efm i poder corregir-los. Totes en menor o major mesura els tenim i totes som responsables de corregir-los.<\/p>\n\n\n\n<h2 class=\"wp-block-heading\"><\/h2>\n\n\n\n<blockquote class=\"wp-block-quote is-layout-flow wp-block-quote-is-layout-flow\"><p><em>Despr\u00e9s de llegir aquest text, pensa en la teva experi\u00e8ncia personal. <\/em><\/p><p><em>T&#8217;han afectat o t&#8217;afecten els estereotips? Com? Et sents identificat amb l&#8217;amena\u00e7a de l&#8217;estereotip i has sentit s\u00edmptomes en el cos? Quins s\u00edmptomes? O m\u00e9s aviat, amb la profecia autocumplida de com m\u00e9s tens m\u00e9s obtens? <\/em><\/p><p><em>Pren un altre minut per a veure si t&#8217;identifiques reproduint estereotips en la teva quotidianitat. Si \u00e9s s\u00ed, Quins s\u00f3n? Despr\u00e9s de llegir aquest text, et v\u00e9nen ganes de prendre m\u00e9s consci\u00e8ncia sobre aquest fet i corregir-los? Com ho faries?<\/em><\/p><\/blockquote>\n\n\n\n<h2 class=\"wp-block-heading\"><\/h2>\n\n\n\n<pre class=\"wp-block-preformatted\">Aquest text est\u00e0 escrit en la seva majoria amb informaci\u00f3 de: Gina Rippon,<em> El g<\/em><em>\u00e8<\/em><em>nere i els nostres cervells. La nova neuroci<\/em><em>\u00e8<\/em><em>ncia que trenca el mite del cervell femen<\/em><em>\u00ed<\/em>. Tamb\u00e9 he consultat les meves anotacions sobre Treball de Processos, Interculturalitat i Decolonialitat i el llibre de July Diamond anomenat <em>Power, a user<\/em><em>\u2019<\/em><em>s guide, on parla de la autoprofec<\/em><em>\u00eda complerta<\/em>, p\u00e1g.44.<\/pre>\n\n\n\n<h2 class=\"wp-block-heading\"><\/h2>\n\n\n\n<h2 class=\"wp-block-heading\"><\/h2>\n\n\n\n<p class=\"has-text-align-right\"><strong>Sol Abej\u00f3n Olivera<\/strong>&#8211; Cercle d&#8217;investigacions de l&#8217; Institut.<\/p>\n","protected":false},"excerpt":{"rendered":"<p>La import\u00e0ncia de posar consci\u00e8ncia individual i comunit\u00e0ria sobre els estereotips i la seva propagaci\u00f3 La ci\u00e8ncia neurocient\u00edfica cognitiva social \u00e9s una nova branca de la neuroci\u00e8ncia que examina les \u00e0rees neuronals que ens impulsen a ser membres de les nombroses xarxes socials i culturals que ens envolten. Al seu torn, demostra com l&#8217;estreta relaci\u00f3 [&hellip;]<\/p>\n","protected":false},"author":6,"featured_media":9627,"comment_status":"closed","ping_status":"closed","sticky":false,"template":"","format":"standard","meta":{"footnotes":""},"categories":[4],"tags":[],"class_list":["post-9640","post","type-post","status-publish","format-standard","has-post-thumbnail","hentry","category-sense-categoria"],"yoast_head":"<!-- This site is optimized with the Yoast SEO plugin v15.4 - https:\/\/yoast.com\/wordpress\/plugins\/seo\/ -->\n<title>Cervell social i estereotips - Trabajo de Procesos<\/title>\n<meta name=\"robots\" content=\"index, follow, max-snippet:-1, max-image-preview:large, max-video-preview:-1\" \/>\n<link rel=\"canonical\" href=\"https:\/\/www.trabajodeprocesos.net\/ca\/cervell-social-i-estereotips\/\" \/>\n<meta property=\"og:locale\" content=\"ca_ES\" \/>\n<meta property=\"og:type\" content=\"article\" \/>\n<meta property=\"og:title\" content=\"Cervell social i estereotips - Trabajo de Procesos\" \/>\n<meta property=\"og:description\" content=\"La import\u00e0ncia de posar consci\u00e8ncia individual i comunit\u00e0ria sobre els estereotips i la seva propagaci\u00f3 La ci\u00e8ncia neurocient\u00edfica cognitiva social \u00e9s una nova branca de la neuroci\u00e8ncia que examina les \u00e0rees neuronals que ens impulsen a ser membres de les nombroses xarxes socials i culturals que ens envolten. Al seu torn, demostra com l&#8217;estreta relaci\u00f3 [&hellip;]\" \/>\n<meta property=\"og:url\" content=\"https:\/\/www.trabajodeprocesos.net\/ca\/cervell-social-i-estereotips\/\" \/>\n<meta property=\"og:site_name\" content=\"Trabajo de Procesos\" \/>\n<meta property=\"article:published_time\" content=\"2021-01-09T15:48:04+00:00\" \/>\n<meta property=\"article:modified_time\" content=\"2026-01-13T08:29:57+00:00\" \/>\n<meta property=\"og:image\" content=\"https:\/\/www.trabajodeprocesos.net\/wp-content\/uploads\/2021\/01\/neuronas-espejo-e1610207229906.jpg\" \/>\n\t<meta property=\"og:image:width\" content=\"900\" \/>\n\t<meta property=\"og:image:height\" content=\"599\" \/>\n<meta name=\"twitter:card\" content=\"summary_large_image\" \/>\n<meta name=\"twitter:label1\" content=\"Escrit per\">\n\t<meta name=\"twitter:data1\" content=\"Admin\">\n\t<meta name=\"twitter:label2\" content=\"Temps estimat de lectura\">\n\t<meta name=\"twitter:data2\" content=\"7 minuts\">\n<script type=\"application\/ld+json\" class=\"yoast-schema-graph\">{\"@context\":\"https:\/\/schema.org\",\"@graph\":[{\"@type\":\"WebSite\",\"@id\":\"https:\/\/www.trabajodeprocesos.net\/ca\/#website\",\"url\":\"https:\/\/www.trabajodeprocesos.net\/ca\/\",\"name\":\"Trabajo de Procesos\",\"description\":\"\",\"potentialAction\":[{\"@type\":\"SearchAction\",\"target\":\"https:\/\/www.trabajodeprocesos.net\/ca\/?s={search_term_string}\",\"query-input\":\"required name=search_term_string\"}],\"inLanguage\":\"ca\"},{\"@type\":\"ImageObject\",\"@id\":\"https:\/\/www.trabajodeprocesos.net\/ca\/cervell-social-i-estereotips\/#primaryimage\",\"inLanguage\":\"ca\",\"url\":\"https:\/\/www.trabajodeprocesos.net\/wp-content\/uploads\/2021\/01\/neuronas-espejo-e1610207229906.jpg\",\"width\":900,\"height\":599},{\"@type\":\"WebPage\",\"@id\":\"https:\/\/www.trabajodeprocesos.net\/ca\/cervell-social-i-estereotips\/#webpage\",\"url\":\"https:\/\/www.trabajodeprocesos.net\/ca\/cervell-social-i-estereotips\/\",\"name\":\"Cervell social i estereotips - Trabajo de Procesos\",\"isPartOf\":{\"@id\":\"https:\/\/www.trabajodeprocesos.net\/ca\/#website\"},\"primaryImageOfPage\":{\"@id\":\"https:\/\/www.trabajodeprocesos.net\/ca\/cervell-social-i-estereotips\/#primaryimage\"},\"datePublished\":\"2021-01-09T15:48:04+00:00\",\"dateModified\":\"2026-01-13T08:29:57+00:00\",\"author\":{\"@id\":\"https:\/\/www.trabajodeprocesos.net\/ca\/#\/schema\/person\/f94150c60776078d5e5dff2343cf5d3c\"},\"inLanguage\":\"ca\",\"potentialAction\":[{\"@type\":\"ReadAction\",\"target\":[\"https:\/\/www.trabajodeprocesos.net\/ca\/cervell-social-i-estereotips\/\"]}]},{\"@type\":\"Person\",\"@id\":\"https:\/\/www.trabajodeprocesos.net\/ca\/#\/schema\/person\/f94150c60776078d5e5dff2343cf5d3c\",\"name\":\"Admin\",\"image\":{\"@type\":\"ImageObject\",\"@id\":\"https:\/\/www.trabajodeprocesos.net\/ca\/#personlogo\",\"inLanguage\":\"ca\",\"url\":\"https:\/\/secure.gravatar.com\/avatar\/f1444f2c291341a5e91ff3d721bde7263603974dd051d1bc9f64e3a3ba862485?s=96&d=mm&r=g\",\"caption\":\"Admin\"}}]}<\/script>\n<!-- \/ Yoast SEO plugin. -->","_links":{"self":[{"href":"https:\/\/www.trabajodeprocesos.net\/ca\/wp-json\/wp\/v2\/posts\/9640","targetHints":{"allow":["GET"]}}],"collection":[{"href":"https:\/\/www.trabajodeprocesos.net\/ca\/wp-json\/wp\/v2\/posts"}],"about":[{"href":"https:\/\/www.trabajodeprocesos.net\/ca\/wp-json\/wp\/v2\/types\/post"}],"author":[{"embeddable":true,"href":"https:\/\/www.trabajodeprocesos.net\/ca\/wp-json\/wp\/v2\/users\/6"}],"replies":[{"embeddable":true,"href":"https:\/\/www.trabajodeprocesos.net\/ca\/wp-json\/wp\/v2\/comments?post=9640"}],"version-history":[{"count":1,"href":"https:\/\/www.trabajodeprocesos.net\/ca\/wp-json\/wp\/v2\/posts\/9640\/revisions"}],"predecessor-version":[{"id":9641,"href":"https:\/\/www.trabajodeprocesos.net\/ca\/wp-json\/wp\/v2\/posts\/9640\/revisions\/9641"}],"wp:featuredmedia":[{"embeddable":true,"href":"https:\/\/www.trabajodeprocesos.net\/ca\/wp-json\/wp\/v2\/media\/9627"}],"wp:attachment":[{"href":"https:\/\/www.trabajodeprocesos.net\/ca\/wp-json\/wp\/v2\/media?parent=9640"}],"wp:term":[{"taxonomy":"category","embeddable":true,"href":"https:\/\/www.trabajodeprocesos.net\/ca\/wp-json\/wp\/v2\/categories?post=9640"},{"taxonomy":"post_tag","embeddable":true,"href":"https:\/\/www.trabajodeprocesos.net\/ca\/wp-json\/wp\/v2\/tags?post=9640"}],"curies":[{"name":"wp","href":"https:\/\/api.w.org\/{rel}","templated":true}]}}