{"id":6387,"date":"2020-04-03T12:34:43","date_gmt":"2020-04-03T10:34:43","guid":{"rendered":"http:\/\/www.trabajodeprocesos.net\/?p=6387"},"modified":"2026-01-13T10:29:58","modified_gmt":"2026-01-13T08:29:58","slug":"9-dabril-17h-la-filosofia-de-lubuntu-jo-soc-perque-nosaltres-som-xerrada-gratuita-en-linia-emmarcada-dins-el-curs-de-facilitacio-triennal-en-collaboracio-amb-fil-a-lagulla","status":"publish","type":"post","link":"https:\/\/www.trabajodeprocesos.net\/ca\/9-dabril-17h-la-filosofia-de-lubuntu-jo-soc-perque-nosaltres-som-xerrada-gratuita-en-linia-emmarcada-dins-el-curs-de-facilitacio-triennal-en-collaboracio-amb-fil-a-lagulla\/","title":{"rendered":"9 d&#8217;abril-17h \u00abLa filosofia de l&#8217;ubuntu: Jo s\u00f3c perqu\u00e8 nosaltres som\u00bb Xerrada gratu\u00efta en l\u00ednia emmarcada dins el Curs de Facilitaci\u00f3 Triennal en col\u00b7laboraci\u00f3 amb Fil a l&#8217;Agulla"},"content":{"rendered":"<p>El dijous 9 d\u2019abril, a les 17 h, Nonty Charity Sabic far\u00e0 una xerrada sobre l\u2019ubuntu, una filosofia ancestral que considera la solidaritat col\u00b7lectiva com a eix central per a la superviv\u00e8ncia del nostre planeta i de la ra\u00e7a humana.<\/p>\n<p>Aquesta xerrada online, gratu\u00efta i oberta a tothom que hi vulgui participar, est\u00e0 emmarcada dins del <a href=\"http:\/\/www.trabajodeprocesos.net\/curs-de-facilitacio-triannual-amb-fil-a-lagulla\/\">Curs de Facilitaci\u00f3 Triennal en col\u00b7laboraci\u00f3 amb Fil a l&#8217;Agulla<\/a>.<\/p>\n<p>La filosofia de l\u2019ubuntu deriva d\u2019una paraula Nguni \u201cubuntu\u201d, que significa \u201cla qualitat de ser hum\u00e0\u201d, i es manifesta a trav\u00e9s de diversos actes humans, clarament visibles en situacions socials, pol\u00edtiques i econ\u00f2miques, aix\u00ed com entre la comunitat o fam\u00edlia. L&#8217;ubuntu corre per les venes de totes les persones africanes.<\/p>\n<p>Quan: 9 d&#8217;abril de 17 a 19 h<br \/>\nOn: ONLINE, podr\u00e0s seguir la xerrada en directe via<strong> <a href=\"https:\/\/zoom.us\/j\/824558013?pwd=TGRsLytuREJKK0tqWm91OThXVXhEUT09\">Zoom<\/a>.<\/strong><br \/>\nIdioma: Angl\u00e8s, amb traducci\u00f3 al castell\u00e0<\/p>\n<p>No cal inscripci\u00f3 pr\u00e8via. No pots seguir-la en directe? La sessi\u00f3 ser\u00e0 gravada i compartida als nostres canals.<\/p>\n<p>Necessites m\u00e9s informaci\u00f3? Visita la nostra web o escriu-nos a info@trabajodeprocesos.net o escolafil@filalagulla.org.<\/p>\n<p>&nbsp;<\/p>\n<p>&nbsp;<\/p>\n","protected":false},"excerpt":{"rendered":"<p>El dijous 9 d\u2019abril, a les 17 h, Nonty Charity Sabic far\u00e0 una xerrada sobre l\u2019ubuntu, una filosofia ancestral que considera la solidaritat col\u00b7lectiva com a eix central per a la superviv\u00e8ncia del nostre planeta i de la ra\u00e7a humana. Aquesta xerrada online, gratu\u00efta i oberta a tothom que hi vulgui participar, est\u00e0 emmarcada dins [&hellip;]<\/p>\n","protected":false},"author":6,"featured_media":6388,"comment_status":"closed","ping_status":"open","sticky":false,"template":"","format":"standard","meta":{"footnotes":""},"categories":[92],"tags":[],"class_list":["post-6387","post","type-post","status-publish","format-standard","has-post-thumbnail","hentry","category-noticies"],"yoast_head":"<!-- This site is optimized with the Yoast SEO plugin v15.4 - https:\/\/yoast.com\/wordpress\/plugins\/seo\/ -->\n<title>9 d&#039;abril-17h \u00abLa filosofia de l&#039;ubuntu: Jo s\u00f3c perqu\u00e8 nosaltres som\u00bb Xerrada gratu\u00efta en l\u00ednia emmarcada dins el Curs de Facilitaci\u00f3 Triennal en col\u00b7laboraci\u00f3 amb Fil a l&#039;Agulla - Trabajo de Procesos<\/title>\n<meta name=\"robots\" content=\"index, follow, max-snippet:-1, max-image-preview:large, max-video-preview:-1\" \/>\n<link rel=\"canonical\" href=\"https:\/\/www.trabajodeprocesos.net\/ca\/9-dabril-17h-la-filosofia-de-lubuntu-jo-soc-perque-nosaltres-som-xerrada-gratuita-en-linia-emmarcada-dins-el-curs-de-facilitacio-triennal-en-collaboracio-amb-fil-a-lagulla\/\" \/>\n<meta property=\"og:locale\" content=\"ca_ES\" \/>\n<meta property=\"og:type\" content=\"article\" \/>\n<meta property=\"og:title\" content=\"9 d&#039;abril-17h \u00abLa filosofia de l&#039;ubuntu: Jo s\u00f3c perqu\u00e8 nosaltres som\u00bb Xerrada gratu\u00efta en l\u00ednia emmarcada dins el Curs de Facilitaci\u00f3 Triennal en col\u00b7laboraci\u00f3 amb Fil a l&#039;Agulla - Trabajo de Procesos\" \/>\n<meta property=\"og:description\" content=\"El dijous 9 d\u2019abril, a les 17 h, Nonty Charity Sabic far\u00e0 una xerrada sobre l\u2019ubuntu, una filosofia ancestral que considera la solidaritat col\u00b7lectiva com a eix central per a la superviv\u00e8ncia del nostre planeta i de la ra\u00e7a humana. Aquesta xerrada online, gratu\u00efta i oberta a tothom que hi vulgui participar, est\u00e0 emmarcada dins [&hellip;]\" \/>\n<meta property=\"og:url\" content=\"https:\/\/www.trabajodeprocesos.net\/ca\/9-dabril-17h-la-filosofia-de-lubuntu-jo-soc-perque-nosaltres-som-xerrada-gratuita-en-linia-emmarcada-dins-el-curs-de-facilitacio-triennal-en-collaboracio-amb-fil-a-lagulla\/\" \/>\n<meta property=\"og:site_name\" content=\"Trabajo de Procesos\" \/>\n<meta property=\"article:published_time\" content=\"2020-04-03T10:34:43+00:00\" \/>\n<meta property=\"article:modified_time\" content=\"2026-01-13T08:29:58+00:00\" \/>\n<meta property=\"og:image\" content=\"https:\/\/www.trabajodeprocesos.net\/wp-content\/uploads\/2020\/04\/WEB_-Cartells-Formacions-UBUNTI-cat.jpg\" \/>\n\t<meta property=\"og:image:width\" content=\"1920\" \/>\n\t<meta property=\"og:image:height\" content=\"1080\" \/>\n<meta name=\"twitter:card\" content=\"summary_large_image\" \/>\n<meta name=\"twitter:label1\" content=\"Escrit per\">\n\t<meta name=\"twitter:data1\" content=\"Admin\">\n\t<meta name=\"twitter:label2\" content=\"Temps estimat de lectura\">\n\t<meta name=\"twitter:data2\" content=\"1 minut\">\n<script type=\"application\/ld+json\" class=\"yoast-schema-graph\">{\"@context\":\"https:\/\/schema.org\",\"@graph\":[{\"@type\":\"WebSite\",\"@id\":\"https:\/\/www.trabajodeprocesos.net\/ca\/#website\",\"url\":\"https:\/\/www.trabajodeprocesos.net\/ca\/\",\"name\":\"Trabajo de Procesos\",\"description\":\"\",\"potentialAction\":[{\"@type\":\"SearchAction\",\"target\":\"https:\/\/www.trabajodeprocesos.net\/ca\/?s={search_term_string}\",\"query-input\":\"required name=search_term_string\"}],\"inLanguage\":\"ca\"},{\"@type\":\"ImageObject\",\"@id\":\"https:\/\/www.trabajodeprocesos.net\/ca\/9-dabril-17h-la-filosofia-de-lubuntu-jo-soc-perque-nosaltres-som-xerrada-gratuita-en-linia-emmarcada-dins-el-curs-de-facilitacio-triennal-en-collaboracio-amb-fil-a-lagulla\/#primaryimage\",\"inLanguage\":\"ca\",\"url\":\"https:\/\/www.trabajodeprocesos.net\/wp-content\/uploads\/2020\/04\/WEB_-Cartells-Formacions-UBUNTI-cat.jpg\",\"width\":1920,\"height\":1080},{\"@type\":\"WebPage\",\"@id\":\"https:\/\/www.trabajodeprocesos.net\/ca\/9-dabril-17h-la-filosofia-de-lubuntu-jo-soc-perque-nosaltres-som-xerrada-gratuita-en-linia-emmarcada-dins-el-curs-de-facilitacio-triennal-en-collaboracio-amb-fil-a-lagulla\/#webpage\",\"url\":\"https:\/\/www.trabajodeprocesos.net\/ca\/9-dabril-17h-la-filosofia-de-lubuntu-jo-soc-perque-nosaltres-som-xerrada-gratuita-en-linia-emmarcada-dins-el-curs-de-facilitacio-triennal-en-collaboracio-amb-fil-a-lagulla\/\",\"name\":\"9 d'abril-17h \\u00abLa filosofia de l'ubuntu: Jo s\\u00f3c perqu\\u00e8 nosaltres som\\u00bb Xerrada gratu\\u00efta en l\\u00ednia emmarcada dins el Curs de Facilitaci\\u00f3 Triennal en col\\u00b7laboraci\\u00f3 amb Fil a l'Agulla - Trabajo de Procesos\",\"isPartOf\":{\"@id\":\"https:\/\/www.trabajodeprocesos.net\/ca\/#website\"},\"primaryImageOfPage\":{\"@id\":\"https:\/\/www.trabajodeprocesos.net\/ca\/9-dabril-17h-la-filosofia-de-lubuntu-jo-soc-perque-nosaltres-som-xerrada-gratuita-en-linia-emmarcada-dins-el-curs-de-facilitacio-triennal-en-collaboracio-amb-fil-a-lagulla\/#primaryimage\"},\"datePublished\":\"2020-04-03T10:34:43+00:00\",\"dateModified\":\"2026-01-13T08:29:58+00:00\",\"author\":{\"@id\":\"https:\/\/www.trabajodeprocesos.net\/ca\/#\/schema\/person\/f94150c60776078d5e5dff2343cf5d3c\"},\"inLanguage\":\"ca\",\"potentialAction\":[{\"@type\":\"ReadAction\",\"target\":[\"https:\/\/www.trabajodeprocesos.net\/ca\/9-dabril-17h-la-filosofia-de-lubuntu-jo-soc-perque-nosaltres-som-xerrada-gratuita-en-linia-emmarcada-dins-el-curs-de-facilitacio-triennal-en-collaboracio-amb-fil-a-lagulla\/\"]}]},{\"@type\":\"Person\",\"@id\":\"https:\/\/www.trabajodeprocesos.net\/ca\/#\/schema\/person\/f94150c60776078d5e5dff2343cf5d3c\",\"name\":\"Admin\",\"image\":{\"@type\":\"ImageObject\",\"@id\":\"https:\/\/www.trabajodeprocesos.net\/ca\/#personlogo\",\"inLanguage\":\"ca\",\"url\":\"https:\/\/secure.gravatar.com\/avatar\/f1444f2c291341a5e91ff3d721bde7263603974dd051d1bc9f64e3a3ba862485?s=96&d=mm&r=g\",\"caption\":\"Admin\"}}]}<\/script>\n<!-- \/ Yoast SEO plugin. -->","_links":{"self":[{"href":"https:\/\/www.trabajodeprocesos.net\/ca\/wp-json\/wp\/v2\/posts\/6387","targetHints":{"allow":["GET"]}}],"collection":[{"href":"https:\/\/www.trabajodeprocesos.net\/ca\/wp-json\/wp\/v2\/posts"}],"about":[{"href":"https:\/\/www.trabajodeprocesos.net\/ca\/wp-json\/wp\/v2\/types\/post"}],"author":[{"embeddable":true,"href":"https:\/\/www.trabajodeprocesos.net\/ca\/wp-json\/wp\/v2\/users\/6"}],"replies":[{"embeddable":true,"href":"https:\/\/www.trabajodeprocesos.net\/ca\/wp-json\/wp\/v2\/comments?post=6387"}],"version-history":[{"count":1,"href":"https:\/\/www.trabajodeprocesos.net\/ca\/wp-json\/wp\/v2\/posts\/6387\/revisions"}],"predecessor-version":[{"id":23364,"href":"https:\/\/www.trabajodeprocesos.net\/ca\/wp-json\/wp\/v2\/posts\/6387\/revisions\/23364"}],"wp:featuredmedia":[{"embeddable":true,"href":"https:\/\/www.trabajodeprocesos.net\/ca\/wp-json\/wp\/v2\/media\/6388"}],"wp:attachment":[{"href":"https:\/\/www.trabajodeprocesos.net\/ca\/wp-json\/wp\/v2\/media?parent=6387"}],"wp:term":[{"taxonomy":"category","embeddable":true,"href":"https:\/\/www.trabajodeprocesos.net\/ca\/wp-json\/wp\/v2\/categories?post=6387"},{"taxonomy":"post_tag","embeddable":true,"href":"https:\/\/www.trabajodeprocesos.net\/ca\/wp-json\/wp\/v2\/tags?post=6387"}],"curies":[{"name":"wp","href":"https:\/\/api.w.org\/{rel}","templated":true}]}}