{"id":3268,"date":"2018-06-21T20:34:17","date_gmt":"2018-06-21T18:34:17","guid":{"rendered":"http:\/\/www.trabajodeprocesos.net\/?p=3268"},"modified":"2026-01-13T10:30:23","modified_gmt":"2026-01-13T08:30:23","slug":"seminari-worldwork-y-relaciones-1-al-3-de-marc-de-2019-barcelona","status":"publish","type":"post","link":"https:\/\/www.trabajodeprocesos.net\/ca\/seminari-worldwork-y-relaciones-1-al-3-de-marc-de-2019-barcelona\/","title":{"rendered":"Seminari &#8220;Democr\u00e0cia Profunda. Relacions &#038; el M\u00f3n: Una formaci\u00f3 en facilitaci\u00f3&#8221; (1 al 3 de mar\u00e7 de 2019) Barcelona"},"content":{"rendered":"<p>&nbsp;<\/p>\n<h2><strong><a href=\"https:\/\/goo.gl\/forms\/wQkcjvUN2ymdE7342\">INSCRIPCIONS OBERTES<\/a><\/strong><\/h2>\n<p><a href=\"https:\/\/goo.gl\/forms\/wQkcjvUN2ymdE7342\"><img loading=\"lazy\" decoding=\"async\" class=\"alignnone wp-image-4498\" src=\"http:\/\/www.trabajodeprocesos.net\/wp-content\/uploads\/2018\/09\/PDF1.jpg\" alt=\"\" width=\"650\" height=\"926\" srcset=\"https:\/\/www.trabajodeprocesos.net\/wp-content\/uploads\/2018\/09\/PDF1.jpg 576w, https:\/\/www.trabajodeprocesos.net\/wp-content\/uploads\/2018\/09\/PDF1-210x300.jpg 210w\" sizes=\"auto, (max-width: 650px) 100vw, 650px\" \/><\/a><\/p>\n<p><a href=\"https:\/\/goo.gl\/forms\/wQkcjvUN2ymdE7342\"><img loading=\"lazy\" decoding=\"async\" class=\"alignnone wp-image-4497\" src=\"http:\/\/www.trabajodeprocesos.net\/wp-content\/uploads\/2018\/09\/PDF2.jpg\" alt=\"\" width=\"650\" height=\"894\" srcset=\"https:\/\/www.trabajodeprocesos.net\/wp-content\/uploads\/2018\/09\/PDF2.jpg 585w, https:\/\/www.trabajodeprocesos.net\/wp-content\/uploads\/2018\/09\/PDF2-218x300.jpg 218w\" sizes=\"auto, (max-width: 650px) 100vw, 650px\" \/><\/a><\/p>\n<p>&nbsp;<\/p>\n<p>En aquests temps dif\u00edcils de la ruptura dels nostres ecosistemes, la crisi en el lideratge, la incertesa<br \/>\necon\u00f2mica i la manca de just\u00edcia social i \u00e8tica, \u00e9s clar que es necessita un canvi de consci\u00e8ncia i una forma<br \/>\ndiferent de relacionar-nos entre nosaltres i amb el m\u00f3n.<\/p>\n<p>\u00c9s un moment en qu\u00e8 el nostre lideratge \u00e9s cridat a l&#8217;acci\u00f3. Molts de nosaltres estem buscant noves<br \/>\nformes de facilitar el di\u00e0leg, la col\u00b7laboraci\u00f3 i canviar la nostra escolta m\u00e9s enll\u00e0 del biaix i els prejudicis<br \/>\ninconscients, a una comprensi\u00f3 m\u00e9s profunda que pot portar a una co-creaci\u00f3 de noves formes d&#8217;estar<br \/>\njunts i al nostre planeta.<\/p>\n<p>Com podem realment fer espai per a totes les veus? Com podem mantenir i facilitar la intensitat<br \/>\nemocional de les interaccions que hem de tenir entre l&#8217;opressor i l&#8217;oprimit? Quin \u00e9s el treball que hem<br \/>\nfer amb nosaltres mateixos i amb els altres? Cal aprendre co-facilitar, i co-crear l&#8217;espai en la qual cosa<br \/>\nla nostra intel\u00b7lig\u00e8ncia col\u00b7lectiva pot beneficiar el camp i els grups amb la qual cosa treballem.<\/p>\n<p>En aquesta formaci\u00f3 desenvoluparem habilitats de facilitaci\u00f3, utilitzant m\u00e8todes experiencials que<br \/>\ninclouen treball intern, treball en parelles, grups petits i en amb el grup gran.<\/p>\n<p>Aquesta formaci\u00f3 \u00e9s d&#8217;inter\u00e8s per a tots aquells que treballen amb grups en qualsevol entorn.<\/p>\n<p><strong>1.1 ON T\u00c9 LLOC EL SEMINARI?<\/strong><br \/>\nCasino La Floresta; Barcelona, \u200b\u200bFGC Parada La Floresta<\/p>\n<p><strong>1.2 ON T\u00c9 LLOC ELS TRAINING DAYS?<\/strong><br \/>\nCentre c\u00edvic Albareda, Barcelona<\/p>\n<p><strong>2.1 PREU SEMINARI: 300 \u20ac (*)<\/strong><br \/>\nPagament en fer la inscripci\u00f3 per reservar la pla\u00e7a.<br \/>\nFormaci\u00f3 bonificada Fundaci\u00f3 Tripartita, FUNDAE https:\/\/www.fundae.es\/<br \/>\nEarly Bird estudiants de L&#8217;ESCOLA fins el 8 de febrer de 2019: PREU 265 \u20ac<\/p>\n<p><strong>2.2 PREU TRAINING DAYS (NOM\u00c9S PER A ESTUDIANTS DE L&#8217;ESCOLA):<\/strong><br \/>\n1 Dia &#8211; 80 \u20ac<br \/>\n2 dies &#8211; 160 \u20ac<\/p>\n<p>(*) Preu No inclou training days NI allotjament NI \u00e0pats- SOL SEMINARI-dels 3 dies de l&#8217;1 al 3 de mar\u00e7)<br \/>\nEARLY BIRD Preu del seminari: 265 \u20ac fins el 8 de febrer de 2019 per estudiants de l&#8217;escola i pagament en fer la inscripci\u00f3.<br \/>\nDespr\u00e9s d&#8217;aquesta data i per a p\u00fablic en general el preu \u00e9s de 300 \u20ac, pagament en fer la inscripci\u00f3 per reservar la pla\u00e7a.<\/p>\n<p>Preu de dies de Training (NOM\u00c9S PER A ESTUDIANTS) segons es va comunicar el passat febrer 2018:<br \/>\n1 Dia &#8211; 80 \u20ac<br \/>\n2 Dies &#8211; 160 \u20ac<\/p>\n<p>NOTA (1): La inscripci\u00f3 NO est\u00e0 confirmada si no s&#8217;ha fet el pagament i enviat c\u00f2pia de la transfer\u00e8ncia per mail a info@trabajodeprocesos.net en el moment de realitzar la INSCRIPCI\u00d3 (Attn. Mar Ruiz)<\/p>\n<p>NOTA (2): Els pagaments dels dies d&#8217;entrenament (80 \u20ac \/ dia) cal realitzar-los amb el pagament DEL SEMINARI.<\/p>\n<p><strong>3. PAGAMENTS PER AL SEMINARI:<\/strong><\/p>\n<p>Els pagaments s\u00f3n mitjan\u00e7ant transfer\u00e8ncia banc\u00e0ria.<\/p>\n<p>CUENTA CORRIENTE CAIXA ENGINYERS (de la ESCUELA):<br \/>\nES87 3025 0011 7114 0009 4123<\/p>\n<p><strong>4. POL\u00cdTIQUES DE CANCEL\u00b7LACI\u00d3<\/strong><\/p>\n<p>Consultar pol\u00edtica de cancel\u00b7laci\u00f3<\/p>\n<p><a href=\"http:\/\/www.trabajodeprocesos.net\/politica-de-cancelacion\/\">http:\/\/www.trabajodeprocesos.net\/politica-de-cancelacion\/<\/a><\/p>\n<h2><strong><a href=\"https:\/\/goo.gl\/forms\/wQkcjvUN2ymdE7342\">INSCRIPCIONS OBERTES<\/a><\/strong><\/h2>\n<p><strong><a href=\"http:\/\/www.trabajodeprocesos.net\/wp-content\/uploads\/2018\/09\/TRABAJO-DEEP-DEMOCRACY-A5Spanish.pdf\">DESCARREGAR PDF SEMINARI<\/a><\/strong><\/p>\n<p>&nbsp;<\/p>\n","protected":false},"excerpt":{"rendered":"<p>&nbsp; INSCRIPCIONS OBERTES &nbsp; En aquests temps dif\u00edcils de la ruptura dels nostres ecosistemes, la crisi en el lideratge, la incertesa econ\u00f2mica i la manca de just\u00edcia social i \u00e8tica, \u00e9s clar que es necessita un canvi de consci\u00e8ncia i una forma diferent de relacionar-nos entre nosaltres i amb el m\u00f3n. \u00c9s un moment en [&hellip;]<\/p>\n","protected":false},"author":6,"featured_media":4501,"comment_status":"closed","ping_status":"open","sticky":false,"template":"","format":"standard","meta":{"footnotes":""},"categories":[92],"tags":[103],"class_list":["post-3268","post","type-post","status-publish","format-standard","has-post-thumbnail","hentry","category-noticies","tag-seminari"],"yoast_head":"<!-- This site is optimized with the Yoast SEO plugin v15.4 - https:\/\/yoast.com\/wordpress\/plugins\/seo\/ -->\n<title>Seminari &quot;Democr\u00e0cia Profunda. Relacions &amp; el M\u00f3n: Una formaci\u00f3 en facilitaci\u00f3&quot; (1 al 3 de mar\u00e7 de 2019) Barcelona - Trabajo de Procesos<\/title>\n<meta name=\"robots\" content=\"index, follow, max-snippet:-1, max-image-preview:large, max-video-preview:-1\" \/>\n<link rel=\"canonical\" href=\"https:\/\/www.trabajodeprocesos.net\/ca\/seminari-worldwork-y-relaciones-1-al-3-de-marc-de-2019-barcelona\/\" \/>\n<meta property=\"og:locale\" content=\"ca_ES\" \/>\n<meta property=\"og:type\" content=\"article\" \/>\n<meta property=\"og:title\" content=\"Seminari &quot;Democr\u00e0cia Profunda. Relacions &amp; el M\u00f3n: Una formaci\u00f3 en facilitaci\u00f3&quot; (1 al 3 de mar\u00e7 de 2019) Barcelona - Trabajo de Procesos\" \/>\n<meta property=\"og:description\" content=\"&nbsp; INSCRIPCIONS OBERTES &nbsp; En aquests temps dif\u00edcils de la ruptura dels nostres ecosistemes, la crisi en el lideratge, la incertesa econ\u00f2mica i la manca de just\u00edcia social i \u00e8tica, \u00e9s clar que es necessita un canvi de consci\u00e8ncia i una forma diferent de relacionar-nos entre nosaltres i amb el m\u00f3n. \u00c9s un moment en [&hellip;]\" \/>\n<meta property=\"og:url\" content=\"https:\/\/www.trabajodeprocesos.net\/ca\/seminari-worldwork-y-relaciones-1-al-3-de-marc-de-2019-barcelona\/\" \/>\n<meta property=\"og:site_name\" content=\"Trabajo de Procesos\" \/>\n<meta property=\"article:published_time\" content=\"2018-06-21T18:34:17+00:00\" \/>\n<meta property=\"article:modified_time\" content=\"2026-01-13T08:30:23+00:00\" \/>\n<meta property=\"og:image\" content=\"https:\/\/www.trabajodeprocesos.net\/wp-content\/uploads\/2018\/06\/Header.jpg\" \/>\n\t<meta property=\"og:image:width\" content=\"1222\" \/>\n\t<meta property=\"og:image:height\" content=\"786\" \/>\n<meta name=\"twitter:card\" content=\"summary_large_image\" \/>\n<meta name=\"twitter:label1\" content=\"Escrit per\">\n\t<meta name=\"twitter:data1\" content=\"Admin\">\n\t<meta name=\"twitter:label2\" content=\"Temps estimat de lectura\">\n\t<meta name=\"twitter:data2\" content=\"2 minuts\">\n<script type=\"application\/ld+json\" class=\"yoast-schema-graph\">{\"@context\":\"https:\/\/schema.org\",\"@graph\":[{\"@type\":\"WebSite\",\"@id\":\"https:\/\/www.trabajodeprocesos.net\/ca\/#website\",\"url\":\"https:\/\/www.trabajodeprocesos.net\/ca\/\",\"name\":\"Trabajo de Procesos\",\"description\":\"\",\"potentialAction\":[{\"@type\":\"SearchAction\",\"target\":\"https:\/\/www.trabajodeprocesos.net\/ca\/?s={search_term_string}\",\"query-input\":\"required name=search_term_string\"}],\"inLanguage\":\"ca\"},{\"@type\":\"ImageObject\",\"@id\":\"https:\/\/www.trabajodeprocesos.net\/ca\/seminari-worldwork-y-relaciones-1-al-3-de-marc-de-2019-barcelona\/#primaryimage\",\"inLanguage\":\"ca\",\"url\":\"https:\/\/www.trabajodeprocesos.net\/wp-content\/uploads\/2018\/06\/Header.jpg\",\"width\":1222,\"height\":786},{\"@type\":\"WebPage\",\"@id\":\"https:\/\/www.trabajodeprocesos.net\/ca\/seminari-worldwork-y-relaciones-1-al-3-de-marc-de-2019-barcelona\/#webpage\",\"url\":\"https:\/\/www.trabajodeprocesos.net\/ca\/seminari-worldwork-y-relaciones-1-al-3-de-marc-de-2019-barcelona\/\",\"name\":\"Seminari \\\"Democr\\u00e0cia Profunda. Relacions & el M\\u00f3n: Una formaci\\u00f3 en facilitaci\\u00f3\\\" (1 al 3 de mar\\u00e7 de 2019) Barcelona - Trabajo de Procesos\",\"isPartOf\":{\"@id\":\"https:\/\/www.trabajodeprocesos.net\/ca\/#website\"},\"primaryImageOfPage\":{\"@id\":\"https:\/\/www.trabajodeprocesos.net\/ca\/seminari-worldwork-y-relaciones-1-al-3-de-marc-de-2019-barcelona\/#primaryimage\"},\"datePublished\":\"2018-06-21T18:34:17+00:00\",\"dateModified\":\"2026-01-13T08:30:23+00:00\",\"author\":{\"@id\":\"https:\/\/www.trabajodeprocesos.net\/ca\/#\/schema\/person\/f94150c60776078d5e5dff2343cf5d3c\"},\"inLanguage\":\"ca\",\"potentialAction\":[{\"@type\":\"ReadAction\",\"target\":[\"https:\/\/www.trabajodeprocesos.net\/ca\/seminari-worldwork-y-relaciones-1-al-3-de-marc-de-2019-barcelona\/\"]}]},{\"@type\":\"Person\",\"@id\":\"https:\/\/www.trabajodeprocesos.net\/ca\/#\/schema\/person\/f94150c60776078d5e5dff2343cf5d3c\",\"name\":\"Admin\",\"image\":{\"@type\":\"ImageObject\",\"@id\":\"https:\/\/www.trabajodeprocesos.net\/ca\/#personlogo\",\"inLanguage\":\"ca\",\"url\":\"https:\/\/secure.gravatar.com\/avatar\/f1444f2c291341a5e91ff3d721bde7263603974dd051d1bc9f64e3a3ba862485?s=96&d=mm&r=g\",\"caption\":\"Admin\"}}]}<\/script>\n<!-- \/ Yoast SEO plugin. -->","_links":{"self":[{"href":"https:\/\/www.trabajodeprocesos.net\/ca\/wp-json\/wp\/v2\/posts\/3268","targetHints":{"allow":["GET"]}}],"collection":[{"href":"https:\/\/www.trabajodeprocesos.net\/ca\/wp-json\/wp\/v2\/posts"}],"about":[{"href":"https:\/\/www.trabajodeprocesos.net\/ca\/wp-json\/wp\/v2\/types\/post"}],"author":[{"embeddable":true,"href":"https:\/\/www.trabajodeprocesos.net\/ca\/wp-json\/wp\/v2\/users\/6"}],"replies":[{"embeddable":true,"href":"https:\/\/www.trabajodeprocesos.net\/ca\/wp-json\/wp\/v2\/comments?post=3268"}],"version-history":[{"count":1,"href":"https:\/\/www.trabajodeprocesos.net\/ca\/wp-json\/wp\/v2\/posts\/3268\/revisions"}],"predecessor-version":[{"id":23406,"href":"https:\/\/www.trabajodeprocesos.net\/ca\/wp-json\/wp\/v2\/posts\/3268\/revisions\/23406"}],"wp:featuredmedia":[{"embeddable":true,"href":"https:\/\/www.trabajodeprocesos.net\/ca\/wp-json\/wp\/v2\/media\/4501"}],"wp:attachment":[{"href":"https:\/\/www.trabajodeprocesos.net\/ca\/wp-json\/wp\/v2\/media?parent=3268"}],"wp:term":[{"taxonomy":"category","embeddable":true,"href":"https:\/\/www.trabajodeprocesos.net\/ca\/wp-json\/wp\/v2\/categories?post=3268"},{"taxonomy":"post_tag","embeddable":true,"href":"https:\/\/www.trabajodeprocesos.net\/ca\/wp-json\/wp\/v2\/tags?post=3268"}],"curies":[{"name":"wp","href":"https:\/\/api.w.org\/{rel}","templated":true}]}}