{"id":12345,"date":"2021-09-21T11:49:11","date_gmt":"2021-09-21T09:49:11","guid":{"rendered":"http:\/\/www.trabajodeprocesos.net\/?p=12345"},"modified":"2026-01-13T10:29:45","modified_gmt":"2026-01-13T08:29:45","slug":"aquesta-setmana-hem-tingut-la-primera-sessio-de-la-classe-en-linia-de-la-formacio-complementaria-que-oferim-als-estudiants-formals-de-trabajodeprocesos-questions-lgtb-en-terapia-ii-una-bruixola","status":"publish","type":"post","link":"https:\/\/www.trabajodeprocesos.net\/ca\/aquesta-setmana-hem-tingut-la-primera-sessio-de-la-classe-en-linia-de-la-formacio-complementaria-que-oferim-als-estudiants-formals-de-trabajodeprocesos-questions-lgtb-en-terapia-ii-una-bruixola\/","title":{"rendered":"Primera sessi\u00f3 en l\u00ednia de la formaci\u00f3 complement\u00e0ria per estudiants formals de Treball de Processos: &#8220;Q\u00fcestions LGTB + en ter\u00e0pia: una br\u00faixola per navegar pel pa\u00eds de la identitat de g\u00e8nere i orientaci\u00f3 sexual&#8221;"},"content":{"rendered":"\n<p><br>Va ser inspirador escoltar <strong>Alexandra Vassiliou<\/strong>, no nom\u00e9s com a professional i experta en temes LGTBIQ +, sin\u00f3 tamb\u00e9 com activistista i membre de l&#8217;equip de la nostra Escola de Treball de Processos.<\/p>\n\n\n\n<figure class=\"wp-block-image size-large\"><img loading=\"lazy\" decoding=\"async\" width=\"1024\" height=\"472\" src=\"http:\/\/www.trabajodeprocesos.net\/wp-content\/uploads\/2021\/09\/242102740_4600480486649099_1447464180027923271_n-1024x472.jpg\" alt=\"\" class=\"wp-image-12336\" srcset=\"https:\/\/www.trabajodeprocesos.net\/wp-content\/uploads\/2021\/09\/242102740_4600480486649099_1447464180027923271_n-1024x472.jpg 1024w, https:\/\/www.trabajodeprocesos.net\/wp-content\/uploads\/2021\/09\/242102740_4600480486649099_1447464180027923271_n-300x138.jpg 300w, https:\/\/www.trabajodeprocesos.net\/wp-content\/uploads\/2021\/09\/242102740_4600480486649099_1447464180027923271_n-768x354.jpg 768w, https:\/\/www.trabajodeprocesos.net\/wp-content\/uploads\/2021\/09\/242102740_4600480486649099_1447464180027923271_n-1536x708.jpg 1536w, https:\/\/www.trabajodeprocesos.net\/wp-content\/uploads\/2021\/09\/242102740_4600480486649099_1447464180027923271_n.jpg 2000w\" sizes=\"auto, (max-width: 1024px) 100vw, 1024px\" \/><\/figure>\n\n\n\n<p>Poder accedir a aquestes formacions complement\u00e0ries de la nostra formaci\u00f3, amb temes de l&#8217;m\u00f3n, crec que ens aporta m\u00e9s amplitud a la nostra mirada cap a la diversitat.<\/p>\n\n\n\n<p>Alexandra ens va conduir a trav\u00e9s del m\u00f3n de les paraules i la seva import\u00e0ncia, perqu\u00e8 anomenar \u00e9s important i visibilitzar imprescindible. Ens vam quedar amb dues coses que ens va dir cap al final per a aquelles professionals que ens dediquem a l&#8217;\u00e0mbit social de l&#8217;m\u00f3n de la psicologia, ter\u00e0pia, counseling, coaching, treballadores socials, educadores: -est\u00e0 b\u00e9 no saber.-la orientaci\u00f3 sexual i la identitat de g\u00e8nere \u00e9s una experi\u00e8ncia personal. Escoltem.<\/p>\n\n\n\n<figure class=\"wp-block-image size-large\"><img loading=\"lazy\" decoding=\"async\" width=\"1024\" height=\"477\" src=\"http:\/\/www.trabajodeprocesos.net\/wp-content\/uploads\/2021\/09\/242225648_4600480369982444_2485160301212602195_n-1024x477.jpg\" alt=\"\" class=\"wp-image-12339\" srcset=\"https:\/\/www.trabajodeprocesos.net\/wp-content\/uploads\/2021\/09\/242225648_4600480369982444_2485160301212602195_n-1024x477.jpg 1024w, https:\/\/www.trabajodeprocesos.net\/wp-content\/uploads\/2021\/09\/242225648_4600480369982444_2485160301212602195_n-300x140.jpg 300w, https:\/\/www.trabajodeprocesos.net\/wp-content\/uploads\/2021\/09\/242225648_4600480369982444_2485160301212602195_n-768x358.jpg 768w, https:\/\/www.trabajodeprocesos.net\/wp-content\/uploads\/2021\/09\/242225648_4600480369982444_2485160301212602195_n-1536x715.jpg 1536w, https:\/\/www.trabajodeprocesos.net\/wp-content\/uploads\/2021\/09\/242225648_4600480369982444_2485160301212602195_n.jpg 1894w\" sizes=\"auto, (max-width: 1024px) 100vw, 1024px\" \/><\/figure>\n\n\n\n<blockquote class=\"wp-block-quote is-layout-flow wp-block-quote-is-layout-flow\"><p>Gr\u00e0cies Alexandra, gr\u00e0cies comunitat de #trabajodeprocesos i a l&#8217;Escola per portar-nos la possibilitat de saber molt m\u00e9s sobre els temes del m\u00f3n.<\/p><\/blockquote>\n\n\n\n<p><\/p>\n","protected":false},"excerpt":{"rendered":"<p>Va ser inspirador escoltar Alexandra Vassiliou, no nom\u00e9s com a professional i experta en temes LGTBIQ +, sin\u00f3 tamb\u00e9 com activistista i membre de l&#8217;equip de la nostra Escola de Treball de Processos. Poder accedir a aquestes formacions complement\u00e0ries de la nostra formaci\u00f3, amb temes de l&#8217;m\u00f3n, crec que ens aporta m\u00e9s amplitud a la [&hellip;]<\/p>\n","protected":false},"author":6,"featured_media":12332,"comment_status":"closed","ping_status":"closed","sticky":false,"template":"","format":"standard","meta":{"footnotes":""},"categories":[4],"tags":[],"class_list":["post-12345","post","type-post","status-publish","format-standard","has-post-thumbnail","hentry","category-sense-categoria"],"yoast_head":"<!-- This site is optimized with the Yoast SEO plugin v15.4 - https:\/\/yoast.com\/wordpress\/plugins\/seo\/ -->\n<title>Primera sessi\u00f3 en l\u00ednia de la formaci\u00f3 complement\u00e0ria per estudiants formals de Treball de Processos: &quot;Q\u00fcestions LGTB + en ter\u00e0pia: una br\u00faixola per navegar pel pa\u00eds de la identitat de g\u00e8nere i orientaci\u00f3 sexual&quot; - Trabajo de Procesos<\/title>\n<meta name=\"robots\" content=\"index, follow, max-snippet:-1, max-image-preview:large, max-video-preview:-1\" \/>\n<link rel=\"canonical\" href=\"https:\/\/www.trabajodeprocesos.net\/ca\/aquesta-setmana-hem-tingut-la-primera-sessio-de-la-classe-en-linia-de-la-formacio-complementaria-que-oferim-als-estudiants-formals-de-trabajodeprocesos-questions-lgtb-en-terapia-ii-una-bruixola\/\" \/>\n<meta property=\"og:locale\" content=\"ca_ES\" \/>\n<meta property=\"og:type\" content=\"article\" \/>\n<meta property=\"og:title\" content=\"Primera sessi\u00f3 en l\u00ednia de la formaci\u00f3 complement\u00e0ria per estudiants formals de Treball de Processos: &quot;Q\u00fcestions LGTB + en ter\u00e0pia: una br\u00faixola per navegar pel pa\u00eds de la identitat de g\u00e8nere i orientaci\u00f3 sexual&quot; - Trabajo de Procesos\" \/>\n<meta property=\"og:description\" content=\"Va ser inspirador escoltar Alexandra Vassiliou, no nom\u00e9s com a professional i experta en temes LGTBIQ +, sin\u00f3 tamb\u00e9 com activistista i membre de l&#8217;equip de la nostra Escola de Treball de Processos. Poder accedir a aquestes formacions complement\u00e0ries de la nostra formaci\u00f3, amb temes de l&#8217;m\u00f3n, crec que ens aporta m\u00e9s amplitud a la [&hellip;]\" \/>\n<meta property=\"og:url\" content=\"https:\/\/www.trabajodeprocesos.net\/ca\/aquesta-setmana-hem-tingut-la-primera-sessio-de-la-classe-en-linia-de-la-formacio-complementaria-que-oferim-als-estudiants-formals-de-trabajodeprocesos-questions-lgtb-en-terapia-ii-una-bruixola\/\" \/>\n<meta property=\"og:site_name\" content=\"Trabajo de Procesos\" \/>\n<meta property=\"article:published_time\" content=\"2021-09-21T09:49:11+00:00\" \/>\n<meta property=\"article:modified_time\" content=\"2026-01-13T08:29:45+00:00\" \/>\n<meta property=\"og:image\" content=\"https:\/\/www.trabajodeprocesos.net\/wp-content\/uploads\/2021\/09\/241826704_4600480493315765_9155086557532988971_n.jpg\" \/>\n\t<meta property=\"og:image:width\" content=\"2000\" \/>\n\t<meta property=\"og:image:height\" content=\"922\" \/>\n<meta name=\"twitter:card\" content=\"summary_large_image\" \/>\n<meta name=\"twitter:label1\" content=\"Escrit per\">\n\t<meta name=\"twitter:data1\" content=\"Admin\">\n\t<meta name=\"twitter:label2\" content=\"Temps estimat de lectura\">\n\t<meta name=\"twitter:data2\" content=\"1 minut\">\n<script type=\"application\/ld+json\" class=\"yoast-schema-graph\">{\"@context\":\"https:\/\/schema.org\",\"@graph\":[{\"@type\":\"WebSite\",\"@id\":\"https:\/\/www.trabajodeprocesos.net\/ca\/#website\",\"url\":\"https:\/\/www.trabajodeprocesos.net\/ca\/\",\"name\":\"Trabajo de Procesos\",\"description\":\"\",\"potentialAction\":[{\"@type\":\"SearchAction\",\"target\":\"https:\/\/www.trabajodeprocesos.net\/ca\/?s={search_term_string}\",\"query-input\":\"required name=search_term_string\"}],\"inLanguage\":\"ca\"},{\"@type\":\"ImageObject\",\"@id\":\"https:\/\/www.trabajodeprocesos.net\/ca\/aquesta-setmana-hem-tingut-la-primera-sessio-de-la-classe-en-linia-de-la-formacio-complementaria-que-oferim-als-estudiants-formals-de-trabajodeprocesos-questions-lgtb-en-terapia-ii-una-bruixola\/#primaryimage\",\"inLanguage\":\"ca\",\"url\":\"https:\/\/www.trabajodeprocesos.net\/wp-content\/uploads\/2021\/09\/241826704_4600480493315765_9155086557532988971_n.jpg\",\"width\":2000,\"height\":922},{\"@type\":\"WebPage\",\"@id\":\"https:\/\/www.trabajodeprocesos.net\/ca\/aquesta-setmana-hem-tingut-la-primera-sessio-de-la-classe-en-linia-de-la-formacio-complementaria-que-oferim-als-estudiants-formals-de-trabajodeprocesos-questions-lgtb-en-terapia-ii-una-bruixola\/#webpage\",\"url\":\"https:\/\/www.trabajodeprocesos.net\/ca\/aquesta-setmana-hem-tingut-la-primera-sessio-de-la-classe-en-linia-de-la-formacio-complementaria-que-oferim-als-estudiants-formals-de-trabajodeprocesos-questions-lgtb-en-terapia-ii-una-bruixola\/\",\"name\":\"Primera sessi\\u00f3 en l\\u00ednia de la formaci\\u00f3 complement\\u00e0ria per estudiants formals de Treball de Processos: \\\"Q\\u00fcestions LGTB + en ter\\u00e0pia: una br\\u00faixola per navegar pel pa\\u00eds de la identitat de g\\u00e8nere i orientaci\\u00f3 sexual\\\" - Trabajo de Procesos\",\"isPartOf\":{\"@id\":\"https:\/\/www.trabajodeprocesos.net\/ca\/#website\"},\"primaryImageOfPage\":{\"@id\":\"https:\/\/www.trabajodeprocesos.net\/ca\/aquesta-setmana-hem-tingut-la-primera-sessio-de-la-classe-en-linia-de-la-formacio-complementaria-que-oferim-als-estudiants-formals-de-trabajodeprocesos-questions-lgtb-en-terapia-ii-una-bruixola\/#primaryimage\"},\"datePublished\":\"2021-09-21T09:49:11+00:00\",\"dateModified\":\"2026-01-13T08:29:45+00:00\",\"author\":{\"@id\":\"https:\/\/www.trabajodeprocesos.net\/ca\/#\/schema\/person\/f94150c60776078d5e5dff2343cf5d3c\"},\"inLanguage\":\"ca\",\"potentialAction\":[{\"@type\":\"ReadAction\",\"target\":[\"https:\/\/www.trabajodeprocesos.net\/ca\/aquesta-setmana-hem-tingut-la-primera-sessio-de-la-classe-en-linia-de-la-formacio-complementaria-que-oferim-als-estudiants-formals-de-trabajodeprocesos-questions-lgtb-en-terapia-ii-una-bruixola\/\"]}]},{\"@type\":\"Person\",\"@id\":\"https:\/\/www.trabajodeprocesos.net\/ca\/#\/schema\/person\/f94150c60776078d5e5dff2343cf5d3c\",\"name\":\"Admin\",\"image\":{\"@type\":\"ImageObject\",\"@id\":\"https:\/\/www.trabajodeprocesos.net\/ca\/#personlogo\",\"inLanguage\":\"ca\",\"url\":\"https:\/\/secure.gravatar.com\/avatar\/f1444f2c291341a5e91ff3d721bde7263603974dd051d1bc9f64e3a3ba862485?s=96&d=mm&r=g\",\"caption\":\"Admin\"}}]}<\/script>\n<!-- \/ Yoast SEO plugin. -->","_links":{"self":[{"href":"https:\/\/www.trabajodeprocesos.net\/ca\/wp-json\/wp\/v2\/posts\/12345","targetHints":{"allow":["GET"]}}],"collection":[{"href":"https:\/\/www.trabajodeprocesos.net\/ca\/wp-json\/wp\/v2\/posts"}],"about":[{"href":"https:\/\/www.trabajodeprocesos.net\/ca\/wp-json\/wp\/v2\/types\/post"}],"author":[{"embeddable":true,"href":"https:\/\/www.trabajodeprocesos.net\/ca\/wp-json\/wp\/v2\/users\/6"}],"replies":[{"embeddable":true,"href":"https:\/\/www.trabajodeprocesos.net\/ca\/wp-json\/wp\/v2\/comments?post=12345"}],"version-history":[{"count":4,"href":"https:\/\/www.trabajodeprocesos.net\/ca\/wp-json\/wp\/v2\/posts\/12345\/revisions"}],"predecessor-version":[{"id":12625,"href":"https:\/\/www.trabajodeprocesos.net\/ca\/wp-json\/wp\/v2\/posts\/12345\/revisions\/12625"}],"wp:featuredmedia":[{"embeddable":true,"href":"https:\/\/www.trabajodeprocesos.net\/ca\/wp-json\/wp\/v2\/media\/12332"}],"wp:attachment":[{"href":"https:\/\/www.trabajodeprocesos.net\/ca\/wp-json\/wp\/v2\/media?parent=12345"}],"wp:term":[{"taxonomy":"category","embeddable":true,"href":"https:\/\/www.trabajodeprocesos.net\/ca\/wp-json\/wp\/v2\/categories?post=12345"},{"taxonomy":"post_tag","embeddable":true,"href":"https:\/\/www.trabajodeprocesos.net\/ca\/wp-json\/wp\/v2\/tags?post=12345"}],"curies":[{"name":"wp","href":"https:\/\/api.w.org\/{rel}","templated":true}]}}